{"id":118812,"date":"2025-09-16T13:23:08","date_gmt":"2025-09-16T13:23:08","guid":{"rendered":"https:\/\/www.europesays.com\/es\/118812\/"},"modified":"2025-09-16T13:23:08","modified_gmt":"2025-09-16T13:23:08","slug":"djokovic-testigo-en-el-triunfo-de-fonseca-ante-tsitsipas-espero-que-lo-disfrutase","status":"publish","type":"post","link":"https:\/\/www.europesays.com\/es\/118812\/","title":{"rendered":"Djokovic, testigo en el triunfo de Fonseca ante Tsitsipas: \u201cEspero que lo disfrutase\u201d"},"content":{"rendered":"<p class=\"\"><b>Jo\u00e3o Fonseca se ha convertido en h\u00e9roe para Brasil <\/b>despu\u00e9s de ganar a Stefanos Tsitsipas darle el punto decisivo a su pa\u00eds en la eliminatoria de Copa Davis entre el pa\u00eds brasile\u00f1o y Grecia para imponerse por 3-1 y ascender de esta forma a las eliminatorias de playoffs para pelear por la Ensaladera en 2026.<\/p>\n<p class=\"\"><b>Un Fonseca que supo sufrir ante un Tsitsipas que no logr\u00f3 cerrar el partido cuando mandaba por 3-5 <\/b>en el tercer y decisivo set y que acab\u00f3 cediendo su partido por 6-4, 3-6 y 7-5.<\/p>\n<p class=\"\">El brasile\u00f1o tuvo un espectador de lujo en su victoria ante Tsitsipas ya que <b>el serbio Novak Djokovic, que en la actualidad se encuentra viviendo en Grecia <\/b>tras la campa\u00f1a de desprestigio del gobierno serbio contra \u00e9l por apoyar las protestas de los estudiantes, no dud\u00f3 en acudir al Centro Ol\u00edmpico de Atenas para presenciar el partido.<\/p>\n<p>Noticias relacionadas<\/p>\n<p class=\"\">En la rueda de prensa posterior al partido, a Fonseca le preguntaron por si se percat\u00f3 de la presencia durante el encuentro, algo que el griego confirm\u00f3 con mucha ilusi\u00f3n. <b>\u201cEscuch\u00e9 que ven\u00eda al partido y le vi llegar justo cuando \u00edbamos a empezar. Ha sido un honor jugar delante de \u00e9l, espero que lo disfrutase\u201d.<\/b><\/p>\n<p class=\"\"><b>\u00a1Tus opiniones importan!<\/b> Comenta en los art\u00edculos y suscr\u00edbete gratis a nuestra <a href=\"https:\/\/asfan.as.com\/newsletters\/\" target=\"_blank\" rel=\"nofollow noopener\" title=\"https:\/\/asfan.as.com\/newsletters\/\">newsletter<\/a> y a las alertas informativas en la <a href=\"https:\/\/as.com\/aplicacion-de-as-n\/\" target=\"_blank\" rel=\"nofollow noopener\" title=\"https:\/\/as.com\/aplicacion-de-as-n\/\">App<\/a> o el canal de <a href=\"https:\/\/www.whatsapp.com\/channel\/0029VaAasdA7j6g745nz9M10\" target=\"_blank\" rel=\"nofollow noopener\" title=\"https:\/\/www.whatsapp.com\/channel\/0029VaAasdA7j6g745nz9M10\">WhatsApp<\/a>. \u00bfBuscas licenciar contenido? Haz clic <a href=\"https:\/\/profesional.elpais.com\/soluciones-sindicacion?utm_medium=interno&amp;utm_source=crosslinking&amp;utm_campaign=sindicacion_as_pie_articulos\" target=\"_blank\" rel=\"nofollow noopener\" title=\"https:\/\/profesional.elpais.com\/soluciones-sindicacion?utm_medium=interno&amp;utm_source=crosslinking&amp;utm_campaign=sindicacion_as_pie_articulos\">aqu\u00ed<\/a><\/p>\n","protected":false},"excerpt":{"rendered":"Jo\u00e3o Fonseca se ha convertido en h\u00e9roe para Brasil despu\u00e9s de ganar a Stefanos Tsitsipas darle el punto&hellip;\n","protected":false},"author":2,"featured_media":118813,"comment_status":"","ping_status":"","sticky":false,"template":"","format":"standard","meta":{"footnotes":""},"categories":[274],"tags":[168,25,24,23,167,327,326],"class_list":{"0":"post-118812","1":"post","2":"type-post","3":"status-publish","4":"format-standard","5":"has-post-thumbnail","7":"category-tenis","8":"tag-deportes","9":"tag-es","10":"tag-espana","11":"tag-spain","12":"tag-sports","13":"tag-tenis","14":"tag-tennis"},"share_on_mastodon":{"url":"","error":""},"_links":{"self":[{"href":"https:\/\/www.europesays.com\/es\/wp-json\/wp\/v2\/posts\/118812","targetHints":{"allow":["GET"]}}],"collection":[{"href":"https:\/\/www.europesays.com\/es\/wp-json\/wp\/v2\/posts"}],"about":[{"href":"https:\/\/www.europesays.com\/es\/wp-json\/wp\/v2\/types\/post"}],"author":[{"embeddable":true,"href":"https:\/\/www.europesays.com\/es\/wp-json\/wp\/v2\/users\/2"}],"replies":[{"embeddable":true,"href":"https:\/\/www.europesays.com\/es\/wp-json\/wp\/v2\/comments?post=118812"}],"version-history":[{"count":0,"href":"https:\/\/www.europesays.com\/es\/wp-json\/wp\/v2\/posts\/118812\/revisions"}],"wp:featuredmedia":[{"embeddable":true,"href":"https:\/\/www.europesays.com\/es\/wp-json\/wp\/v2\/media\/118813"}],"wp:attachment":[{"href":"https:\/\/www.europesays.com\/es\/wp-json\/wp\/v2\/media?parent=118812"}],"wp:term":[{"taxonomy":"category","embeddable":true,"href":"https:\/\/www.europesays.com\/es\/wp-json\/wp\/v2\/categories?post=118812"},{"taxonomy":"post_tag","embeddable":true,"href":"https:\/\/www.europesays.com\/es\/wp-json\/wp\/v2\/tags?post=118812"}],"curies":[{"name":"wp","href":"https:\/\/api.w.org\/{rel}","templated":true}]}}