{"id":118814,"date":"2025-09-16T13:24:04","date_gmt":"2025-09-16T13:24:04","guid":{"rendered":"https:\/\/www.europesays.com\/es\/118814\/"},"modified":"2025-09-16T13:24:04","modified_gmt":"2025-09-16T13:24:04","slug":"la-defensa-envenenada-de-oscar-puente-a-pedro-delgado-tras-sus-polemicos-comentarios-en-la-vuelta","status":"publish","type":"post","link":"https:\/\/www.europesays.com\/es\/118814\/","title":{"rendered":"La defensa envenenada de \u00d3scar Puente a Pedro Delgado tras sus pol\u00e9micos comentarios en la Vuelta"},"content":{"rendered":"<p class=\"v-mdl-ath__p v-mdl-ath__p--6\">\nMartes, 16 de septiembre 2025, 12:05<\/p>\n<p class=\"v-p\">La reciente edici\u00f3n de la Vuelta ser\u00e1 recordada durante muchos a\u00f1os. Las protestas propalestinas han obligado a recortar etapas, incluida la \u00faltima, en Madrid en la que miles de personas invadieron el circuito final de la carrera e impidieron tanto el desarrollo de la etapa como de la ceremonia de entrega de premios, y han levantado una enorme pol\u00e9mica. Y en medio de la tormenta, Perico Delgado, comentarista de RTVE, cuyos comentarios han sido recriminados por un sector muy amplio de los espectadores. Entre ellos est\u00e1 \u00d3scar Puente, ministro de Transportes y Movilidad Sostenible, que ha respondido a trav\u00e9s de su cuenta de X de con un texto cargado de iron\u00eda.<\/p>\n<blockquote class=\"twitter-tweet\">\n<p lang=\"es\" dir=\"ltr\">En este pa\u00eds somos muy de penalizar a artistas, deportistas, famosos, etc. por expresar opiniones pol\u00edticas que no nos gustan. Para m\u00ed Pedro Delgado seguir\u00e1 siendo el ciclista que m\u00e1s me hizo vibrar en mis a\u00f1os j\u00f3venes. Y el comentarista con el que mejor duermo la siesta viendo\u2026 <a href=\"https:\/\/t.co\/IDcB38Ogij\" rel=\"nofollow\">pic.twitter.com\/IDcB38Ogij<\/a><\/p>\n<p>\u2014 Oscar Puente (@oscar_puente_) <a href=\"https:\/\/twitter.com\/oscar_puente_\/status\/1967663687549743381?ref_src=twsrc%5Etfw\" rel=\"nofollow noopener\" target=\"_blank\">September 15, 2025<\/a><\/p><\/blockquote>\n<p class=\"v-p\">Su texto comienza en tono conciliador. \u00abEn este pa\u00eds somos muy de penalizar a artistas, deportistas, famosos, etc. por expresar opiniones pol\u00edticas que no nos gustan. Para m\u00ed Pedro Delgado seguir\u00e1 siendo el ciclista que m\u00e1s me hizo vibrar en mis a\u00f1os j\u00f3venes\u00bb, admite Puente. Y acto seguido desliza la pulla: \u00abY el comentarista con el que mejor duermo la siesta viendo el Tour o la vuelta\u00bb. <\/p>\n<p class=\"v-p\">La publicaci\u00f3n acumula 5.000 &#8216;me gusta&#8217; y centenares de comentarios. Muchos censuran las apreciaciones hechas por el ex ciclista durante las retransmisiones. \u00abSe\u00f1ores, \u00bfestos que se manifiestan no son violentos? Esto son grupos antisistema que les da igual lo que est\u00e1 pasando en Gaza porque quieren violencia y bronca, no quieren proclamarse por esa paz y que el genocidio de Gaza acabe de una vez por todos y les da igual lo que pase, solo quieren violencia. Y me parece fatal que algunos partidos pol\u00edticos apoyen esta manifestaci\u00f3n pol\u00e9mica\u00bb, dijo el que fuera campe\u00f3n del Tour de Francia en 1988 durante la retransmisi\u00f3n de la \u00faltima etapa. No tuvo reparos tampoco en cargar contra el Gobierno por sus frases de apoyo a las protestas. \u00abMe parece fatal que algunos partidos pol\u00edticos apoyen esta manifestaci\u00f3n pol\u00e9mica, fomenten este odio y estas ganas de separar a los espa\u00f1oles, es lo que es indignante\u00bb.<\/p>\n<p>Comenta<\/p>\n<p>Reporta un error<\/p>\n<p><script async src=\"https:\/\/platform.twitter.com\/widgets.js\" charset=\"utf-8\"><\/script><\/p>\n","protected":false},"excerpt":{"rendered":"Martes, 16 de septiembre 2025, 12:05 La reciente edici\u00f3n de la Vuelta ser\u00e1 recordada durante muchos a\u00f1os. Las&hellip;\n","protected":false},"author":2,"featured_media":118815,"comment_status":"","ping_status":"","sticky":false,"template":"","format":"standard","meta":{"footnotes":""},"categories":[273],"tags":[313,17354,312,1616,12919,168,39470,25,24,2789,1822,15759,2497,23,167,575,1357],"class_list":{"0":"post-118814","1":"post","2":"type-post","3":"status-publish","4":"format-standard","5":"has-post-thumbnail","7":"category-ciclismo","8":"tag-ciclismo","9":"tag-comentarios","10":"tag-cycling","11":"tag-defensa","12":"tag-delgado","13":"tag-deportes","14":"tag-envenenada","15":"tag-es","16":"tag-espana","17":"tag-oscar","18":"tag-pedro","19":"tag-polemicos","20":"tag-puente","21":"tag-spain","22":"tag-sports","23":"tag-tras","24":"tag-vuelta"},"share_on_mastodon":{"url":"","error":""},"_links":{"self":[{"href":"https:\/\/www.europesays.com\/es\/wp-json\/wp\/v2\/posts\/118814","targetHints":{"allow":["GET"]}}],"collection":[{"href":"https:\/\/www.europesays.com\/es\/wp-json\/wp\/v2\/posts"}],"about":[{"href":"https:\/\/www.europesays.com\/es\/wp-json\/wp\/v2\/types\/post"}],"author":[{"embeddable":true,"href":"https:\/\/www.europesays.com\/es\/wp-json\/wp\/v2\/users\/2"}],"replies":[{"embeddable":true,"href":"https:\/\/www.europesays.com\/es\/wp-json\/wp\/v2\/comments?post=118814"}],"version-history":[{"count":0,"href":"https:\/\/www.europesays.com\/es\/wp-json\/wp\/v2\/posts\/118814\/revisions"}],"wp:featuredmedia":[{"embeddable":true,"href":"https:\/\/www.europesays.com\/es\/wp-json\/wp\/v2\/media\/118815"}],"wp:attachment":[{"href":"https:\/\/www.europesays.com\/es\/wp-json\/wp\/v2\/media?parent=118814"}],"wp:term":[{"taxonomy":"category","embeddable":true,"href":"https:\/\/www.europesays.com\/es\/wp-json\/wp\/v2\/categories?post=118814"},{"taxonomy":"post_tag","embeddable":true,"href":"https:\/\/www.europesays.com\/es\/wp-json\/wp\/v2\/tags?post=118814"}],"curies":[{"name":"wp","href":"https:\/\/api.w.org\/{rel}","templated":true}]}}