{"id":118818,"date":"2025-09-16T13:26:11","date_gmt":"2025-09-16T13:26:11","guid":{"rendered":"https:\/\/www.europesays.com\/es\/118818\/"},"modified":"2025-09-16T13:26:11","modified_gmt":"2025-09-16T13:26:11","slug":"el-valencia-basket-lucira-una-equipacion-especial-en-europa","status":"publish","type":"post","link":"https:\/\/www.europesays.com\/es\/118818\/","title":{"rendered":"El Valencia Basket lucir\u00e1 una equipaci\u00f3n especial en Europa"},"content":{"rendered":"<p class=\"ft-text\">El <a class=\"ft-link ft-link--decoration\" href=\"https:\/\/www.superdeporte.es\/valencia-basket\/\" target=\"_blank\" rel=\"nofollow noopener\"><strong>Valencia Basket<\/strong><\/a>, de la mano de hummel, <strong>ha lanzado una equipaci\u00f3n especial que los equipos profesionales lucir\u00e1n como primera equipaci\u00f3n en sus compromisos europeos<\/strong>.<\/p>\n<p class=\"ft-text\">Tras <strong>apostar por el naranja caracter\u00edstico en la primera equipaci\u00f3n nacional, el <\/strong><a class=\"ft-link ft-link--decoration\" href=\"https:\/\/www.superdeporte.es\/valencia-basket\/2025\/08\/29\/segunda-camiseta-valencia-basket-121041177.html\" target=\"_blank\" rel=\"nofollow noopener\"><strong>negro y la piel del Roig Arena en la segunda<\/strong><\/a><strong> y los colores de la arena, el mar y el cielo valenciano en la tercera<\/strong>,<strong> se recupera ahora ese naranja inicial con un matiz importante: los murci\u00e9lagos<\/strong>. Este elemento tan caracter\u00edstico en la leyenda y simbolog\u00eda de la ciudad de Valencia que tambi\u00e9n forma parte del logo oficial del club, est\u00e1 muy presente en esta nueva piel, inundando tanto la parte delantera como la trasera de la misma.<\/p>\n<p><img decoding=\"async\" src=\"https:\/\/www.europesays.com\/es\/wp-content\/uploads\/2025\/09\/8aaf08f4-0eb5-46a2-93d7-b6fdfd192010_alta-libre-aspect-ratio_default_0.jpg\" width=\"1200\" height=\"800\" alt=\"Detalle de la camista europea.\" class=\"ft-helper-img-rd\" loading=\"lazy\" hasdataaida=\"true\"\/><\/p>\n<p class=\"ft-helper-fontColor-quaternary ft-helper-fontSize-body-S ft-helper-spacer-t-xxs\">Detalle de la camiseta europea.  \/ Iv\u00e1n Terr\u00f3n<\/p>\n<p class=\"ft-text\">Como sucediera con las tres primeras equipaciones, esta <strong>versi\u00f3n europea tambi\u00e9n mantiene la novedad de poder leer el nombre del Club en la parte frontal<\/strong>. En una apuesta por expandir la marca y dotar de una mayor visibilidad a Valencia Basket, es el nombre lo que luce sobre el naranja, en lugar de Cultura del Esfuerzo como ha sido habitual las \u00faltimas temporadas, que pasa a tener presencia solo en la etiqueta. Una <a class=\"ft-link ft-link--decoration\" href=\"https:\/\/alqueriadelbasket.com\/?r=alqueria\/CulturaDelEsfuerzo&amp;idioma=cas\" rel=\"nofollow noopener\" target=\"_blank\">Cultura del Esfuerzo<\/a> que seguir\u00e1 muy presente en el d\u00eda a d\u00eda como principal lema que defina cada paso que den tanto de los equipos profesionales como de las categor\u00edas de formaci\u00f3n, que seguir\u00e1n luci\u00e9ndola en sus equipaciones.<\/p>\n<p>A la venta el 1 de octubre<\/p>\n<p class=\"ft-text\">La <strong>equipaci\u00f3n europea<\/strong> para la temporada que comienza <strong>se pondr\u00e1 a la venta el pr\u00f3ximo 1 de octubre<\/strong> en la tienda online: <a class=\"ft-link ft-link--decoration\" href=\"https:\/\/tienda.valenciabasket.com\/\" rel=\"nofollow noopener\" target=\"_blank\">https:\/\/tienda.valenciabasket.com\/ <\/a>y\u00a0la <a class=\"ft-link ft-link--decoration\" href=\"https:\/\/www.superdeporte.es\/valencia-basket\/2025\/08\/25\/ambientazo-nueva-tienda-valenciabasket-roig-arena-120923073.html\" target=\"_blank\" rel=\"nofollow noopener\">tienda f\u00edsica en el Roig Arena<\/a>.<\/p>\n<p>Consigue tu camiseta por 70\u20ac<\/p>\n<p class=\"ft-text\">El 1 de octubre quedar\u00e1n pues a la venta todas las equipaciones para la pr\u00f3xima temporada. <strong>Todos los productos de la nueva temporada cuentan con un descuento del 10% para los abonados del club<\/strong>. Por lo tanto, ya puedes adquirir tu camiseta de juego a un precio de 70 euros, desde 63 si eres abonado del Valencia Basket.<\/p>\n<p class=\"ft-text\">Camiseta juego<\/p>\n<p class=\"ft-text\">70 euros<\/p>\n<p class=\"ft-text\">63 euros<\/p>\n<p class=\"ft-text\">Pantal\u00f3n juego<\/p>\n<p class=\"ft-text\">40 euros<\/p>\n<p class=\"ft-text\">36 euros<\/p>\n<p>Los patrocinadores refuerzan su apoyo<\/p>\n<p class=\"ft-text\">Valencia Basket contar\u00e1 con la presencia de m\u00faltiples patrocinadores en distintos espacios de sus equipaciones oficiales. <strong>Pamesa, Vitaldin, Puleva, Midea y MGS Seguros que se incorpora, tendr\u00e1n presencia en la equipaci\u00f3n masculina.<\/strong> Los mismos <strong>5 patrocinadores repiten adem\u00e1s en la equipaci\u00f3n femenina, junto a Quir\u00f3nsalud <\/strong>que tambi\u00e9n mantiene su apuesta. Todo ello, como no puede ser de otra forma, adem\u00e1s de la presencia de la entidad responsable de la elaboraci\u00f3n de las equipaciones, hummel.<\/p>\n<p class=\"ft-text\">\u00a0En la <strong>camiseta de calentamiento repite apuesta Caixa Popular<\/strong>. Y a todos estos sponsors con presencia en la piel de los equipos profesionales, <strong>se unen Puleva, Pamesa y CaixaBank con presencia en las equipaciones de las categor\u00edas de formaci\u00f3n,<\/strong> <strong>sum\u00e1ndose Frigicoll en los equipos masculinos y Teika en los femeninos<\/strong>. A todas las marcas mencionadas, el Club les quiere agradecer una vez m\u00e1s su apuesta en una temporada muy ilusionante en la que espera corresponder su confianza con \u00e9xitos deportivos.<\/p>\n","protected":false},"excerpt":{"rendered":"El Valencia Basket, de la mano de hummel, ha lanzado una equipaci\u00f3n especial que los equipos profesionales lucir\u00e1n&hellip;\n","protected":false},"author":2,"featured_media":118819,"comment_status":"","ping_status":"","sticky":false,"template":"","format":"standard","meta":{"footnotes":""},"categories":[269],"tags":[299,1918,298,168,9025,15820,25,24,12608,15914,23,167,235,2916],"class_list":{"0":"post-118818","1":"post","2":"type-post","3":"status-publish","4":"format-standard","5":"has-post-thumbnail","7":"category-baloncesto","8":"tag-baloncesto","9":"tag-basket","10":"tag-basketball","11":"tag-deportes","12":"tag-en-europa","13":"tag-equipacion","14":"tag-es","15":"tag-espana","16":"tag-especial","17":"tag-lucira","18":"tag-spain","19":"tag-sports","20":"tag-valencia","21":"tag-valencia-basket"},"share_on_mastodon":{"url":"","error":""},"_links":{"self":[{"href":"https:\/\/www.europesays.com\/es\/wp-json\/wp\/v2\/posts\/118818","targetHints":{"allow":["GET"]}}],"collection":[{"href":"https:\/\/www.europesays.com\/es\/wp-json\/wp\/v2\/posts"}],"about":[{"href":"https:\/\/www.europesays.com\/es\/wp-json\/wp\/v2\/types\/post"}],"author":[{"embeddable":true,"href":"https:\/\/www.europesays.com\/es\/wp-json\/wp\/v2\/users\/2"}],"replies":[{"embeddable":true,"href":"https:\/\/www.europesays.com\/es\/wp-json\/wp\/v2\/comments?post=118818"}],"version-history":[{"count":0,"href":"https:\/\/www.europesays.com\/es\/wp-json\/wp\/v2\/posts\/118818\/revisions"}],"wp:featuredmedia":[{"embeddable":true,"href":"https:\/\/www.europesays.com\/es\/wp-json\/wp\/v2\/media\/118819"}],"wp:attachment":[{"href":"https:\/\/www.europesays.com\/es\/wp-json\/wp\/v2\/media?parent=118818"}],"wp:term":[{"taxonomy":"category","embeddable":true,"href":"https:\/\/www.europesays.com\/es\/wp-json\/wp\/v2\/categories?post=118818"},{"taxonomy":"post_tag","embeddable":true,"href":"https:\/\/www.europesays.com\/es\/wp-json\/wp\/v2\/tags?post=118818"}],"curies":[{"name":"wp","href":"https:\/\/api.w.org\/{rel}","templated":true}]}}