{"id":118824,"date":"2025-09-16T13:29:07","date_gmt":"2025-09-16T13:29:07","guid":{"rendered":"https:\/\/www.europesays.com\/es\/118824\/"},"modified":"2025-09-16T13:29:07","modified_gmt":"2025-09-16T13:29:07","slug":"las-obras-de-ampliacion-de-la-escuela-de-arte-marcan-el-inicio-del-curso-escolar","status":"publish","type":"post","link":"https:\/\/www.europesays.com\/es\/118824\/","title":{"rendered":"Las obras de ampliaci\u00f3n de la Escuela de Arte marcan el inicio del curso escolar"},"content":{"rendered":"<p>Aunque siempre hay cierta cautela al hablar de plazos y previsiones de obra p\u00fablica, el hecho de que las obras de la segunda fase de  &#8230; la <a href=\"https:\/\/www.elcomercio.es\/aviles\/adjudicada-segunda-fase-escuela-arte-millones-20250907222233-nt.html\" target=\"_blank\" data-voc-vtm-id=\"in-text-traffic\" title=\"Escuela de Arte\" data-mrf-link=\"www.elcomercio.es\" rel=\"nofollow noopener\">Escuela de Arte<\/a> en el Pol\u00edgono Empresarial del Principado de Asturias (PEPA) hayan sido adjudicadas a principios de mes llev\u00f3 ayer tanto al director de la Escuela de Arte del Principado (ESAPA) en <a href=\"https:\/\/www.elcomercio.es\/aviles\/\" target=\"_blank\" data-voc-vtm-id=\"in-text-traffic\" title=\"Avil\u00e9s\" data-mrf-link=\"www.elcomercio.es\" rel=\"nofollow noopener\">Avil\u00e9s<\/a>, C\u00e9sar Men\u00e9ndez, como a la alcaldesa, Mariv\u00ed Monteser\u00edn, a celebrar el \u00abinminente inicio\u00bb de los trabajos de la anhelada ampliaci\u00f3n que acerca en el calendario la uni\u00f3n de los estudiantes de Dise\u00f1o de Producto, que se encuentran en el Palacio de Camposagrado, con sus compa\u00f1eros de Conservaci\u00f3n y Restauraci\u00f3n de Bienes Culturales, que ya est\u00e1n all\u00ed. <\/p>\n<p class=\"v-p\">Ser\u00eda por la espera, pero a esas obras que tendr\u00e1n un plazo de ejecuci\u00f3n de catorce meses se refirieron ambos en la inauguraci\u00f3n del curso escolar en el sal\u00f3n de actos del Palacio de Camposagrado. En palabras de C\u00e9sar Men\u00e9ndez, \u00abempezamos este curso casi con m\u00e1s ilusi\u00f3n que los anteriores porque tenemos ya en marcha casi el inicio de la nueva obra, la ampliaci\u00f3n de la sede\u00bb y, en el plano acad\u00e9mico, \u00abcon motivaci\u00f3n porque tenemos ya arrancados los proyectos\u00bb. Estos, que definen las l\u00edneas estrat\u00e9gicas del centro, pasan por difundir los estudios y afianzar las iniciativas iniciadas los a\u00f1os anteriores para la conversi\u00f3n de la escuela en un centro de referencia. <\/p>\n<p class=\"v-p\">Igualmente, el director celebr\u00f3 el compromiso de la Consejer\u00eda de Educaci\u00f3n con el desarrollo de la Ley de Ense\u00f1anzas Art\u00edsticas aprobada el a\u00f1o pasado.<\/p>\n<p class=\"v-p\">C\u00e9sar Men\u00e9ndez puso en valor el significado de reunir a todo el alumnado, alrededor de unos doscientos estudiantes, en la futura sede del pol\u00edgono del PEPA. \u00abNos permitir\u00e1 compartir experiencias y conocimientos\u00bb y anim\u00f3 al alumnado a formarse como grandes profesionales, a la par que demand\u00f3 su talento y su ilusi\u00f3n porque \u00abnos ayudar\u00e1 a que nuestros objetivos se cumplan\u00bb y conseguir\u00e1 una \u00abescuela unida y muy din\u00e1mica\u00bb. \u00abSois la chispa que hace que todo esto arranque\u00bb, asegur\u00f3. <\/p>\n<p class=\"v-p\">La alcaldesa, Mariv\u00ed Monteser\u00edn, que tom\u00f3 la palabra a continuaci\u00f3n y que estuvo acompa\u00f1ada por la concejala de Cultura y Festejos, Yolanda Alonso, que tambi\u00e9n lleva las relaciones con los t\u00edtulos superiores de la Universidad, asegur\u00f3 que la construcci\u00f3n de la nueva fase de la escuela empezar\u00e1 este a\u00f1o porque la obra ha sido adjudicada hace unos d\u00edas. Valor\u00f3 su ubicaci\u00f3n, al lado del Parque Cient\u00edfico y Tecnol\u00f3gico, un \u00abentorno de gran dinamismo, que se empezar\u00e1 tambi\u00e9n a desarrollar pr\u00f3ximamente\u00bb, y de uno de los cascos hist\u00f3ricos \u00abmejor conservados de Espa\u00f1a\u00bb, y se explay\u00f3 sobre las posibilidades y las sinergias que se pueden abrir con su emplazamiento. \u00abUn entorno que repercute directamente en la formaci\u00f3n\u00bb, asegur\u00f3. <\/p>\n<p class=\"v-p\">Anim\u00f3 tambi\u00e9n a los estudiantes por haber elegido un grado de Ense\u00f1anzas Art\u00edsticas que \u00abdestaca por las expectativas profesionales, ahora s\u00ed lo podemos decir, creo que cuando empez\u00f3 la escuela todav\u00eda no pod\u00edamos vislumbrar con seguridad esto\u00bb. <\/p>\n","protected":false},"excerpt":{"rendered":"Aunque siempre hay cierta cautela al hablar de plazos y previsiones de obra p\u00fablica, el hecho de que&hellip;\n","protected":false},"author":2,"featured_media":118825,"comment_status":"","ping_status":"","sticky":false,"template":"","format":"standard","meta":{"footnotes":""},"categories":[173],"tags":[5306,229,233,231,230,3445,232,234,146,147,25,7196,9076,24,4712,1088,474,23],"class_list":{"0":"post-118824","1":"post","2":"type-post","3":"status-publish","4":"format-standard","5":"has-post-thumbnail","7":"category-arte-y-diseno","8":"tag-ampliacion","9":"tag-arte","10":"tag-arte-y-diseno","11":"tag-arts","12":"tag-arts-and-design","13":"tag-curso","14":"tag-design","15":"tag-diseno","16":"tag-entertainment","17":"tag-entretenimiento","18":"tag-es","19":"tag-escolar","20":"tag-escuela","21":"tag-espana","22":"tag-inicio","23":"tag-marcan","24":"tag-obras","25":"tag-spain"},"share_on_mastodon":{"url":"","error":""},"_links":{"self":[{"href":"https:\/\/www.europesays.com\/es\/wp-json\/wp\/v2\/posts\/118824","targetHints":{"allow":["GET"]}}],"collection":[{"href":"https:\/\/www.europesays.com\/es\/wp-json\/wp\/v2\/posts"}],"about":[{"href":"https:\/\/www.europesays.com\/es\/wp-json\/wp\/v2\/types\/post"}],"author":[{"embeddable":true,"href":"https:\/\/www.europesays.com\/es\/wp-json\/wp\/v2\/users\/2"}],"replies":[{"embeddable":true,"href":"https:\/\/www.europesays.com\/es\/wp-json\/wp\/v2\/comments?post=118824"}],"version-history":[{"count":0,"href":"https:\/\/www.europesays.com\/es\/wp-json\/wp\/v2\/posts\/118824\/revisions"}],"wp:featuredmedia":[{"embeddable":true,"href":"https:\/\/www.europesays.com\/es\/wp-json\/wp\/v2\/media\/118825"}],"wp:attachment":[{"href":"https:\/\/www.europesays.com\/es\/wp-json\/wp\/v2\/media?parent=118824"}],"wp:term":[{"taxonomy":"category","embeddable":true,"href":"https:\/\/www.europesays.com\/es\/wp-json\/wp\/v2\/categories?post=118824"},{"taxonomy":"post_tag","embeddable":true,"href":"https:\/\/www.europesays.com\/es\/wp-json\/wp\/v2\/tags?post=118824"}],"curies":[{"name":"wp","href":"https:\/\/api.w.org\/{rel}","templated":true}]}}