{"id":118826,"date":"2025-09-16T13:30:09","date_gmt":"2025-09-16T13:30:09","guid":{"rendered":"https:\/\/www.europesays.com\/es\/118826\/"},"modified":"2025-09-16T13:30:09","modified_gmt":"2025-09-16T13:30:09","slug":"se-presenta-el-libro-que-imagino-una-guerrilla-boliviana-sobre-buenos-aires","status":"publish","type":"post","link":"https:\/\/www.europesays.com\/es\/118826\/","title":{"rendered":"Se presenta el libro que imagin\u00f3 una guerrilla boliviana sobre Buenos Aires"},"content":{"rendered":"<p><img alt=\"&quot;Los d\u00edas de la zona&quot;,\" class=\"global-image\" decoding=\"async\" fetchpriority=\"high\" height=\"1080\" loading=\"eager\" src=\"https:\/\/www.europesays.com\/es\/wp-content\/uploads\/2025\/09\/QTN2LYXC2ZFJDAR2PO7EUSCCCQ.jpg\" width=\"1920\"\/>\u00abLos d\u00edas de la zona\u00bb, de Diego Rojas<\/p>\n<p class=\"paragraph\"><b>Los d\u00edas de La Zona<\/b>, la novela p\u00f3stuma de <b>Diego Rojas<\/b>, se presenta este martes en Buenos Aires. Se trata de una novela que arroja luz sobre una distop\u00eda marcada por la violencia racial y la resistencia armada en una <b>Argentina<\/b> gobernada por la ultraderecha. <\/p>\n<p><a class=\"bajalibros-card\" href=\"http:\/\/bajalibros.com\/?externalId=9789876708937\" rel=\"noopener noreferrer nofollow\" target=\"_blank\"><img decoding=\"async\" class=\"bajalibros-card-book-img\" src=\"https:\/\/www.europesays.com\/es\/wp-content\/uploads\/2025\/09\/aaffb605-443f-4460-bad8-1c148b7a6638_cover.jpg\" alt=\"book img\"\/><\/p>\n<p class=\"bajalibros-card-book-info-title\">Los d\u00edas de la zona<\/p>\n<p class=\"bajalibros-card-book-info-author\">Por Diego Rojas<\/p>\n<p class=\"bajalibros-card-book-type\">eBook<\/p>\n<p><\/a><\/p>\n<p class=\"paragraph\">El autor, reconocido por su labor period\u00edstica y su mirada pol\u00edtica, entreg\u00f3 el manuscrito mientras permanec\u00eda hospitalizado debido a complicaciones derivadas de un trasplante de ri\u00f1\u00f3n. Falleci\u00f3 el 13 de mayo del a\u00f1o pasado.<\/p>\n<p class=\"paragraph\">Publicada por Tusquets, la novela se presenta a las 18.30 en la librer\u00eda Dain, Nicaragua 4899. Estar\u00e1n presentes, en conversaci\u00f3n,<b> Elsa Drucaroff, Olga Viglieca, Claudia Pi\u00f1eiro y Mart\u00edn Sivak<\/b>.<\/p>\n<p><img alt=\"El periodista Diego Rojas\" class=\"global-image\" decoding=\"async\" fetchpriority=\"low\" height=\"853\" loading=\"lazy\" src=\"https:\/\/www.europesays.com\/es\/wp-content\/uploads\/2025\/09\/ZAB6MVTGLNFOBAROZZQ6MIUPTU.jpg\" width=\"1280\"\/>El periodista Diego Rojas<\/p>\n<p class=\"paragraph\">En esta obra, Rojas imagina un pa\u00eds sometido a una \u201cdesbolivianizaci\u00f3n\u201d, pol\u00edtica de exclusi\u00f3n que sit\u00faa a la comunidad boliviana en el centro de la persecuci\u00f3n. El relato se desarrolla en un gueto donde los bolivianos organizan una resistencia feroz. <\/p>\n<p class=\"paragraph\">Entre los protagonistas de esta lucha destacan las \u201ccholas\u201d, mujeres que portan con orgullo el sombrero y la pollera, s\u00edmbolos tradicionales de la cultura boliviana, y que se convierten en combatientes emblem\u00e1ticas de la revuelta.<\/p>\n<p class=\"paragraph\">La trayectoria de <b>Diego Rojas<\/b>, quien muri\u00f3 a la temprana edad de 47 a\u00f1os, abarca tanto el periodismo como la literatura. Su formaci\u00f3n en Letras y su militancia trotskista se entrelazaron con una vida dedicada a la investigaci\u00f3n y la denuncia. <\/p>\n<p><img alt=\"Diego Rojas (cr\u00e9dito: Fundaci\u00f3n Proa)\" class=\"global-image\" decoding=\"async\" fetchpriority=\"low\" height=\"1125\" loading=\"lazy\" src=\"https:\/\/www.europesays.com\/es\/wp-content\/uploads\/2025\/09\/CF5GB6VFDFBKBAVS3JB63BDYMQ.jpg\" width=\"1920\"\/>Diego Rojas (cr\u00e9dito: Fundaci\u00f3n Proa)<\/p>\n<p class=\"paragraph\">Uno de sus logros m\u00e1s recordados fue la entrevista que result\u00f3 clave para la condena del sindicalista <b>Jos\u00e9 Pedraza<\/b> en la causa por el asesinato de <b>Mariano Ferreyra<\/b>. El libro se titul\u00f3 <b>\u00bfQui\u00e9n mat\u00f3 a Mariano Ferreyra?<\/b> y fue llevado a cine en 2013.<\/p>\n<p class=\"paragraph\">Hijo de una familia boliviana de clase media alta, <b>Rojas<\/b> supo conjugar la iron\u00eda, la autocr\u00edtica y una pasi\u00f3n por el cine y la literatura en su obra, elementos que confluyen en <b>Los d\u00edas de La Zona<\/b>, pero que tambi\u00e9n se ven en su obra period\u00edstica.<\/p>\n<p class=\"paragraph\">* \u201cLos d\u00edas de La Zona\u201d se presentar\u00e1 el martes 16 de septiembre a las 18:30 en Dain Usina Cultural, ubicada en Nicaragua 4899, CABA. Participar\u00e1n Elsa Drucaroff, Olga Viglieca, Claudia Pi\u00f1eiro y Mart\u00edn Sivak.<\/p>\n","protected":false},"excerpt":{"rendered":"\u00abLos d\u00edas de la zona\u00bb, de Diego Rojas Los d\u00edas de La Zona, la novela p\u00f3stuma de Diego&hellip;\n","protected":false},"author":2,"featured_media":118827,"comment_status":"","ping_status":"","sticky":false,"template":"","format":"standard","meta":{"footnotes":""},"categories":[172],"tags":[224,146,147,25,24,225,23],"class_list":{"0":"post-118826","1":"post","2":"type-post","3":"status-publish","4":"format-standard","5":"has-post-thumbnail","7":"category-libros","8":"tag-books","9":"tag-entertainment","10":"tag-entretenimiento","11":"tag-es","12":"tag-espana","13":"tag-libros","14":"tag-spain"},"share_on_mastodon":{"url":"","error":""},"_links":{"self":[{"href":"https:\/\/www.europesays.com\/es\/wp-json\/wp\/v2\/posts\/118826","targetHints":{"allow":["GET"]}}],"collection":[{"href":"https:\/\/www.europesays.com\/es\/wp-json\/wp\/v2\/posts"}],"about":[{"href":"https:\/\/www.europesays.com\/es\/wp-json\/wp\/v2\/types\/post"}],"author":[{"embeddable":true,"href":"https:\/\/www.europesays.com\/es\/wp-json\/wp\/v2\/users\/2"}],"replies":[{"embeddable":true,"href":"https:\/\/www.europesays.com\/es\/wp-json\/wp\/v2\/comments?post=118826"}],"version-history":[{"count":0,"href":"https:\/\/www.europesays.com\/es\/wp-json\/wp\/v2\/posts\/118826\/revisions"}],"wp:featuredmedia":[{"embeddable":true,"href":"https:\/\/www.europesays.com\/es\/wp-json\/wp\/v2\/media\/118827"}],"wp:attachment":[{"href":"https:\/\/www.europesays.com\/es\/wp-json\/wp\/v2\/media?parent=118826"}],"wp:term":[{"taxonomy":"category","embeddable":true,"href":"https:\/\/www.europesays.com\/es\/wp-json\/wp\/v2\/categories?post=118826"},{"taxonomy":"post_tag","embeddable":true,"href":"https:\/\/www.europesays.com\/es\/wp-json\/wp\/v2\/tags?post=118826"}],"curies":[{"name":"wp","href":"https:\/\/api.w.org\/{rel}","templated":true}]}}