{"id":118828,"date":"2025-09-16T13:31:13","date_gmt":"2025-09-16T13:31:13","guid":{"rendered":"https:\/\/www.europesays.com\/es\/118828\/"},"modified":"2025-09-16T13:31:13","modified_gmt":"2025-09-16T13:31:13","slug":"presunto-culpable-del-creador-de-la-promesa-triunfa-en-netflix-7-anos-despues-de-su-estreno","status":"publish","type":"post","link":"https:\/\/www.europesays.com\/es\/118828\/","title":{"rendered":"&#8216;Presunto culpable&#8217;, del creador de &#8216;La Promesa&#8217;, triunfa en Netflix 7 a\u00f1os despu\u00e9s de su estreno"},"content":{"rendered":"<p data-journey-content=\"true\" data-node-id=\"3\" class=\"css-i9p093 emevuu60\">No es la primera vez que pasa, pero no por ello deja de sorprender. Si hace unos d\u00edas destac\u00e1bamos que <a href=\"https:\/\/www.diezminutos.es\/telenovela\/espanolas\/a66038244\/valle-salvaje-netflix-capitulos-exito-tve\/\" target=\"_blank\" data-vars-ga-outbound-link=\"https:\/\/www.diezminutos.es\/telenovela\/espanolas\/a66038244\/valle-salvaje-netflix-capitulos-exito-tve\/\" data-vars-ga-ux-element=\"Hyperlink\" data-vars-ga-call-to-action=\"&#039;Valle Salvaje&#039; se hab\u00eda convertido en una de las series m\u00e1s vistas de Netflix\" data-node-id=\"3.1\" class=\"body-link css-177bzfx emevuu60\" rel=\"nofollow noopener\">&#8216;Valle Salvaje&#8217; se hab\u00eda convertido en una de las series m\u00e1s vistas de Netflix<\/a> casi un a\u00f1o despu\u00e9s de su estreno, ahora hay una nueva serie de Antena 3 que al llegar a Netflix est\u00e1 en el top 3 de las m\u00e1s vistas en Espa\u00f1a, solo superada por <a href=\"https:\/\/www.diezminutos.es\/teleprograma\/series-tv\/a65610954\/miercoles-temporada-2-critica-reparto-capitulos-estreno-serie-netflix\/\" target=\"_blank\" data-vars-ga-outbound-link=\"https:\/\/www.diezminutos.es\/teleprograma\/series-tv\/a65610954\/miercoles-temporada-2-critica-reparto-capitulos-estreno-serie-netflix\/\" data-vars-ga-ux-element=\"Hyperlink\" data-vars-ga-call-to-action=\"la temporada 2 de &#039;Mi\u00e9rcoles&#039;\" data-node-id=\"3.3\" class=\"body-link css-177bzfx emevuu60\" rel=\"nofollow noopener\">la temporada 2 de &#8216;Mi\u00e9rcoles&#8217;<\/a> y por &#8216;<a href=\"https:\/\/www.diezminutos.es\/teleprograma\/series-tv\/a60543125\/dos-tumbas-serie-carmen-mola-netflix-reparto-la-casa-de-papel\/\" target=\"_blank\" data-vars-ga-outbound-link=\"https:\/\/www.diezminutos.es\/teleprograma\/series-tv\/a60543125\/dos-tumbas-serie-carmen-mola-netflix-reparto-la-casa-de-papel\/\" data-vars-ga-ux-element=\"Hyperlink\" data-vars-ga-call-to-action=\"Dos tumbas\" data-node-id=\"3.5\" class=\"body-link css-177bzfx emevuu60\" rel=\"nofollow noopener\">Dos tumbas<\/a>&#8216;, la serie escrita por Carmen Mola. En otros casos, como ocurri\u00f3 con &#8216;<a href=\"https:\/\/www.diezminutos.es\/teleprograma\/series-tv\/a38421904\/la-casa-de-papel-temporada-6-netflix-final\/\" target=\"_blank\" data-vars-ga-outbound-link=\"https:\/\/www.diezminutos.es\/teleprograma\/series-tv\/a38421904\/la-casa-de-papel-temporada-6-netflix-final\/\" data-vars-ga-ux-element=\"Hyperlink\" data-vars-ga-call-to-action=\"La Casa de papel\" data-node-id=\"3.7\" class=\"body-link css-177bzfx emevuu60\" rel=\"nofollow noopener\">La Casa de papel<\/a>&#8216; o con otras series de Atresmedia como &#8216;<a href=\"https:\/\/www.diezminutos.es\/telenovela\/espanolas\/a65298549\/angela-serie-veronica-sanchez-antena-3-netflix\/\" target=\"_blank\" data-vars-ga-outbound-link=\"https:\/\/www.diezminutos.es\/telenovela\/espanolas\/a65298549\/angela-serie-veronica-sanchez-antena-3-netflix\/\" data-vars-ga-ux-element=\"Hyperlink\" data-vars-ga-call-to-action=\"\u00c1ngela\" data-node-id=\"3.9\" class=\"body-link css-177bzfx emevuu60\" rel=\"nofollow noopener\">\u00c1ngela<\/a>&#8216; de Ver\u00f3nica S\u00e1nchez, el tiempo entre su emisi\u00f3n en abierto y su llegada a la plataforma era m\u00e1s cercano, pero esta vez, estamos hablando de <strong data-node-id=\"3.11\">un lapso de tiempo de 7 a\u00f1os<\/strong>, lo que hace a\u00fan m\u00e1s especial este caso.<\/p>\n<p><img draggable=\"true\" alt=\"presunto culpable serie\" title=\"presunto culpable\" loading=\"lazy\" width=\"3000\" height=\"2000\" decoding=\"async\" data-nimg=\"1\" style=\"color:transparent;width:100%;height:auto;\"   src=\"https:\/\/www.europesays.com\/es\/wp-content\/uploads\/2025\/09\/jon-miguel-angel-munoz-2-copia-68c93e9146b9a.jpg\" class=\"css-0 e1g79fud0\"\/><\/p>\n<p>Roberto Garver \/ A3<\/p>\n<p data-journey-content=\"true\" data-node-id=\"7\" class=\"css-i9p093 emevuu60\">Estamos hablando de &#8216;<a href=\"https:\/\/www.diezminutos.es\/teleprograma\/programacion-tv\/a1994496\/presunto-culpable-antena-3-estreno-nueva-serie-sinopsis-miguel-angel-munoz\/\" target=\"_blank\" data-vars-ga-outbound-link=\"https:\/\/www.diezminutos.es\/teleprograma\/programacion-tv\/a1994496\/presunto-culpable-antena-3-estreno-nueva-serie-sinopsis-miguel-angel-munoz\/\" data-vars-ga-ux-element=\"Hyperlink\" data-vars-ga-call-to-action=\"Presunto culpable\" data-node-id=\"7.1\" class=\"body-link css-177bzfx emevuu60\" rel=\"nofollow noopener\">Presunto culpable<\/a>&#8216;. Consta de una sola temporada de 13 episodios de 75 minutos cada uno. <strong data-node-id=\"7.3\">Se estren\u00f3 el 18 de septiembre de 2018<\/strong> en el prime time de Antena 3, donde tuvo una acogida notable aunque no alcanz\u00f3 cifras arrolladoras. Sin embargo, el paso del tiempo y su incorporaci\u00f3n al cat\u00e1logo de Netflix han servido para que una nueva generaci\u00f3n de espectadores descubra a esta serie del creador de &#8216;<a href=\"https:\/\/www.diezminutos.es\/telenovela-la-promesa\/\" target=\"_blank\" data-vars-ga-outbound-link=\"https:\/\/www.diezminutos.es\/telenovela-la-promesa\/\" data-vars-ga-ux-element=\"Hyperlink\" data-vars-ga-call-to-action=\"La Promesa\" data-node-id=\"7.5\" class=\"body-link css-177bzfx emevuu60\" rel=\"nofollow noopener\">La Promesa<\/a>&#8216; y la convierta en fen\u00f3meno tard\u00edo.<\/p>\n<p>Las claves del \u00e9xito de &#8216;Presunto culpable&#8217; en Netflix<img draggable=\"true\" alt=\"presunto culpable serie\" title=\"presunto culpable serie\" loading=\"lazy\" width=\"4998\" height=\"2811\" decoding=\"async\" data-nimg=\"1\" style=\"color:transparent;width:100%;height:auto;\"   src=\"https:\/\/www.europesays.com\/es\/wp-content\/uploads\/2025\/09\/presunto-culpable-reparto-68c93ec10aa22.jpg\" class=\"css-0 e1g79fud0\"\/><\/p>\n<p>Captura TV<\/p>\n<p data-journey-content=\"true\" data-node-id=\"11\" class=\"css-i9p093 emevuu60\">La trama nos traslada a <strong data-node-id=\"11.1\">un peque\u00f1o pueblo pesquero del Pa\u00eds Vasco<\/strong>. All\u00ed regresa Jon Ar\u00edstegui (<strong data-node-id=\"11.3\">Miguel \u00c1ngel Mu\u00f1oz<\/strong>), un investigador que vive en Par\u00eds y que vuelve para enfrentarse al pasado: la desaparici\u00f3n de su novia Anne (<strong data-node-id=\"11.5\">Alejandra Onieva<\/strong>), un misterio sin resolver que sacudi\u00f3 su vida y la de toda la comunidad seis a\u00f1os atr\u00e1s. Entre secretos, sospechas y viejas heridas familiares, Jon deber\u00e1 demostrar su inocencia en un entorno que lo sigue mirando como el principal sospechoso.<\/p>\n<p><img draggable=\"true\" alt=\"presunto culpable serie\" title=\"presunto culpable serie\" loading=\"lazy\" width=\"4770\" height=\"3180\" decoding=\"async\" data-nimg=\"1\" style=\"color:transparent;width:100%;height:auto;\"   src=\"https:\/\/www.europesays.com\/es\/wp-content\/uploads\/2025\/09\/presunto-culpable-netflix-68c93ef7b5d87.jpg\" class=\"css-0 e1g79fud0\"\/><\/p>\n<p>Productora<\/p>\n<p data-journey-content=\"true\" data-node-id=\"16\" class=\"css-i9p093 emevuu60\">Lo que acabamos descubriendo en <strong data-node-id=\"16.1\">cada episodio de &#8216;Presunto culpable&#8217; sube la tensi\u00f3n y a\u00f1ade tantos giros argumentales<\/strong> que hace enganchar a los espectadores. Por eso, no extra\u00f1a que tambi\u00e9n <a href=\"https:\/\/www.diezminutos.es\/teleprograma\/series-tv\/a62891470\/presunto-culpable-donde-ver-prime-video-serie-parecida-la-ultima-noche-en-tremor\/\" target=\"_blank\" data-vars-ga-outbound-link=\"https:\/\/www.diezminutos.es\/teleprograma\/series-tv\/a62891470\/presunto-culpable-donde-ver-prime-video-serie-parecida-la-ultima-noche-en-tremor\/\" data-vars-ga-ux-element=\"Hyperlink\" data-vars-ga-call-to-action=\"se convirtiera en una de las series m\u00e1s vistas de Prime Video\" data-node-id=\"16.3\" class=\"body-link css-177bzfx emevuu60\" rel=\"nofollow noopener\">se convirtiera en una de las series m\u00e1s vistas de Prime Video<\/a> en noviembre del a\u00f1o pasado y ahora que ha llegado a Netflix est\u00e9 ocurriendo de nuevo. <\/p>\n<p><img draggable=\"true\" alt=\"presunto culpable serie\" title=\"presunto culpable serie\" loading=\"lazy\" width=\"4719\" height=\"3840\" decoding=\"async\" data-nimg=\"1\" style=\"color:transparent;width:100%;height:auto;\"   src=\"https:\/\/www.europesays.com\/es\/wp-content\/uploads\/2025\/09\/presunto-culpable-atresmedia-68c93f1f65c72.jpg\" class=\"css-0 e1g79fud0\"\/><\/p>\n<p>Productora<\/p>\n<p data-journey-content=\"true\" data-node-id=\"19\" class=\"css-i9p093 emevuu60\">Su ambientaci\u00f3n, rodada en enclaves espectaculares de la costa vasca; la tensi\u00f3n constante entre inocencia y culpabilidad; y un guion que juega con la psicolog\u00eda de los personajes y el peso del pasado, son algunas de las claves del \u00e9xito de la serie. Elementos que, juntos, dotan a la serie de un aire casi cinematogr\u00e1fico. La serie adem\u00e1s cuenta con un reparto de primer nivel. Adem\u00e1s de Mu\u00f1oz y Onieva, brillan nombres como Susi S\u00e1nchez, Elvira M\u00ednguez, Josean Bengoetxea, Itziar Atienza, Teresa Hurtado de Ory o Carlos Serrano. Todos ellos dan vida a personajes con sus propias sombras, reforzando esa atm\u00f3sfera en la que nadie parece del todo inocente.<\/p>\n<p><img src=\"https:\/\/www.europesays.com\/es\/wp-content\/uploads\/2025\/09\/1758029473_370_04c0b0af-4dfe-409a-8e0c-876f8f325877_1664867977.file\" alt=\"Headshot of Ignacio Herruzo Mart\u00ednez\" title=\"Headshot of Ignacio Herruzo Mart\u00ednez\" width=\"100%\" height=\"100%\" decoding=\"async\" loading=\"lazy\" class=\"css-o0wq4v ev8dhu53\"\/><\/p>\n<p>Ignacio es experto en cultura, pero desde hace m\u00e1s de 10 a\u00f1os se ha especializado en cine y series, tanto las que se estrenan en la gran pantalla como en las plataformas de streaming. Lo mismo te habla de los estrenos de Netflix, HBO Max o Amazon Prime Video, como que te cuenta la \u00faltima hora de \u2018Masterchef\u2019 o de cualquier otro programa de televisi\u00f3n. \u00a0\u00a0<\/p>\n<p>Con ya una larga experiencia como cr\u00edtico, conoce las mejores series y pel\u00edculas y le encanta verlas antes que t\u00fa para poder decirte si merecen la pena o no. Conoce todos los estrenos de la semana y le encanta recomendar series y pel\u00edculas a sus amigos, familiares y a los lectores, algo que ha ido haciendo en diferentes blogs personales y a trav\u00e9s de las redes sociales. Le gusta todo: sigue a grandes directores como Martin Scorsese, Quentin Tarantino o Steven Spielberg, y se sabe de memoria todo el universo de Marvel, Star Wars, El se\u00f1or de los anillos y el mundo Disney. \u00a0\u00a0\u00a0<\/p>\n<p>La cultura es su principal hobby y aunque se considera un cin\u00e9filo, tambi\u00e9n le encanta la m\u00fasica, sobre todo internacional, y los videojuegos, a los que dedica todo el tiempo que le deja el cine y las series, claro. El deporte es su otra pasi\u00f3n, que desarroll\u00f3 en sus inicios en el diario deportivo MARCA. \u00a0\u00a0Ignacio Herruzo es Graduado en Periodismo por la Universidad Rey Juan Carlos en 2012. Desde entonces no ha parado de escribir desde que comenz\u00f3 en 2013 en el grupo Hearst, donde ha ejercido de redactor en diferentes webs y revistas como Teleprograma, Supertele y Diez Minutos. \u00a0<\/p>\n","protected":false},"excerpt":{"rendered":"No es la primera vez que pasa, pero no por ello deja de sorprender. Si hace unos d\u00edas&hellip;\n","protected":false},"author":2,"featured_media":118829,"comment_status":"","ping_status":"","sticky":false,"template":"","format":"standard","meta":{"footnotes":""},"categories":[171],"tags":[253,146,147,25,24,23,214],"class_list":{"0":"post-118828","1":"post","2":"type-post","3":"status-publish","4":"format-standard","5":"has-post-thumbnail","7":"category-tv","8":"tag-discover","9":"tag-entertainment","10":"tag-entretenimiento","11":"tag-es","12":"tag-espana","13":"tag-spain","14":"tag-tv"},"share_on_mastodon":{"url":"","error":""},"_links":{"self":[{"href":"https:\/\/www.europesays.com\/es\/wp-json\/wp\/v2\/posts\/118828","targetHints":{"allow":["GET"]}}],"collection":[{"href":"https:\/\/www.europesays.com\/es\/wp-json\/wp\/v2\/posts"}],"about":[{"href":"https:\/\/www.europesays.com\/es\/wp-json\/wp\/v2\/types\/post"}],"author":[{"embeddable":true,"href":"https:\/\/www.europesays.com\/es\/wp-json\/wp\/v2\/users\/2"}],"replies":[{"embeddable":true,"href":"https:\/\/www.europesays.com\/es\/wp-json\/wp\/v2\/comments?post=118828"}],"version-history":[{"count":0,"href":"https:\/\/www.europesays.com\/es\/wp-json\/wp\/v2\/posts\/118828\/revisions"}],"wp:featuredmedia":[{"embeddable":true,"href":"https:\/\/www.europesays.com\/es\/wp-json\/wp\/v2\/media\/118829"}],"wp:attachment":[{"href":"https:\/\/www.europesays.com\/es\/wp-json\/wp\/v2\/media?parent=118828"}],"wp:term":[{"taxonomy":"category","embeddable":true,"href":"https:\/\/www.europesays.com\/es\/wp-json\/wp\/v2\/categories?post=118828"},{"taxonomy":"post_tag","embeddable":true,"href":"https:\/\/www.europesays.com\/es\/wp-json\/wp\/v2\/tags?post=118828"}],"curies":[{"name":"wp","href":"https:\/\/api.w.org\/{rel}","templated":true}]}}