{"id":118830,"date":"2025-09-16T13:32:16","date_gmt":"2025-09-16T13:32:16","guid":{"rendered":"https:\/\/www.europesays.com\/es\/118830\/"},"modified":"2025-09-16T13:32:16","modified_gmt":"2025-09-16T13:32:16","slug":"fui-a-todos-los-conciertos-que-pude","status":"publish","type":"post","link":"https:\/\/www.europesays.com\/es\/118830\/","title":{"rendered":"Fui a todos los conciertos que pude"},"content":{"rendered":"<p>En la historia del rock sobreabundan las rivalidades, las comparaciones y las declaraciones cruzadas entre bandas que marcaron a generaciones enteras. <strong><a href=\"https:\/\/indiehoy.com\/historias\/guns-n-roses-miembros-originales-formaciones\/\" target=\"_blank\" rel=\"noreferrer noopener nofollow\">Guns N\u2019 Roses<\/a><\/strong> y <strong><a href=\"https:\/\/indiehoy.com\/historias\/las-5-mejores-canciones-de-u2\/\" target=\"_blank\" rel=\"noreferrer noopener nofollow\">U2<\/a><\/strong> son dos de esos grupos que, a pesar de haber sido de los m\u00e1s influyentes de finales de los 80 y principios de los 90, representaban mundos completamente distintos: mientras los de Los \u00c1ngeles se caracterizaban por el exceso, la crudeza y el caos sobre el escenario, los irlandeses apostaban por un rock m\u00e1s elaborado, cargado de mensajes pol\u00edticos.<\/p>\n<p>Esa aparente distancia entre ambos conjuntos f\u00e1cilmente podr\u00eda llevar a cualquier persona a pensar que <strong>Axl<\/strong> <strong>Rose<\/strong>, el siempre desafiante l\u00edder de GNR, poco podr\u00eda tener en com\u00fan con <strong><a href=\"https:\/\/indiehoy.com\/historias\/las-bandas-que-formaron-el-nuevo-punk-rock-de-los-90-segun-bono\/\" target=\"_blank\" rel=\"noreferrer noopener nofollow\">Bono<\/a><\/strong> y los suyos. Sin embargo, la realidad fue muy distinta. En una entrevista para el medio Hit Parader a comienzos de los 90, <strong>Rose sorprendi\u00f3 al confesar una admiraci\u00f3n profunda por U2, al punto de reconocer que asist\u00eda a todos los conciertos que pod\u00eda<\/strong>.<\/p>\n<p>Al ser consultado por aquellas bandas y artistas que escuchaba en su tiempo libre, Rose confes\u00f3: <\/p>\n<blockquote class=\"wp-block-quote is-layout-flow wp-block-quote-is-layout-flow\">\n<p>\u201cBueno, Jane&#8217;s Addiction era mi banda y se separaron. La verdad es que no tengo la oportunidad de ver a muchas bandas en vivo porque es demasiado fren\u00e9tico. Pero me encanta U2 y sus conciertos en estadios. Fui a todos los conciertos que pude. Y justo estaba escuchando el \u00e1lbum de Mr. Bungle, y aunque tenemos una especie de relaci\u00f3n de amor-odio con Faith No More, me gusta mucho. Tambi\u00e9n estuve escuchando muchas cosas raras: Roger Waters, Jimmy Scott, Lyle Lovett, Nine Inch Nails, Alice In Chains&#8230; mis gustos son muy variados\u201d.<\/p>\n<\/blockquote>\n<p>La confesi\u00f3n de Axl se produjo en pleno auge de la gira \u00abZoo TV\u00bb, con la que U2 presentaba su aclamado \u00e1lbum <a href=\"https:\/\/indiehoy.com\/historias\/los-3-mejores-discos-de-u2-segun-indie-hoy\/\" target=\"_blank\" rel=\"noreferrer noopener nofollow\">Achtung Baby<\/a> de 1991. El tour fue todo un hito en t\u00e9rminos de producci\u00f3n, con pantallas gigantes, mensajes proyectados en tiempo real y una escenograf\u00eda futurista que romp\u00eda con los est\u00e1ndares de la \u00e9poca.<\/p>\n","protected":false},"excerpt":{"rendered":"En la historia del rock sobreabundan las rivalidades, las comparaciones y las declaraciones cruzadas entre bandas que marcaron&hellip;\n","protected":false},"author":2,"featured_media":118831,"comment_status":"","ping_status":"","sticky":false,"template":"","format":"standard","meta":{"footnotes":""},"categories":[170],"tags":[39471,146,147,25,24,184,185,23],"class_list":{"0":"post-118830","1":"post","2":"type-post","3":"status-publish","4":"format-standard","5":"has-post-thumbnail","7":"category-musica","8":"tag-axl-rose","9":"tag-entertainment","10":"tag-entretenimiento","11":"tag-es","12":"tag-espana","13":"tag-music","14":"tag-musica","15":"tag-spain"},"share_on_mastodon":{"url":"","error":""},"_links":{"self":[{"href":"https:\/\/www.europesays.com\/es\/wp-json\/wp\/v2\/posts\/118830","targetHints":{"allow":["GET"]}}],"collection":[{"href":"https:\/\/www.europesays.com\/es\/wp-json\/wp\/v2\/posts"}],"about":[{"href":"https:\/\/www.europesays.com\/es\/wp-json\/wp\/v2\/types\/post"}],"author":[{"embeddable":true,"href":"https:\/\/www.europesays.com\/es\/wp-json\/wp\/v2\/users\/2"}],"replies":[{"embeddable":true,"href":"https:\/\/www.europesays.com\/es\/wp-json\/wp\/v2\/comments?post=118830"}],"version-history":[{"count":0,"href":"https:\/\/www.europesays.com\/es\/wp-json\/wp\/v2\/posts\/118830\/revisions"}],"wp:featuredmedia":[{"embeddable":true,"href":"https:\/\/www.europesays.com\/es\/wp-json\/wp\/v2\/media\/118831"}],"wp:attachment":[{"href":"https:\/\/www.europesays.com\/es\/wp-json\/wp\/v2\/media?parent=118830"}],"wp:term":[{"taxonomy":"category","embeddable":true,"href":"https:\/\/www.europesays.com\/es\/wp-json\/wp\/v2\/categories?post=118830"},{"taxonomy":"post_tag","embeddable":true,"href":"https:\/\/www.europesays.com\/es\/wp-json\/wp\/v2\/tags?post=118830"}],"curies":[{"name":"wp","href":"https:\/\/api.w.org\/{rel}","templated":true}]}}