{"id":118842,"date":"2025-09-16T13:38:09","date_gmt":"2025-09-16T13:38:09","guid":{"rendered":"https:\/\/www.europesays.com\/es\/118842\/"},"modified":"2025-09-16T13:38:09","modified_gmt":"2025-09-16T13:38:09","slug":"amazon-anuncia-cuando-sera-su-proxima-fiesta-de-ofertas-prime-de-2025-lifestyle-smartlife","status":"publish","type":"post","link":"https:\/\/www.europesays.com\/es\/118842\/","title":{"rendered":"Amazon anuncia cu\u00e1ndo ser\u00e1 su pr\u00f3xima Fiesta de Ofertas Prime de 2025 | Lifestyle | SmartLife"},"content":{"rendered":"<p class=\"\">Cada ciertos meses, <b>Amazon <\/b>lanza una campa\u00f1a de ofertas para que te ahorres un buen dinero a la hora de comprar nuevos productos. Y el gigante de las ventas online acaba de confirmar <b>cu\u00e1ndo ser\u00e1 su pr\u00f3xima Fiesta de Ofertas Prime de 2025.<\/b><\/p>\n<p class=\"\">De esta manera, Amazon ha anunciado oficialmente que los <b>Prime Big Deal Days 2025<\/b> se celebrar\u00e1n los d\u00edas <b>7 y 8 de octubre<\/b>, dando as\u00ed el pistoletazo de salida a la temporada de compras navide\u00f1as. <\/p>\n<p class=\"\">La compa\u00f1\u00eda prepara millones de ofertas anticipadas <b>exclusivas para los miembros de Amazon Prime<\/b>, con descuentos importantes en tecnolog\u00eda, moda, juguetes, hogar y mucho m\u00e1s. Y de paso,<b> se adelanta al Black Friday 2025, que arrancar\u00e1 en noviembre, <\/b>con su particular aluvi\u00f3n de ofertas en todo tipo de productos. <\/p>\n<p>La pr\u00f3xima Fiesta de Ofertas Prime en Amazon ser\u00e1 el 7 y 8 de octubre<\/p>\n<p class=\"\"><b>El evento comenzar\u00e1 el 7 de octubre y estar\u00e1 activo durante 48 horas. <\/b>Espa\u00f1a est\u00e1 entre los pa\u00edses confirmados donde se activar\u00e1n estas ofertas, junto a otros mercados clave como Alemania, Francia, Italia, Reino Unido, Estados Unidos, Jap\u00f3n y, por primera vez, M\u00e9xico, Irlanda y Colombia.<\/p>\n<p><img alt=\"Logo de Amazon en 3D y con fondo amarillo\" decoding=\"auto\" class=\"_re lazyload a_m-h\" height=\"280\"  width=\"414\"  src=\"https:\/\/www.europesays.com\/es\/wp-content\/uploads\/2025\/09\/LWPCVU5OQ5FDROTATDR3M5OH2I.jpg\" loading=\"lazy\"\/>Logo de Amazon en 3DUnsplash<\/p>\n<p class=\"\">Y, como podr\u00e1s imaginar, incluir\u00e1 descuentos en todo tipo de productos. Aunque el mayor reclamo es la electr\u00f3nica, recordemos que toda la gama de dispositivos Amazon bajar\u00e1 de precio, tambi\u00e9n puedes encontrar rebajas en ropa, accesorios, comida\u2026 Opciones no te faltar\u00e1n para aprovechar la Fiesta de Ofertas Prime en Amazon 2025.<\/p>\n<p class=\"\">Ten en cuenta que adem\u00e1s, esta<b> Fiesta de Ofertas Prime 2025 <\/b>podr\u00eda traer una sorpresa: la llegada de Alexa+ a Espa\u00f1a. Hablamos de la versi\u00f3n vitaminada del popular asistente dew voz de Amazon y que permitir\u00e1 disfrutar de una Alexa mucho m\u00e1s completa y capaz de responder a preguntas complejas.<\/p>\n<p class=\"\">No hay confirmaci\u00f3n por parte del gigante de las ventas online, pero tendr\u00eda mucho sentido. Adem\u00e1s, es la jugada que hicieron cuando lanzaron Alexa en Espa\u00f1a, por lo que tiene sentido que repitan movimiento.<\/p>\n<p class=\"\">Eso s\u00ed, recuerda que solo los <b>miembros de Amazon Prime<\/b> podr\u00e1n acceder a estas ofertas exclusivas. Si no tienes una suscripci\u00f3n activa, Amazon permite <b>probar el servicio gratuitamente durante 30 d\u00edas y sin compromiso. As\u00ed que no tienes excusa para no aprovechar esta promoci\u00f3n.<\/b><\/p>\n<p class=\"\">Marca en tu calendario el 7 de octubre de 2025, porque ser\u00e1 la fecha en la que arranque la Fiesta de Ofertas Prime de Amazon. Y no deber\u00edas perd\u00e9rtela si quieres ahorrar un buen dinero en tus pr\u00f3ximas compras.<\/p>\n","protected":false},"excerpt":{"rendered":"Cada ciertos meses, Amazon lanza una campa\u00f1a de ofertas para que te ahorres un buen dinero a la&hellip;\n","protected":false},"author":2,"featured_media":118843,"comment_status":"","ping_status":"","sticky":false,"template":"","format":"standard","meta":{"footnotes":""},"categories":[80],"tags":[912,39478,82,95,94,25,24,7181,23,120],"class_list":{"0":"post-118842","1":"post","2":"type-post","3":"status-publish","4":"format-standard","5":"has-post-thumbnail","7":"category-economia","8":"tag-amazon","9":"tag-amazon-prime-day","10":"tag-business","11":"tag-economia","12":"tag-economy","13":"tag-es","14":"tag-espana","15":"tag-estilo-vida","16":"tag-spain","17":"tag-tecnologia"},"share_on_mastodon":{"url":"","error":""},"_links":{"self":[{"href":"https:\/\/www.europesays.com\/es\/wp-json\/wp\/v2\/posts\/118842","targetHints":{"allow":["GET"]}}],"collection":[{"href":"https:\/\/www.europesays.com\/es\/wp-json\/wp\/v2\/posts"}],"about":[{"href":"https:\/\/www.europesays.com\/es\/wp-json\/wp\/v2\/types\/post"}],"author":[{"embeddable":true,"href":"https:\/\/www.europesays.com\/es\/wp-json\/wp\/v2\/users\/2"}],"replies":[{"embeddable":true,"href":"https:\/\/www.europesays.com\/es\/wp-json\/wp\/v2\/comments?post=118842"}],"version-history":[{"count":0,"href":"https:\/\/www.europesays.com\/es\/wp-json\/wp\/v2\/posts\/118842\/revisions"}],"wp:featuredmedia":[{"embeddable":true,"href":"https:\/\/www.europesays.com\/es\/wp-json\/wp\/v2\/media\/118843"}],"wp:attachment":[{"href":"https:\/\/www.europesays.com\/es\/wp-json\/wp\/v2\/media?parent=118842"}],"wp:term":[{"taxonomy":"category","embeddable":true,"href":"https:\/\/www.europesays.com\/es\/wp-json\/wp\/v2\/categories?post=118842"},{"taxonomy":"post_tag","embeddable":true,"href":"https:\/\/www.europesays.com\/es\/wp-json\/wp\/v2\/tags?post=118842"}],"curies":[{"name":"wp","href":"https:\/\/api.w.org\/{rel}","templated":true}]}}