{"id":118844,"date":"2025-09-16T13:39:10","date_gmt":"2025-09-16T13:39:10","guid":{"rendered":"https:\/\/www.europesays.com\/es\/118844\/"},"modified":"2025-09-16T13:39:10","modified_gmt":"2025-09-16T13:39:10","slug":"el-dolor-y-la-angustia-de-ada-morales-a-35-anos-de-la-muerte-de-maria-soledad-a-mi-hija-la-mataron-dos-veces-no-les-importo-nada","status":"publish","type":"post","link":"https:\/\/www.europesays.com\/es\/118844\/","title":{"rendered":"El dolor y la angustia de Ada Morales, a 35 a\u00f1os de la muerte de Mar\u00eda Soledad: \u201cA mi hija la mataron dos veces, no les import\u00f3 nada\u201d"},"content":{"rendered":"<p><img alt=\"Ada junto a su marido\" class=\"global-image\" decoding=\"async\" fetchpriority=\"high\" height=\"1079\" loading=\"eager\" src=\"https:\/\/www.europesays.com\/es\/wp-content\/uploads\/2025\/09\/T5HWLG5MOBG7ZFDGRH6REGVNBU.jpg\" width=\"1920\"\/>Ada junto a su marido y la foto de su hija Mar\u00eda Soledad Morales<\/p>\n<p class=\"paragraph\"><b>\u201cA mi hijita la mataron dos veces<\/b>, f\u00edsica y moralmente. No les import\u00f3 nada lo que le hicieron padecer. Despu\u00e9s de muerta la desfiguraron, la tiraron a un basural, le arrancaron todo su pelito, le hicieron infinidad de cosas terribles m\u00e1s y la abandonaron cubierta por piedras, ramas, tierra. Juro que pienso y me retuerzo de dolor\u201d, record\u00f3 con angustia de madre <a rel=\"noopener noreferrer nofollow\" href=\"https:\/\/www.infobae.com\/historias\/2025\/09\/08\/a-35-anos-del-crimen-de-maria-soledad-morales-el-hijo-del-poder-que-fue-condenado-y-los-intentos-por-desviar-la-investigacion\/\" target=\"_blank\" title=\"https:\/\/www.infobae.com\/historias\/2025\/09\/08\/a-35-anos-del-crimen-de-maria-soledad-morales-el-hijo-del-poder-que-fue-condenado-y-los-intentos-por-desviar-la-investigacion\/\"><b>Ada Rizzardo, la mam\u00e1 de Mar\u00eda Soledad Morales a 35 a\u00f1os del despiadado crimen de su hija en manos de asesinos, \u201cHijos del Poder\u201d<\/b><\/a>, como los calificaron y se\u00f1alaron en Catamarca. En la charla que nos brind\u00f3 en el programa El Extremo en Radio Voces, la emisora del C\u00edrculo de Periodistas de San Mart\u00edn, aparecieron todo tipo de sensaciones durante su relato: horror, ensa\u00f1amiento, brutalidad, violencia, sadismo&#8230; Toda la perversidad y crueldad que un grupo de delincuentes decidi\u00f3 ejecutar sin piedad contra la joven hasta dejarla sin vida.<\/p>\n<p class=\"paragraph\"><b>Mar\u00eda Soledad<\/b> cursaba el quinto a\u00f1o y como toda adolescente, el viernes 7 de setiembre fue a bailar al boliche Le Feu Rouge en el marco de una celebraci\u00f3n que se hac\u00eda para juntar dinero para que cada alumno pudiera costearse el ansiado viaje de fin de egresados a Villa Carlos Paz. Cuando se retir\u00f3 ya entrada la madrugada, y despu\u00e9s de despedirse de una pareja de amigos, seg\u00fan pudo reconstruirse y consta en el expediente judicial, subi\u00f3 al Fiat 147 que pertenec\u00eda a <b>Ruth Salazar, mujer de Luis Tula.<\/b> \u00c9l pas\u00f3 a buscarla con el auto porque hab\u00edan quedado en encontrarse. <\/p>\n<p class=\"paragraph\">Ella estaba enamorada de \u201cEl flaco\u201d Tula, once a\u00f1os mayor. <b>\u00c9l la invit\u00f3 a continuar la noche en la disco Clivus.<\/b> All\u00ed ingres\u00f3 con Mar\u00eda Soledad y le fue presentando uno a uno a hijos de poderosos de la provincia entre los que se hallaba <b>Guillermo Luque<\/b>, primog\u00e9nito del por entonces poderoso diputado nacional \u00c1ngel Luque. Ya de madrugada, de ese lugar sali\u00f3 acompa\u00f1ada por todo ese grupo rumbo al motel Los \u00c1lamos, a un kil\u00f3metro y medio del centro de la ciudad donde la sometieron. La hallaron asesinada dos d\u00edas despu\u00e9s en un sitio conocido como Parque Daza, en la ruta 38, ubicado a unos siete kil\u00f3metros de all\u00ed. Fue encontrada a las 9:30 de la ma\u00f1ana por un par de operarios de Vialidad Nacional. Su autopsia determin\u00f3 que hab\u00eda sufrido un paro card\u00edaco por consumo de coca\u00edna que le obligaron a ingerir sus homicidas. <\/p>\n<p class=\"paragraph\">A partir de all\u00ed, autoridades provinciales y policiales pusieron en marcha una especie de operativo con la intenci\u00f3n de encubrir el crimen y que la verdad nunca saliera a la luz. Hasta el gobernador de entonces, <b>Ram\u00f3n Saadi, conocido como \u201cRamoncito\u201d<\/b>, hijo del hist\u00f3rico caudillo peronista Vicente Leonidas, se present\u00f3 en la casa ante la madre y se comprometi\u00f3 a ir hasta las \u00faltimas consecuencias, promesa que jam\u00e1s cumpli\u00f3. Otro que teoriz\u00f3 con especulaciones irreales fue el propio jefe de polic\u00eda de la provincia, <b>Miguel \u00c1ngel Ferreyra<\/b>, que se atrevi\u00f3 a hablar de una secta diab\u00f3lica respecto a los posibles autores, lo que luego se tom\u00f3 por parte de la justicia como una presunta maniobra para desviar de entrada la investigaci\u00f3n. No fue todo, los agentes que \u00e9l comandaba le recomendaban a la mam\u00e1 que ser\u00eda mejor para hallar a los asesinos que no hablara. Porque si lo hac\u00eda, podr\u00edan aparecer detalles del comportamiento de la joven. Entonces hicieron correr la versi\u00f3n de que llevaba una doble vida con la intenci\u00f3n de ensuciar el buen nombre de la adolescente.<\/p>\n<p><img alt=\"El cuerpo de Mar\u00eda Soledad\" class=\"global-image\" decoding=\"async\" fetchpriority=\"low\" height=\"960\" loading=\"lazy\" src=\"https:\/\/www.europesays.com\/es\/wp-content\/uploads\/2025\/09\/YY65XFMNOJCHRKFMXIL6RZPD4Y.jpg\" width=\"1706\"\/>El cuerpo de Mar\u00eda Soledad Morales fue hallado en las afueras de la ciudad de Catamarca<\/p>\n<p class=\"paragraph\">Todo eso y mucho m\u00e1s rememor\u00f3 <b>Ada Morales, hoy con 76 a\u00f1os<\/b>, durante la entrevista a pura emoci\u00f3n desde su casa de Catamarca: \u201cLa verdad es que todos los d\u00edas de mi vida pienso en mi hijita, pero estos de septiembre son m\u00e1s dolorosos todav\u00eda. Recuerdo cuando sali\u00f3 de mi casa, el 10 cuando se la encontr\u00f3 muerta, el 12 que era el cumplea\u00f1os de ella, iba a cumplir 18. Todo eso qued\u00f3 trunco porque manos asesinas que no tuvieron piedad contra su cuerpo, contra su persona, la maltrataron y la mataron sin remordimientos. Y despu\u00e9s continu\u00f3 la difamaci\u00f3n, la calumnia, la injuria que levantaron hacia ella para justificar lo injustificable, lo que hicieron con ella\u201d.<\/p>\n<p class=\"paragraph\"><b>-Ocurri\u00f3 lo que sucede siempre Ada, los femicidas repiten ese proceder, incluso la polic\u00eda en casos as\u00ed pone el foco en la v\u00edctima, en su moral, no en el o los victimarios, los asesinos, aport\u00f3 a manera de reflexi\u00f3n Iris Gallardo, productora del programa. Y Ada no se call\u00f3 nada.<\/b><\/p>\n<p class=\"paragraph\">-Ten\u00e9s raz\u00f3n, es verdad, eso pasa siempre, pero con mi hija fue terrible. Yo me enter\u00e9 despu\u00e9s de varios a\u00f1os que ellos hab\u00edan hecho correr la calumnia para justificar lo que hab\u00edan hecho, pero no pensaron nunca que un pueblo valiente los iba a poner en evidencia. Las propias compa\u00f1eras de Sole, la directora del Colegio del Carmen y San Jos\u00e9, hermana Marta Pelloni y el pueblo de Catamarca fueron claves en el reclamo de justicia en las tantas multitudinarias y conmovedoras Marchas del Silencio que se realizaron. No tuvieron miedo pese a que padecieron presiones de todo tipo para que hablaran mal de Sole, para justificar, \u00bfno? Me doli\u00f3 y me duele a\u00fan porque era una chica ejemplar. No tuvo inasistencias desde primero hasta quinto a\u00f1o. Amaba su colegio y su uniforme. Pero les sali\u00f3 mal, pensaron que difam\u00e1ndola de tal manera todo el pueblo de Catamarca iba a justificar lo que hicieron y se equivocaron.<\/p>\n<p class=\"paragraph\"><b>-Le gustaba mucho escribir, \u00bfverdad Ada?<\/b><\/p>\n<p class=\"paragraph\">-Le encantaba, s\u00ed, tambi\u00e9n guardaba algunos poemas, poes\u00edas de otros autores, pero le gustaba escribir los suyos. Ten\u00eda muchas ilusiones. Era pura chispa, graciosa, siempre con una sonrisa. Tengo todo guardado, sus boletines de calificaciones, sus registros de asistencia, los poemas, las canciones que le gustaban, su uniforme, su ropa, todas las cositas de ella, los aritos, las pulseras. Eso para m\u00ed es como un cofre, un tesoro. Lo mejor que hay en ese cofre es el recuerdo lo de mi hija.<\/p>\n<p class=\"paragraph\"><b>-Usted siempre recuerda la contenci\u00f3n que le brindaba su esposo, el pap\u00e1 de Mar\u00eda Soledad, El\u00edas Morales&#8230;<\/b><\/p>\n<p class=\"paragraph\">-\u00c9l sufri\u00f3 en silencio. Tuvo que ir a la morgue a reconocerla y eso le quit\u00f3 a\u00f1os de vida. Cuando me vio estaba p\u00e1lido, con los labios blancos. Me abraz\u00f3 y me dijo, \u201cEs ella, es ella\u201d. Era muy callado, ya a lo \u00faltimo me dec\u00eda que no hiciera notas, sufr\u00eda demasiado. Creo que por eso no resisti\u00f3 y se march\u00f3, se fue, se fue para estar al lado de su hija&#8230;<\/p>\n<p><img alt=\"Mar\u00eda Soledad junto a dos\" class=\"global-image\" decoding=\"async\" fetchpriority=\"low\" height=\"475\" loading=\"lazy\" src=\"https:\/\/www.europesays.com\/es\/wp-content\/uploads\/2025\/09\/TQ7EVCEIA5DRBHCC5UVMGD6DMU.jpg\" width=\"624\"\/>Mar\u00eda Soledad junto a dos de sus compa\u00f1eras de colegio<\/p>\n<p class=\"paragraph\"><b>-\u00bfPor qu\u00e9 cree que el recuerdo de Mar\u00eda Soledad sigue tan vivo? <\/b><\/p>\n<p class=\"paragraph\">-Es verdad, hasta traspas\u00f3 las fronteras de mi provincia y se mantiene pese al paso de los a\u00f1os. Recib\u00ed cartas de Estados Unidos, de Francia, de Espa\u00f1a, de Brasil, solidariz\u00e1ndose con lo que nos hab\u00eda pasado. Pero la verdad es que sum\u00e9 m\u00e1s dolor porque pens\u00e9 que lo de Sole no se iba a repetir, pero siguen asesinando a chicas, a jovencitas, viol\u00e1ndolas, asesin\u00e1ndolas. Siempre me pregunto qu\u00e9 tuvo mi hija para movilizar tanto, cielo y tierra, porque gracias a Dios fue as\u00ed. Y sigue ocurriendo porque hace pocos d\u00edas para rendirle homenaje en el 35 aniversario de su muerte hab\u00eda much\u00edsimas personas en el Monolito, que siempre nos han acompa\u00f1ado, muchos mayores que est\u00e1n a\u00fan con el paso de los a\u00f1os, otros ya partieron. De mi hija nadie se olvida, siento que ella est\u00e1 presente en todos los hogares. Una mam\u00e1 que vino de otra provincia una vez me dijo: \u201cMir\u00e1 Ada que Mar\u00eda Soledad ya no es tan solo tuya, ya es de todos nosotros, de todos los argentinos y siempre est\u00e1 en cada rinconcito de cada casa\u201d. Y es cierto, representa a miles de v\u00edctimas de violencia que no tuvieron voz ni justicia. Miren lo que pas\u00f3 con <b>Cecilia (Strzyzowski) que desapareci\u00f3 en el Chaco, y tantas chicas m\u00e1s como \u00c1ngeles (Rawson), Candela (Rodr\u00edguez)<\/b>, homicidios muy tremendos, \u00bfno? Nosotros tuvimos que esperar 8 a\u00f1os, 83 marchas de silencio para conseguir un poquito de justicia, porque tan solo condenaron a dos (N de la R: Guillermo Luque y Luis Tula), cuando sabemos que ah\u00ed donde la violaron y la asesinaron hab\u00eda muchos m\u00e1s. Fue terrible el tema del encubrimiento policial y nadie pag\u00f3 por eso. El jefe de polic\u00eda Miguel \u00c1ngel Ferreyra dio la orden de lavar el cuerpo para borrar rastros. Y los jueces que se hicieron se\u00f1as entre ellos y se tuvo que postergar el juicio, una verg\u00fcenza. Gracias a Dios estaba el fiscal Gustavo Taranto que fue un ejemplo como defendi\u00f3 a mi hija.<\/p>\n<p class=\"paragraph\"><b>-\u00bfPor qu\u00e9 usted no pudo despedirla, Ada?<\/b><\/p>\n<p class=\"paragraph\">-Nunca me voy a olvidar de eso. Quer\u00eda que le pusieran el uniforme del colegio que tanto amaba. Yo tambi\u00e9n estudi\u00e9 en ese colegio, soy maestra, pero cuando naci\u00f3 mi cuarta hija ya no ejerc\u00ed. Y para m\u00ed era un honor que ella fuera all\u00ed y que tuviera ese uniforme. Pero no la pudieron vestir por el estado en que estaba. Entonces la envolvieron con mortaja, un manto blanco. El\u00edas, el padre, s\u00ed la pudo ver, pero a m\u00ed la polic\u00eda no me lo permiti\u00f3. Como madre ten\u00eda derecho de verla a mi hija, haya estado como haya estado. Un agente se interpuso y pr\u00e1cticamente me orden\u00f3 que me quedara en mi casa. Recuerdo que entonces le dije: \u201cPero soy la madre, la llev\u00e9 nueve meses en el vientre, yo la par\u00ed. \u00bfPor qu\u00e9 no me dejan verla a mi hija?\u201d. Nadie me respondi\u00f3, me evitaban para que el tiempo pasara y no pudiera reencontrarme con ella. \u00bfSaben? El pap\u00e1 nunca pudo superar el dolor porque \u00e9l la hab\u00eda llevado hasta el boliche para que disfrutara de la fiesta junto a sus compa\u00f1eras. Y despu\u00e9s verla como la vio para \u00e9l fue insuperable. Siempre que yo le preguntaba c\u00f3mo estaba cuando fue a reconocerla, \u00e9l se iba para que yo no sufriera y me dec\u00eda: \u201cAy, mir\u00e1, tengo que ir a hacer esto. Ya vuelvo, ya vuelvo\u201d. Escapaba, nunca me quer\u00eda contar, lo que debe haber sufrido, pobrecito El\u00edas.<\/p>\n<p class=\"paragraph\"><b>-\u00bfLos condenados alguna vez se atrevieron a mirarla a la cara durante el juicio?<\/b><\/p>\n<p class=\"paragraph\">-Yo no guardo odios ni rencores, ni deseo el mal a nadie, pero esperaba que en estos treinta y cinco a\u00f1os alguno de sus asesinos me hubiera golpeado la puerta para aunque m\u00e1s no sea decirme: \u201cAda, disculpe, no sab\u00edamos lo que hac\u00edamos\u201d. No que me pida perd\u00f3n, porque a Dios hay que pedirle perd\u00f3n. Pero como madre sigo necesitando eso, aunque fuera mentira. Pero sucedi\u00f3 lo contrario, siguieron con la descalificaci\u00f3n, hasta sus familias nos cuestionaron como padres.<\/p>\n<p class=\"paragraph\"><b>-\u00bfNunca se encontr\u00f3 en Catamarca con Guillermo Luque o Luis Tula?<\/b><\/p>\n<p class=\"paragraph\">-Solo una vez, hace varios a\u00f1os atr\u00e1s, cuando Tula ten\u00eda la libertad condicional y sal\u00eda a trabajar. Eran las 17:30, casi 18 horas, yo estaba con una prima m\u00eda. Recuerdo que ella dio un grito: \u201c\u00a1El Tula!\u201d Yo lo vi tambi\u00e9n, qued\u00e9 paralizada. Paralizada. No pod\u00eda hablar, no pod\u00eda decir nada. Ese d\u00eda le ped\u00ed a Dios que nunca m\u00e1s me tenga que encontrar con ninguno de los asesinos o de los encubridores del crimen porque fue algo terrible. Lo mismo les pasa a mis hijas mujeres. Ellas si por ah\u00ed lo ven les agarra de inmediato una crisis de llanto, un ataque de p\u00e1nico. Yo les sugiero que nunca le digan nada, pero que no agachen la cabeza, que la mantengan erguida porque ellas no han hecho ning\u00fan da\u00f1o. Quisiera que alguno de los que la mataron se acerque al cementerio a pedirle perd\u00f3n a mi hija por todo el da\u00f1o que le hicieron. <\/p>\n<p><img alt=\"Los padres de Mar\u00eda Soledad\" class=\"global-image\" decoding=\"async\" fetchpriority=\"low\" height=\"1444\" loading=\"lazy\" src=\"https:\/\/www.europesays.com\/es\/wp-content\/uploads\/2025\/09\/MOURSDPZBVDNRHCSPFCNJZP744.jpg\" width=\"2008\"\/>Los padres de Mar\u00eda Soledad Morales y las madres del dolor, participan de un acto en su honor (Noticias Argentinas)<\/p>\n<p class=\"paragraph\"><b>-Ada, \u00bfsigue tan fuerte su v\u00ednculo con la hermana Marta Pelloni?<\/b><\/p>\n<p class=\"paragraph\">-S\u00ed, s\u00ed s\u00ed. Me llam\u00f3 como siempre el 8 de setiembre por el aniversario de la muerte de Sole desde Santos Lugares donde ella est\u00e1. All\u00ed siempre la recuerdan con una misa, y todos los domingos rezan por ella. Yo tambi\u00e9n la llamo y la recuerdo, fue inolvidable lo que luch\u00f3 para que hubiera justicia. El valor, el coraje que tuvo para enfrentarse a todo. Porque ella s\u00ed que las pas\u00f3 todas, la amenazaron de muerte, la hac\u00edan seguir, le intervinieron el tel\u00e9fono. Y despu\u00e9s la trasladaron. Pensaron que traslad\u00e1ndola las marchas de silencio ya no iban a seguir m\u00e1s. Y se equivocaron porque se multiplicaron por todo el pa\u00eds.<\/p>\n<p class=\"paragraph\"><b>-Un muy buen mensaje para futuras generaciones para continuar la lucha contra los femicidas, Ada.<\/b><\/p>\n<p class=\"paragraph\">-Eso le quiero decir a los j\u00f3venes si leen esta nota, que tomen el ejemplo de las compa\u00f1eras de mi hija, que con 17 a\u00f1os apenas no tuvieron miedo pese a que el jefe de polic\u00eda no quer\u00eda que salieran a la calle a reclamar. \u201cIgual vamos a salir no nos van a callar\u201d, repet\u00edan las chicas. Y el clima que se viv\u00eda era peligroso, no resultaba f\u00e1cil. \u201cHermana, nosotras vamos a la calle\u201d, le dec\u00edan a Pelloni. Ella les respondi\u00f3: \u201cBueno, pero en silencio\u201d. As\u00ed nacieron las marchas con ese nombre. Tomen como ejemplo a estas chicas. El silencio pudo mucho m\u00e1s que la violencia. <\/p>\n<p class=\"paragraph\"><b>-\u00bfUsted c\u00f3mo pudo seguir adelante?<\/b><\/p>\n<p class=\"paragraph\">-Como pude, con el dolor a flor de piel. Mi familia nunca recibi\u00f3 ayuda psicol\u00f3gica. Quedamos muy mal. Necesit\u00e1bamos contenci\u00f3n. Cada vez que hablamos del tema con sus compa\u00f1eritas que hoy son mujeres de 52 o 53 a\u00f1os lloran, me abrazan, ellas tambi\u00e9n sienten el dolor a flor de piel. Me dicen que soy su madre del coraz\u00f3n y yo lo siento as\u00ed, como que son mis hijas queridas. Mi amada Sole hubiera cumplido 53 el 12 de setiembre.<\/p>\n<p class=\"paragraph\"><b>-\u00bfQu\u00e9 huella le gustar\u00eda dejar a trav\u00e9s de su lucha por justicia? <\/b><\/p>\n<p class=\"paragraph\">-Que no haya ninguna otra Mar\u00eda Soledad en ninguna parte del mundo, especialmente en Catamarca y en mi pa\u00eds. Basta ya de cr\u00edmenes por Dios, basta. Les cuento algo, el d\u00eda del aniversario del crimen me levant\u00e9 temprano porque mi nieta espera el colectivo que pasa a las 6:25 m\u00e1s o menos. Y bueno, sal\u00ed hacia el frente de mi casa, yo estoy sobre la ruta. Y record\u00e9 esa misma ma\u00f1ana con un amanecer clarito cuando esperaba que Sole regresara despu\u00e9s del festejo que hicieron para recaudar fondos para el viaje de egresados. Pero no ocurri\u00f3. A esa altura mi hija ya estaba muerta.<\/p>\n","protected":false},"excerpt":{"rendered":"Ada junto a su marido y la foto de su hija Mar\u00eda Soledad Morales \u201cA mi hijita la&hellip;\n","protected":false},"author":2,"featured_media":118845,"comment_status":"","ping_status":"","sticky":false,"template":"","format":"standard","meta":{"footnotes":""},"categories":[42],"tags":[17,18,13,14,11,61,62,63,64,19,20,9,10,15,16,12,21,22,65,66,67],"class_list":{"0":"post-118844","1":"post","2":"type-post","3":"status-publish","4":"format-standard","5":"has-post-thumbnail","7":"category-internacional","8":"tag-breaking-news","9":"tag-breakingnews","10":"tag-featured-news","11":"tag-featurednews","12":"tag-headlines","13":"tag-internacional","14":"tag-international","15":"tag-international-news","16":"tag-internationalnews","17":"tag-latest-news","18":"tag-latestnews","19":"tag-news","20":"tag-noticias","21":"tag-noticias-destacadas","22":"tag-noticiasdestacadas","23":"tag-titulares","24":"tag-ultimas-noticias","25":"tag-ultimasnoticias","26":"tag-world","27":"tag-world-news","28":"tag-worldnews"},"share_on_mastodon":{"url":"","error":""},"_links":{"self":[{"href":"https:\/\/www.europesays.com\/es\/wp-json\/wp\/v2\/posts\/118844","targetHints":{"allow":["GET"]}}],"collection":[{"href":"https:\/\/www.europesays.com\/es\/wp-json\/wp\/v2\/posts"}],"about":[{"href":"https:\/\/www.europesays.com\/es\/wp-json\/wp\/v2\/types\/post"}],"author":[{"embeddable":true,"href":"https:\/\/www.europesays.com\/es\/wp-json\/wp\/v2\/users\/2"}],"replies":[{"embeddable":true,"href":"https:\/\/www.europesays.com\/es\/wp-json\/wp\/v2\/comments?post=118844"}],"version-history":[{"count":0,"href":"https:\/\/www.europesays.com\/es\/wp-json\/wp\/v2\/posts\/118844\/revisions"}],"wp:featuredmedia":[{"embeddable":true,"href":"https:\/\/www.europesays.com\/es\/wp-json\/wp\/v2\/media\/118845"}],"wp:attachment":[{"href":"https:\/\/www.europesays.com\/es\/wp-json\/wp\/v2\/media?parent=118844"}],"wp:term":[{"taxonomy":"category","embeddable":true,"href":"https:\/\/www.europesays.com\/es\/wp-json\/wp\/v2\/categories?post=118844"},{"taxonomy":"post_tag","embeddable":true,"href":"https:\/\/www.europesays.com\/es\/wp-json\/wp\/v2\/tags?post=118844"}],"curies":[{"name":"wp","href":"https:\/\/api.w.org\/{rel}","templated":true}]}}