{"id":118852,"date":"2025-09-16T13:43:04","date_gmt":"2025-09-16T13:43:04","guid":{"rendered":"https:\/\/www.europesays.com\/es\/118852\/"},"modified":"2025-09-16T13:43:04","modified_gmt":"2025-09-16T13:43:04","slug":"reunion-con-el-concejal-del-distrito-centro-de-madrid","status":"publish","type":"post","link":"https:\/\/www.europesays.com\/es\/118852\/","title":{"rendered":"Reuni\u00f3n con el concejal del Distrito Centro de Madrid"},"content":{"rendered":"<p>El pasado mi\u00e9rcoles 10 de septiembre nos reunimos con el <strong>concejal presidente del Distrito Centro en el Ayuntamiento de Madrid<\/strong> para recabar informaci\u00f3n sobre la situaci\u00f3n de la placa dedicada al torero Manuel Rodr\u00edguez\u00a0\u00ab<strong>Manolete\u00bb.<\/strong><\/p>\n<p>Asimismo, compartimos la respuesta de la <strong>Direcci\u00f3n General de Patrimonio Cultural y Paisaje Urbano<\/strong> a nuestro escrito del 29 de agosto, en el que solicit\u00e1bamos detalles sobre esta placa conmemorativa.<\/p>\n","protected":false},"excerpt":{"rendered":"El pasado mi\u00e9rcoles 10 de septiembre nos reunimos con el concejal presidente del Distrito Centro en el Ayuntamiento&hellip;\n","protected":false},"author":2,"featured_media":118853,"comment_status":"","ping_status":"","sticky":false,"template":"","format":"standard","meta":{"footnotes":""},"categories":[277],"tags":[373,168,25,24,23,167,374],"class_list":{"0":"post-118852","1":"post","2":"type-post","3":"status-publish","4":"format-standard","5":"has-post-thumbnail","7":"category-toreo","8":"tag-bullfighting","9":"tag-deportes","10":"tag-es","11":"tag-espana","12":"tag-spain","13":"tag-sports","14":"tag-toreo"},"share_on_mastodon":{"url":"","error":""},"_links":{"self":[{"href":"https:\/\/www.europesays.com\/es\/wp-json\/wp\/v2\/posts\/118852","targetHints":{"allow":["GET"]}}],"collection":[{"href":"https:\/\/www.europesays.com\/es\/wp-json\/wp\/v2\/posts"}],"about":[{"href":"https:\/\/www.europesays.com\/es\/wp-json\/wp\/v2\/types\/post"}],"author":[{"embeddable":true,"href":"https:\/\/www.europesays.com\/es\/wp-json\/wp\/v2\/users\/2"}],"replies":[{"embeddable":true,"href":"https:\/\/www.europesays.com\/es\/wp-json\/wp\/v2\/comments?post=118852"}],"version-history":[{"count":0,"href":"https:\/\/www.europesays.com\/es\/wp-json\/wp\/v2\/posts\/118852\/revisions"}],"wp:featuredmedia":[{"embeddable":true,"href":"https:\/\/www.europesays.com\/es\/wp-json\/wp\/v2\/media\/118853"}],"wp:attachment":[{"href":"https:\/\/www.europesays.com\/es\/wp-json\/wp\/v2\/media?parent=118852"}],"wp:term":[{"taxonomy":"category","embeddable":true,"href":"https:\/\/www.europesays.com\/es\/wp-json\/wp\/v2\/categories?post=118852"},{"taxonomy":"post_tag","embeddable":true,"href":"https:\/\/www.europesays.com\/es\/wp-json\/wp\/v2\/tags?post=118852"}],"curies":[{"name":"wp","href":"https:\/\/api.w.org\/{rel}","templated":true}]}}