{"id":118854,"date":"2025-09-16T13:46:13","date_gmt":"2025-09-16T13:46:13","guid":{"rendered":"https:\/\/www.europesays.com\/es\/118854\/"},"modified":"2025-09-16T13:46:13","modified_gmt":"2025-09-16T13:46:13","slug":"es-extrano-que-a-carlos-alcaraz-no-le-haya-ido-tan-bien-en-el-abierto-de-australia","status":"publish","type":"post","link":"https:\/\/www.europesays.com\/es\/118854\/","title":{"rendered":"Es extra\u00f1o que a Carlos Alcaraz no le haya ido tan bien en el Abierto de Australia"},"content":{"rendered":"<p class=\"c-paragraph\">La carrera de Grand Slams entre <b><a href=\"https:\/\/www.20minutos.es\/tags\/deportes\/carlos-alcaraz.html\" title=\"Carlos Alcaraz\" rel=\"nofollow noopener\" target=\"_blank\">Carlos Alcaraz<\/a> y <a href=\"https:\/\/www.20minutos.es\/tags\/deportes\/jannik-sinner.html\" title=\"Jannik Sinner\" rel=\"nofollow noopener\" target=\"_blank\">Jannik Sinner<\/a><\/b> ha vuelto a quedar empatada en 2-2 este a\u00f1o, igual que el pasado curso. Eso s\u00ed, Carlitos tiene seis y el italiano cuatro, pero lo que no tienen ninguno de los dos es el &#8216;Carrer Slam&#8217;. Tener los cuatro grandes del a\u00f1o, al menos una vez, es una bonita gesta que el icono del tenis y gran rival de Nadal, <b>John Isner<\/b>, tiene claro que conseguir\u00e1 antes el espa\u00f1ol que el italiano.<\/p>\n<p class=\"c-paragraph\">As\u00ed lo ha dicho sin pelos en la lengua el extenista \u2014y gran sacador\u2014 norteamericano en el p\u00f3dcast\u00a0Nothing Major que comparte con los tambi\u00e9n extenistas\u00a0Sam Querrey,\u00a0Jack Sock\u00a0y\u00a0Steve Johnson.\u00a0<\/p>\n<p class=\"c-paragraph\">Su argumento principal, el hecho de que a Carlos solo le falte el Open de Australia, el pr\u00f3ximo que se disputa: \u00abCreo que, simplemente por ser el pr\u00f3ximo Grand Slam\u2026 <b>Es extra\u00f1o que no le haya ido tan bien en ese torneo<\/b>\u00ab, analiz\u00f3 tambi\u00e9n en consonancia de opiniones con Querrey.<\/p>\n<p class=\"c-paragraph\">\u00abZverev le ha superado, Djokovic le ha superado en los \u00faltimos a\u00f1os, as\u00ed que ahora deber\u00eda estar bien. Es extra\u00f1o que no lo haya ganado ya con el nivel al que le vimos en el US Open.\u00a0<b>Si lo consigue, nadie le ganar\u00e1, como sabemos<\/b>\u00ab, a\u00f1adi\u00f3.<\/p>\n<p class=\"c-paragraph\">Sam Querrey tambi\u00e9n se mostr\u00f3 a favor de esa idea y sum\u00f3 otro argumento de peso m\u00e1s:\u00a0\u00abParece m\u00e1s factible que \u00e9l gane en pista dura a que Jannik gane en tierra batida [pues al italiano solo le queda Roland Garros]. <b>No creo que Jannik domine la tierra batida. <\/b>Podr\u00eda haber ganado este a\u00f1o, pero da la sensaci\u00f3n de que, bueno, Jannik se enfrenta a Musetti, y luego a Casper, y luego a Alcaraz; es un poco m\u00e1s dif\u00edcil\u00bb, zanj\u00f3.\u00a0<\/p>\n<p class=\"c-paragraph\">El Open de Australia ser\u00e1 el primero en resolverse en febrero, luego, en junio, sabremos qui\u00e9n es el vencedor de Roland Garros. Carlos podr\u00eda tener una sola bala para cumplir la premonici\u00f3n de Isner.<\/p>\n","protected":false},"excerpt":{"rendered":"La carrera de Grand Slams entre Carlos Alcaraz y Jannik Sinner ha vuelto a quedar empatada en 2-2&hellip;\n","protected":false},"author":2,"featured_media":118855,"comment_status":"","ping_status":"","sticky":false,"template":"","format":"standard","meta":{"footnotes":""},"categories":[274],"tags":[7164,168,25,24,15228,39479,25472,23,167,327,326],"class_list":{"0":"post-118854","1":"post","2":"type-post","3":"status-publish","4":"format-standard","5":"has-post-thumbnail","7":"category-tenis","8":"tag-da","9":"tag-deportes","10":"tag-es","11":"tag-espana","12":"tag-icono","13":"tag-isner","14":"tag-john","15":"tag-spain","16":"tag-sports","17":"tag-tenis","18":"tag-tennis"},"share_on_mastodon":{"url":"","error":""},"_links":{"self":[{"href":"https:\/\/www.europesays.com\/es\/wp-json\/wp\/v2\/posts\/118854","targetHints":{"allow":["GET"]}}],"collection":[{"href":"https:\/\/www.europesays.com\/es\/wp-json\/wp\/v2\/posts"}],"about":[{"href":"https:\/\/www.europesays.com\/es\/wp-json\/wp\/v2\/types\/post"}],"author":[{"embeddable":true,"href":"https:\/\/www.europesays.com\/es\/wp-json\/wp\/v2\/users\/2"}],"replies":[{"embeddable":true,"href":"https:\/\/www.europesays.com\/es\/wp-json\/wp\/v2\/comments?post=118854"}],"version-history":[{"count":0,"href":"https:\/\/www.europesays.com\/es\/wp-json\/wp\/v2\/posts\/118854\/revisions"}],"wp:featuredmedia":[{"embeddable":true,"href":"https:\/\/www.europesays.com\/es\/wp-json\/wp\/v2\/media\/118855"}],"wp:attachment":[{"href":"https:\/\/www.europesays.com\/es\/wp-json\/wp\/v2\/media?parent=118854"}],"wp:term":[{"taxonomy":"category","embeddable":true,"href":"https:\/\/www.europesays.com\/es\/wp-json\/wp\/v2\/categories?post=118854"},{"taxonomy":"post_tag","embeddable":true,"href":"https:\/\/www.europesays.com\/es\/wp-json\/wp\/v2\/tags?post=118854"}],"curies":[{"name":"wp","href":"https:\/\/api.w.org\/{rel}","templated":true}]}}