{"id":118856,"date":"2025-09-16T13:47:10","date_gmt":"2025-09-16T13:47:10","guid":{"rendered":"https:\/\/www.europesays.com\/es\/118856\/"},"modified":"2025-09-16T13:47:10","modified_gmt":"2025-09-16T13:47:10","slug":"pello-bilbao-critica-la-hipocresia-de-la-uci-tras-las-protestas-en-la-vuelta-2025","status":"publish","type":"post","link":"https:\/\/www.europesays.com\/es\/118856\/","title":{"rendered":"Pello Bilbao critica la \u201chipocres\u00eda\u201d de la UCI tras las protestas en la Vuelta 2025"},"content":{"rendered":"<p>\n        El ciclista <a href=\"https:\/\/www.noticiasdenavarra.com\/tags\/pello-bilbao\/\" title=\"Pello Bilbao\" class=\"link copy\" rel=\"nofollow noopener\" target=\"_blank\">Pello Bilbao<\/a> se ha pronunciado sobre las <a href=\"https:\/\/www.noticiasdenavarra.com\/ciclismo\/2025\/09\/15\/guillen-vuelta-podia-haber-convivido-manifestaciones-10085676.html\" title=\"protestas en favor de Palestina\" class=\"link copy\" rel=\"nofollow noopener\" target=\"_blank\">protestas en favor de Palestina<\/a> que marcaron la Vuelta a Espa\u00f1a 2025 y que obligaron a cancelar la \u00faltima etapa en Madrid. El corredor del <strong>Bahrain Victorious<\/strong> se\u00f1al\u00f3 la \u201c<strong>hipocres\u00eda<\/strong>\u201d de la UCI, al comparar su actuaci\u00f3n con el veto al equipo ruso Gazprom en 2022, y cuestion\u00f3 la falta de decisi\u00f3n previa para evitar tensiones.\n<\/p>\n<p class=\"article-body__text \">\n        En una entrevista con <a href=\"https:\/\/www.elperiodico.com\/es\/deportes\/20250915\/entiendo-hipocresia-uci-gaza-genocidio-entrevista-pello-bilbao-121605088\" title=\"El Peri\u00f3dico\" rel=\"nofollow noopener\" target=\"_blank\" class=\"link copy\">El Peri\u00f3dico<\/a>, <strong>Bilbao destac\u00f3 la importancia de quienes han dado visibilidad al conflicto en Gaza<\/strong> y denunci\u00f3 la muerte de civiles y periodistas: \u201c<strong>Hay que hacer ruido para abrir los ojos a la poblaci\u00f3n<\/strong>\u201d. Aunque mostr\u00f3 empat\u00eda hacia los ciclistas del <strong>Israel-Premier Tech<\/strong>, reconoci\u00f3 que la situaci\u00f3n es complicada y que los propios corredores sufren las consecuencias: \u00abNo me resulta f\u00e1cil opinar sobre este tema y decir que quiero al Israel Premier Tech fuera del pelot\u00f3n cuando <strong>tengo a excompa\u00f1eros y gente conocida all\u00ed dentro con los que me llevo bien y s\u00e9 que trabajan duro en el equipo<\/strong>. Es una situaci\u00f3n muy complicada y ellos sufren tambi\u00e9n\u00bb.\n<\/p>\n<p>  Una orden que \u00abdeber\u00eda haber ido a misa\u00bb<\/p>\n<p class=\"article-body__text \">\n        \u00abSi se hubiese tomado una decisi\u00f3n antes de comenzar la Vuelta <strong>se pod\u00edan haber evitado las protestas<\/strong>. Pero deb\u00edan haberlo hecho los que ten\u00edan potestad para ello. Entiendo que Unipublic, como organizador, <strong>no es la entidad que deb\u00eda realizarlo<\/strong>.\n<\/p>\n<p>    <a href=\"https:\/\/www.noticiasdenavarra.com\/fotos\/2025\/09\/14\/cargas-policiales-madrid-manifestantes-propalestina-10082653.html\" rel=\"nofollow noopener\" target=\"_blank\"><\/p>\n<p>    <img loading=\"lazy\" decoding=\"async\" class=\"lazy-place\" src=\"data:image\/svg+xml,%3Csvg xmlns=&quot;http:\/\/www.w3.org\/2000\/svg&quot; viewBox=&quot;0 0 880 495&quot;%3E%3C\/svg%3E\" height=\"495\" width=\"880\" alt=\"\" style=\"width:100%; height:auto; max-width:100%;\"\/><\/p>\n<p>    <\/a><\/p>\n<p>    <a href=\"https:\/\/www.noticiasdenavarra.com\/fotos\/2025\/09\/14\/cargas-policiales-madrid-manifestantes-propalestina-10082653.html\" class=\"article-photo__multimedia\" rel=\"nofollow noopener\" target=\"_blank\"><\/p>\n<p>        37<br \/>\n    <\/a><\/p>\n<p class=\"article-photo__footer\">\n        Cargas policiales en Madrid contra los manifestantes propalestina<br \/>\n                    EFE\/EP\n            <\/p>\n<p class=\"article-body__text \">\n        Pero, al contrario, s\u00ed que pod\u00edan haberlo decidido <strong>los jueces de carrera, la UCI o el propio Gobierno<\/strong>, que es el que garantiza la seguridad en carrera. Supongo que, si el Gobierno hubiese decidido que el equipo de Israel no participaba, <strong>la orden deber\u00eda haber ido a misa<\/strong>. Me parece que son los m\u00e1ximos responsables en una carrera que se disputa en Espa\u00f1a\u00bb.\n<\/p>\n<p>  <strong>\u00abMenos mal que hay gente que tiene conciencia\u00bb<\/strong><\/p>\n<p class=\"article-body__text \">\n        El vasco, que en sus redes sociales ha compartido en los \u00faltimos meses numerosa informaci\u00f3n sobre el ataque a Gaza, advirti\u00f3 adem\u00e1s que los incidentes en la Vuelta reflejan la vulnerabilidad del ciclismo como deporte \u201c<strong>a campo abierto<\/strong>\u201d, insistiendo en que la UCI y <a href=\"https:\/\/www.noticiasdenavarra.com\/politica\/2025\/09\/16\/moncloa-protestas-vuelta-pp-denuncia-10088732.html\" title=\"el Gobierno espa\u00f1ol deber\u00edan haberse anticipado a lo ocurrido\" class=\"link copy\" rel=\"nofollow noopener\" target=\"_blank\">el Gobierno espa\u00f1ol deber\u00edan haberse anticipado a lo ocurrido<\/a>. \u00ab<strong>Menos mal que hay gente que tiene conciencia y visibiliza este problema porque en Gaza est\u00e1 muriendo gente inocente, entre ellos ni\u00f1os y periodistas<\/strong>. Hay que hacer ruido y dar las gracias a las personas que salen a la calle o se embarcan en una flotilla y se juegan el pellejo para llevar alimentos y romper el bloqueo a Palestina. <strong>A ver si as\u00ed se abre los ojos a la poblaci\u00f3n en general<\/strong>\u00ab, expresa en la entrevista el ciclista de Gernika.<\/p>\n","protected":false},"excerpt":{"rendered":"El ciclista Pello Bilbao se ha pronunciado sobre las protestas en favor de Palestina que marcaron la Vuelta&hellip;\n","protected":false},"author":2,"featured_media":118857,"comment_status":"","ping_status":"","sticky":false,"template":"","format":"standard","meta":{"footnotes":""},"categories":[273],"tags":[2601,313,1497,312,168,25,24,39404,12609,23,167,11214],"class_list":{"0":"post-118856","1":"post","2":"type-post","3":"status-publish","4":"format-standard","5":"has-post-thumbnail","7":"category-ciclismo","8":"tag-bilbao","9":"tag-ciclismo","10":"tag-critica","11":"tag-cycling","12":"tag-deportes","13":"tag-es","14":"tag-espana","15":"tag-hipocresia","16":"tag-pello","17":"tag-spain","18":"tag-sports","19":"tag-uci"},"share_on_mastodon":{"url":"","error":""},"_links":{"self":[{"href":"https:\/\/www.europesays.com\/es\/wp-json\/wp\/v2\/posts\/118856","targetHints":{"allow":["GET"]}}],"collection":[{"href":"https:\/\/www.europesays.com\/es\/wp-json\/wp\/v2\/posts"}],"about":[{"href":"https:\/\/www.europesays.com\/es\/wp-json\/wp\/v2\/types\/post"}],"author":[{"embeddable":true,"href":"https:\/\/www.europesays.com\/es\/wp-json\/wp\/v2\/users\/2"}],"replies":[{"embeddable":true,"href":"https:\/\/www.europesays.com\/es\/wp-json\/wp\/v2\/comments?post=118856"}],"version-history":[{"count":0,"href":"https:\/\/www.europesays.com\/es\/wp-json\/wp\/v2\/posts\/118856\/revisions"}],"wp:featuredmedia":[{"embeddable":true,"href":"https:\/\/www.europesays.com\/es\/wp-json\/wp\/v2\/media\/118857"}],"wp:attachment":[{"href":"https:\/\/www.europesays.com\/es\/wp-json\/wp\/v2\/media?parent=118856"}],"wp:term":[{"taxonomy":"category","embeddable":true,"href":"https:\/\/www.europesays.com\/es\/wp-json\/wp\/v2\/categories?post=118856"},{"taxonomy":"post_tag","embeddable":true,"href":"https:\/\/www.europesays.com\/es\/wp-json\/wp\/v2\/tags?post=118856"}],"curies":[{"name":"wp","href":"https:\/\/api.w.org\/{rel}","templated":true}]}}