{"id":118864,"date":"2025-09-16T13:51:07","date_gmt":"2025-09-16T13:51:07","guid":{"rendered":"https:\/\/www.europesays.com\/es\/118864\/"},"modified":"2025-09-16T13:51:07","modified_gmt":"2025-09-16T13:51:07","slug":"muere-robert-redford-legendario-actor-y-director-de-hollywood-a-los-89-anos","status":"publish","type":"post","link":"https:\/\/www.europesays.com\/es\/118864\/","title":{"rendered":"Muere Robert Redford, legendario actor y director de Hollywood, a los 89 a\u00f1os"},"content":{"rendered":"<p><a href=\"https:\/\/theobjective.com\/etiqueta\/robert-redford\/\" rel=\"nofollow noopener\" target=\"_blank\">Robert Redford<\/a>, legendario <a href=\"https:\/\/theobjective.com\/etiqueta\/directores-de-cine\/\" rel=\"nofollow noopener\" target=\"_blank\">director<\/a> y <a href=\"https:\/\/theobjective.com\/etiqueta\/actores\/\" rel=\"nofollow noopener\" target=\"_blank\">actor<\/a> protagonista de filmes como El golpe, Memorias de \u00c1frica o Dos hombres y un destino, ha muerto la madrugada del martes en su <strong>casa de Utah (<a href=\"https:\/\/theobjective.com\/etiqueta\/estados-unidos\/\" rel=\"nofollow noopener\" target=\"_blank\">Estados Unidos<\/a>) a los 89 a\u00f1os.<\/strong><\/p>\n<p>Su fallecimiento, en las monta\u00f1as de las afueras de Provo, fue anunciado en un comunicado por Cindi Berger, directora ejecutiva de la empresa de publicidad Rogers &amp; Cowan PMK. Seg\u00fan recoge <strong>The New York Times<\/strong>, la publicista confirm\u00f3 que Redford hab\u00eda muerto <strong>mientras dorm\u00eda, <\/strong>pero no especific\u00f3 la causa.<\/p>\n<p>Fundador del <strong>Festival de cine de Sundance <\/strong>y ganador de tres premios Oscar, entre ellos el premio honor\u00edfico de la Academia de Hollywood a toda su carrera que recibi\u00f3 en 2002, la filmograf\u00eda de Redford incluye t\u00edtulos como La jaur\u00eda humana (1966), Dos hombres y un destino (1969), El candidato (1972), El golpe (1973), Nuestros a\u00f1os felices (1973), Los tres d\u00edas del c\u00f3ndor (1975) o Todos los hombres del presidente (1976) o Gente corriente (1980), su debut como director con el que gan\u00f3 el Oscar a la mejor pel\u00edcula y mejor direcci\u00f3n.<\/p>\n<p>En su trayector\u00eda como actor tambi\u00e9n destacan \u2018Los tres d\u00edas del c\u00f3ndor\u2019 (1975), \u2018Todos los hombres del presidente\u2019 (1976), \u2018Brubaker\u2019 (1980), \u2018Memorias de \u00c1frica\u2019 (1985), \u2018Una proposici\u00f3n indecente\u2019 (1993) \u2018Cuando todo est\u00e1 perdido\u2019 (2013) o \u2018Capit\u00e1n Am\u00e9rica: El Soldado de Invierno\u2019 (2014) de Marvel.<\/p>\n<p>En 1980 Redford estren\u00f3 \u2018Gente corriente\u2019, su debut como director con el que gan\u00f3 el Oscar a la mejor pel\u00edcula y mejor direcci\u00f3n. El filme consigui\u00f3 tambi\u00e9n el premio al mejor actor secundario para Timothy Hutton y el de mejor guion adaptado para Alvin Sargent. Redford volvi\u00f3 a ponerse tras las c\u00e1maras en 1988 para dirigir el drama rural \u2018Un lugar llamado Milagro\u2019, en 1992 para alumbrar \u2018El r\u00edo de la vida\u2019 y en 1994 con el trhiller televisivo \u2018Quiz Show. El dilema\u2019. En 1998 dirigi\u00f3 y protagoniz\u00f3 el popular drama rom\u00e1ntico \u2018El hombre que susurraba a los caballos\u2019 y en el a\u00f1o 2000 dirigi\u00f3 a Will Smith, Matt Damon y Charlize Theron en \u2018La leyenda de Bagger Vance\u2019.<\/p>\n<p>Comparti\u00f3 planos y dirigi\u00f3 a Meryl Streep y Tom Cruise en el thriller pol\u00edtico \u2018Leones por corderos\u2019 (2007) y despu\u00e9s llegar\u00f3n \u2018La conspiraci\u00f3n\u2019 (2010), un drama judicial con James McAvoy y Robin Wright, y \u2018Pacto de silencio\u2019 (2012), su \u00faltimo filme como director en el que tambi\u00e9n se puso ante las c\u00e1maras para compartir planos con Shia LaBeouf, Nick Nolte, Susan Sarandon y Julie Christie.<\/p>\n<p>En su apogeo de los a\u00f1os 70 y 80, pocos actores pose\u00edan la potencia estelar de Redford, el chico de oro de Hollywood y el hombre de la sonrisa de mill\u00f3n de d\u00f3lares. Con su activismo ecologista, su enfoque antisistema dentro de la industria y sus esfuerzos pioneros por ofrecer una plataforma a los cineastas independientes, Redford supo utilizar enorme fama como gran estrella para subvertir el \u2018statu quo\u2019 hollywoodiense al tiempo que impulsaba su propia agenda creativa con la fundaci\u00f3n y el Festival Sundance como gran legado.<\/p>\n<p>El actor y director hab\u00eda trabajado con menos frecuencia tanto delante como detr\u00e1s de la c\u00e1maras en los \u00faltimos a\u00f1os. Su \u00faltimo trabajo como actor en pantalla fue para el UCM en \u2018Vengadores: Endgame\u2019 (2019), en la que retom\u00f3 su papel del secretario Alexander Pierce y se uni\u00f3 a otros veteranos de Marvel como Michael Douglas o Tilda Swinton.<\/p>\n","protected":false},"excerpt":{"rendered":"Robert Redford, legendario director y actor protagonista de filmes como El golpe, Memorias de \u00c1frica o Dos hombres&hellip;\n","protected":false},"author":2,"featured_media":118865,"comment_status":"","ping_status":"","sticky":false,"template":"","format":"standard","meta":{"footnotes":""},"categories":[174],"tags":[1014,255,177,22098,146,147,25,24,629,256,724,8050,39481,23536,23,36814],"class_list":{"0":"post-118864","1":"post","2":"type-post","3":"status-publish","4":"format-standard","5":"has-post-thumbnail","7":"category-famosos","8":"tag-actores","9":"tag-celebrities","10":"tag-cine","11":"tag-directores-de-cine","12":"tag-entertainment","13":"tag-entretenimiento","14":"tag-es","15":"tag-espana","16":"tag-estados-unidos","17":"tag-famosos","18":"tag-obituarios","19":"tag-pelu00edculas","20":"tag-premios-oscar-2025","21":"tag-robert-redford","22":"tag-spain","23":"tag-utah"},"share_on_mastodon":{"url":"","error":""},"_links":{"self":[{"href":"https:\/\/www.europesays.com\/es\/wp-json\/wp\/v2\/posts\/118864","targetHints":{"allow":["GET"]}}],"collection":[{"href":"https:\/\/www.europesays.com\/es\/wp-json\/wp\/v2\/posts"}],"about":[{"href":"https:\/\/www.europesays.com\/es\/wp-json\/wp\/v2\/types\/post"}],"author":[{"embeddable":true,"href":"https:\/\/www.europesays.com\/es\/wp-json\/wp\/v2\/users\/2"}],"replies":[{"embeddable":true,"href":"https:\/\/www.europesays.com\/es\/wp-json\/wp\/v2\/comments?post=118864"}],"version-history":[{"count":0,"href":"https:\/\/www.europesays.com\/es\/wp-json\/wp\/v2\/posts\/118864\/revisions"}],"wp:featuredmedia":[{"embeddable":true,"href":"https:\/\/www.europesays.com\/es\/wp-json\/wp\/v2\/media\/118865"}],"wp:attachment":[{"href":"https:\/\/www.europesays.com\/es\/wp-json\/wp\/v2\/media?parent=118864"}],"wp:term":[{"taxonomy":"category","embeddable":true,"href":"https:\/\/www.europesays.com\/es\/wp-json\/wp\/v2\/categories?post=118864"},{"taxonomy":"post_tag","embeddable":true,"href":"https:\/\/www.europesays.com\/es\/wp-json\/wp\/v2\/tags?post=118864"}],"curies":[{"name":"wp","href":"https:\/\/api.w.org\/{rel}","templated":true}]}}