{"id":118868,"date":"2025-09-16T13:53:07","date_gmt":"2025-09-16T13:53:07","guid":{"rendered":"https:\/\/www.europesays.com\/es\/118868\/"},"modified":"2025-09-16T13:53:07","modified_gmt":"2025-09-16T13:53:07","slug":"con-libros-y-lectura-refuerzan-el-vinculo-entre-mujeres-presas-y-sus-hijos","status":"publish","type":"post","link":"https:\/\/www.europesays.com\/es\/118868\/","title":{"rendered":"Con libros y lectura, refuerzan el v\u00ednculo entre mujeres presas y sus hijos"},"content":{"rendered":"<p class=\"com-paragraph  --capital --s\">Con el objetivo de reforzar el v\u00ednculo,<strong> mujeres presas y sus hijos de hasta cuatro a\u00f1os con los que conviven en una c\u00e1rcel bonaerense comenzaron un taller de vinculaci\u00f3n literaria con encuentros quincenales de 90 minutos<\/strong>.<\/p>\n<p class=\"com-paragraph   --s\">\u201cLa iniciativa se desarrolla en la Unidad 33 Los Hornos, dependiente del Servicio Penitenciario Bonaerense (SPB) y est\u00e1 a cargo de la Fundaci\u00f3n AS luego de un acuerdo con el Ministerio de Justicia y Derechos Humanos de, y tiene como objetivo de reforzar el v\u00ednculo madre e hijo a trav\u00e9s de los libros\u201d, inform\u00f3 el SPB en un comunicado de prensa.<\/p>\n<p class=\"com-paragraph   --s\">En el primer encuentro participaron la<strong> presidenta de la Fundaci\u00f3n AS, Ana Sicilia<\/strong>, y la escritora, periodista y poeta Flor Codagnone, quienes en el Sal\u00f3n de Usos M\u00faltiples del sector escuela de la c\u00e1rcel interactuaron con m\u00e1s de 20 presas que son madres y ocho.<\/p>\n<p class=\"com-paragraph   --s\">\u201cEl Taller de Vinculaci\u00f3n Literaria se brinda como un espacio de intimidad y acercamiento entre madres e hijos en contextos de encierro a trav\u00e9s de la lectura, la narraci\u00f3n oral y el juego. En la fundamentaci\u00f3n de la propuesta se explic\u00f3 que entendemos a la lectura como herramienta de expresi\u00f3n y pensamiento\u201d, se agreg\u00f3 en el citado comunicado<\/p>\n<p>En el primer encuentro participaron la presidenta de la Fundaci\u00f3n AS, Ana Sicilia, y la escritora, periodista y poeta Flor CodagnoneSPB<\/p>\n<p class=\"com-paragraph   --s\"> Y se agreg\u00f3: Adem\u00e1s, de su instancia l\u00fadica e imaginativa, buscamos que las madres puedan reforzar el v\u00ednculo amoroso y l\u00fadico con sus hijos desde lo literario. Los objetivos del taller son que los participantes reconozcan y apliquen herramientas de la narraci\u00f3n oral, entrenen la comprensi\u00f3n lectora, desarrollen una mirada cr\u00edtica y l\u00fadica sobre la realidad, se brinden al juego y desarrollen su creatividad, originalidad y afecto\u00bb.<\/p>\n<p class=\"com-paragraph   --s\">Codagnone se dedica a la divulgaci\u00f3n y a la mediaci\u00f3n de poes\u00eda, forma parte del equipo de educaci\u00f3n del Museo Evita y es responsable de desarrollo territorial de la Fundaci\u00f3n As.<\/p>\n<p class=\"com-paragraph   --s\">Sicilia desde el a\u00f1o 2017 y, a partir de una vocaci\u00f3n personal, recorre distintas c\u00e1rceles de la Argentina, fomentando la lectura como una herramienta de igualdad e integraci\u00f3n social y entregando donaciones de libros a las personas presas.<\/p>\n","protected":false},"excerpt":{"rendered":"Con el objetivo de reforzar el v\u00ednculo, mujeres presas y sus hijos de hasta cuatro a\u00f1os con los&hellip;\n","protected":false},"author":2,"featured_media":118869,"comment_status":"","ping_status":"","sticky":false,"template":"","format":"standard","meta":{"footnotes":""},"categories":[172],"tags":[224,146,147,25,24,225,23],"class_list":{"0":"post-118868","1":"post","2":"type-post","3":"status-publish","4":"format-standard","5":"has-post-thumbnail","7":"category-libros","8":"tag-books","9":"tag-entertainment","10":"tag-entretenimiento","11":"tag-es","12":"tag-espana","13":"tag-libros","14":"tag-spain"},"share_on_mastodon":{"url":"","error":""},"_links":{"self":[{"href":"https:\/\/www.europesays.com\/es\/wp-json\/wp\/v2\/posts\/118868","targetHints":{"allow":["GET"]}}],"collection":[{"href":"https:\/\/www.europesays.com\/es\/wp-json\/wp\/v2\/posts"}],"about":[{"href":"https:\/\/www.europesays.com\/es\/wp-json\/wp\/v2\/types\/post"}],"author":[{"embeddable":true,"href":"https:\/\/www.europesays.com\/es\/wp-json\/wp\/v2\/users\/2"}],"replies":[{"embeddable":true,"href":"https:\/\/www.europesays.com\/es\/wp-json\/wp\/v2\/comments?post=118868"}],"version-history":[{"count":0,"href":"https:\/\/www.europesays.com\/es\/wp-json\/wp\/v2\/posts\/118868\/revisions"}],"wp:featuredmedia":[{"embeddable":true,"href":"https:\/\/www.europesays.com\/es\/wp-json\/wp\/v2\/media\/118869"}],"wp:attachment":[{"href":"https:\/\/www.europesays.com\/es\/wp-json\/wp\/v2\/media?parent=118868"}],"wp:term":[{"taxonomy":"category","embeddable":true,"href":"https:\/\/www.europesays.com\/es\/wp-json\/wp\/v2\/categories?post=118868"},{"taxonomy":"post_tag","embeddable":true,"href":"https:\/\/www.europesays.com\/es\/wp-json\/wp\/v2\/tags?post=118868"}],"curies":[{"name":"wp","href":"https:\/\/api.w.org\/{rel}","templated":true}]}}