{"id":118870,"date":"2025-09-16T13:54:09","date_gmt":"2025-09-16T13:54:09","guid":{"rendered":"https:\/\/www.europesays.com\/es\/118870\/"},"modified":"2025-09-16T13:54:09","modified_gmt":"2025-09-16T13:54:09","slug":"no-se-comunican-y-no-se-fian-uno-del-otro","status":"publish","type":"post","link":"https:\/\/www.europesays.com\/es\/118870\/","title":{"rendered":"\u00abNo se comunican y no se f\u00edan uno del otro\u00bb"},"content":{"rendered":"<p><img decoding=\"async\" class=\"voc-author__img\" src=\"https:\/\/www.europesays.com\/es\/wp-content\/uploads\/2025\/09\/autor-5261-foto-4.png\" alt=\"Mari Carmen Parra\"\/><\/p>\n<p class=\"voc-p\" style=\"\">Mucho se ha hablado \u00faltimamente de <strong>Camela<\/strong>. Y es que, el grupo ha cancelado sus \u00faltimos conciertos debido a problemas de salud de Dioni. Sin embargo, tal y como ha sacado a la luz &#8216;<strong>Espejo P\u00fablico<\/strong>&#8216; (<a href=\"https:\/\/www.abc.es\/noticias\/antena-3\/\" target=\"_self\" data-voc-vtm-id=\"in-text-traffic\" title=\"Antena 3\" data-mrf-link=\"www.abc.es\" rel=\"nofollow noopener\">Antena 3<\/a>), no todos los males del grupo vendr\u00edan a ra\u00edz de los problemas del cantante, ya que la relaci\u00f3n entre este y \u00c1ngeles tampoco ser\u00eda la mejor en estos momentos.<\/p>\n<p class=\"voc-p\" style=\"\">\u00abElche, Toledo, Ja\u00e9n, Soria. Son solo algunos de los conciertos que <strong>Camela<\/strong> a suspendido en las \u00faltimas semanas\u00bb, comenzaba introduciendo Nando Escribano, colaborador de &#8216;<a href=\"https:\/\/www.abc.es\/noticias\/espejo-publico\/\" target=\"_self\" data-voc-vtm-id=\"in-text-traffic\" title=\"Espejo P\u00fablico&#039;\" data-mrf-link=\"www.abc.es\" rel=\"nofollow noopener\">Espejo P\u00fablico&#8217;<\/a>, que se hac\u00eda eco de las <strong>quejas<\/strong> de los seguidores del grupo que ped\u00edan \u00abm\u00e1s explicaciones\u00bb, despu\u00e9s de ver que Dioni hab\u00eda subido un v\u00eddeo a sus redes sociales. \u00ab\u00bfQu\u00e9 le ocurre?\u00bb, se preguntaba el periodista del matinal que anunciaba que hab\u00edan hablado con \u00c1ngeles.<\/p>\n<p class=\"voc-p\" style=\"\">\u00abLa sorpresa nos viene cuando nos dice que hace tiempo que no habla con \u00e9l\u00bb, se\u00f1alaba Nando Escribano que comunicaba que tambi\u00e9n hab\u00eda conversado con un productor que les hab\u00eda revelado cu\u00e1l era \u00abla <strong>relaci\u00f3n<\/strong> real\u00bb entre los dos componentes de <strong>Camela<\/strong>. \u00abNo se comunican y no se f\u00edan uno del otro\u00bb, afirmaba el periodista de &#8216;<a href=\"https:\/\/www.abc.es\/play\/television\/noticias\/susanna-griso-senala-tve-pedro-delgado-criticas-20250915130901-nt.html\" target=\"_self\" data-voc-vtm-id=\"in-text-traffic\" title=\"Espejo P\u00fablico\" data-mrf-link=\"www.abc.es\" rel=\"nofollow noopener\">Espejo P\u00fablico<\/a>&#8216;, mientras que Miquel Valls destapaba un episodio entre los miembros del grupo que dejaba a todos en &#8216;shock&#8217;.<\/p>\n<p class=\"voc-p\" style=\"\">\u00abA ellos se les contrata hace poco para un trabajo y, evidentemente, tienen que ir los dos. La primera exigencia que piden ellos es no coincidir en este trabajo, que un d\u00eda vaya uno y luego otro. Era una grabaci\u00f3n de un tema y no lo grabaron juntos, lo tuvieron que grabar por separado con dos pistas distintas. Si a esto no lo llamamos una mala relaci\u00f3n en lo profesional?, \u00bfsi no se pueden juntar? No quer\u00edan ni encontrarse\u00bb, afirmaba el copresentador de &#8216;<strong>Espejo P\u00fablico<\/strong>&#8216; sobre lo ocurrido entre \u00c1ngeles y Dioni de <strong>Camela<\/strong>.<\/p>\n<p class=\"voc-p\" style=\"\">Pero, estas no solo fueron las \u00fanicas manifestaciones que pusieron en entredicho la relaci\u00f3n de \u00c1ngeles y Dioni, ya que &#8216;Espejo P\u00fablico&#8217; contactaba tambi\u00e9n con un productor. \u00abEl buen rollo que veis en el escenario y complicidad es mentira no se llevan bien, tienen <strong>mal rollo<\/strong>\u00bb, aseguraba el testimonio. \u00abTe piden camerinos por separado, quieren que los microfonen por separado, la primera vez que se ven es en el escenario&#8230; Intentan enterarse sin que t\u00fa lo sepas cuanto cobra el otro, te llama gente de confianza y te lo intentan sonsacar. Hay envidias y mal rollo\u00bb, aseguraba el invitado an\u00f3nimo del <a href=\"https:\/\/www.abc.es\/play\/television\/noticias\/soto-ivars-replica-rotunda-tve-tras-polemica-20250912125829-nt.html\" target=\"_self\" data-voc-vtm-id=\"in-text-traffic\" title=\"matinal\" data-mrf-link=\"www.abc.es\" rel=\"nofollow noopener\">matinal<\/a> de Antena 3 de <strong>Camela<\/strong>.<\/p>\n<p class=\"voc-p\" style=\"\">Entonces, la <strong>representante<\/strong> de <strong>Camela<\/strong> llam\u00f3 en directo a &#8216;Espejo P\u00fablico&#8217; y neg\u00f3 todo lo que se hab\u00eda hablado. Un hecho que motiv\u00f3 a Susanna Griso a emplazarla a otro d\u00eda para aclarar todo.<\/p>\n<p>Reportar un error<\/p>\n","protected":false},"excerpt":{"rendered":"Mucho se ha hablado \u00faltimamente de Camela. Y es que, el grupo ha cancelado sus \u00faltimos conciertos debido&hellip;\n","protected":false},"author":2,"featured_media":118871,"comment_status":"","ping_status":"","sticky":false,"template":"","format":"standard","meta":{"footnotes":""},"categories":[171],"tags":[3586,16971,39482,20903,13610,146,147,25,24,39483,2848,100,5977,23,214],"class_list":{"0":"post-118870","1":"post","2":"type-post","3":"status-publish","4":"format-standard","5":"has-post-thumbnail","7":"category-tv","8":"tag-actual","9":"tag-camela","10":"tag-comunican","11":"tag-cuestionan","12":"tag-destapan","13":"tag-entertainment","14":"tag-entretenimiento","15":"tag-es","16":"tag-espana","17":"tag-fian","18":"tag-futuro","19":"tag-grupo","20":"tag-relacion","21":"tag-spain","22":"tag-tv"},"share_on_mastodon":{"url":"","error":""},"_links":{"self":[{"href":"https:\/\/www.europesays.com\/es\/wp-json\/wp\/v2\/posts\/118870","targetHints":{"allow":["GET"]}}],"collection":[{"href":"https:\/\/www.europesays.com\/es\/wp-json\/wp\/v2\/posts"}],"about":[{"href":"https:\/\/www.europesays.com\/es\/wp-json\/wp\/v2\/types\/post"}],"author":[{"embeddable":true,"href":"https:\/\/www.europesays.com\/es\/wp-json\/wp\/v2\/users\/2"}],"replies":[{"embeddable":true,"href":"https:\/\/www.europesays.com\/es\/wp-json\/wp\/v2\/comments?post=118870"}],"version-history":[{"count":0,"href":"https:\/\/www.europesays.com\/es\/wp-json\/wp\/v2\/posts\/118870\/revisions"}],"wp:featuredmedia":[{"embeddable":true,"href":"https:\/\/www.europesays.com\/es\/wp-json\/wp\/v2\/media\/118871"}],"wp:attachment":[{"href":"https:\/\/www.europesays.com\/es\/wp-json\/wp\/v2\/media?parent=118870"}],"wp:term":[{"taxonomy":"category","embeddable":true,"href":"https:\/\/www.europesays.com\/es\/wp-json\/wp\/v2\/categories?post=118870"},{"taxonomy":"post_tag","embeddable":true,"href":"https:\/\/www.europesays.com\/es\/wp-json\/wp\/v2\/tags?post=118870"}],"curies":[{"name":"wp","href":"https:\/\/api.w.org\/{rel}","templated":true}]}}