{"id":118886,"date":"2025-09-16T14:02:09","date_gmt":"2025-09-16T14:02:09","guid":{"rendered":"https:\/\/www.europesays.com\/es\/118886\/"},"modified":"2025-09-16T14:02:09","modified_gmt":"2025-09-16T14:02:09","slug":"israel-anuncia-el-inicio-de-una-gran-ofensiva-militar-terrestre-en-la-ciudad-de-gaza","status":"publish","type":"post","link":"https:\/\/www.europesays.com\/es\/118886\/","title":{"rendered":"Israel anuncia el inicio de \u00abuna gran ofensiva militar\u00bb terrestre en la Ciudad de Gaza"},"content":{"rendered":"<p><img fetchpriority=\"high\" decoding=\"async\" src=\"https:\/\/www.europesays.com\/es\/wp-content\/uploads\/2025\/09\/793a9700-92ee-11f0-9cf6-cbf3e73ce2b9.jpg.webp.webp\"   alt=\"Una nube de humo cubre los escombros de la Ciudad de Gaza\" loading=\"eager\" width=\"1024\" height=\"683\" style=\"aspect-ratio:1024 \/ 683\" class=\"bbc-139onq\"\/><\/p>\n<p class=\"bbc-by8ykd\" role=\"text\">Fuente de la imagen, Getty Images<\/p>\n<p>Pie de foto, Fuertes bombardeos y ataques con artiller\u00eda pesada se han escuchado en las \u00faltimas  horas cerca de la Ciudad de Gaza. <strong id=\"article-byline\" aria-hidden=\"true\" class=\"bbc-m04vo2\">Informaci\u00f3n del art\u00edculo<\/strong><\/p>\n<ul class=\"bbc-1rvtlej\">\n<li class=\"bbc-oe8da4\">\n<ul role=\"list\" class=\"bbc-r1yif8\">\n<li>Autor, Redacci\u00f3n<\/li>\n<li>T\u00edtulo del autor,  BBC News Mundo<\/li>\n<\/ul>\n<\/li>\n<li class=\"bbc-1clfxfc\">16 septiembre 2025, 10:21 GMT\n<p>Actualizado 1 hora<\/p>\n<\/li>\n<li class=\"bbc-1clfxfc\"\/><\/ul>\n<p dir=\"ltr\" class=\"bbc-hhl7in e17g058b0\"><b>El primer ministro de Israel, Benjamin Netanyahu, anunci\u00f3 este martes el inicio de una \u00abimportante operaci\u00f3n militar\u00bb terrestre en Gaza.<\/b><\/p>\n<p dir=\"ltr\" class=\"bbc-hhl7in e17g058b0\">Esta decisi\u00f3n, de acuerdo a varios reportes locales, marca el inicio de las operaciones terrestres para ocupar la Ciudad de Gaza. <\/p>\n<p dir=\"ltr\" class=\"bbc-hhl7in e17g058b0\">La operaci\u00f3n terrestre hab\u00eda sido precedida por un fuerte bombardeo en la zona central de la Franja de Gaza, a donde se dirig\u00eda la mayor\u00eda de las personas que estaban huyendo de la ciudad.<\/p>\n<p dir=\"ltr\" class=\"bbc-hhl7in e17g058b0\">La avanzada terrestre ocurre horas despu\u00e9s de que el secretario de Estado de EE.UU., Marco Rubio, reafirm\u00f3 el apoyo estadounidense a Israel durante un viaje a Jerusal\u00e9n, este lunes.<\/p>\n<p dir=\"ltr\" class=\"bbc-hhl7in e17g058b0\">En la ma\u00f1ana siguiente, el ministro israel\u00ed de defensa, Israel Katz, escribi\u00f3 en su cuenta de X: \u00abGaza est\u00e1 ardiendo\u00bb.<\/p>\n<p dir=\"ltr\" class=\"bbc-hhl7in e17g058b0\">\u00abNo vamos a abandonar y no vamos a devolvernos hasta que completemos la misi\u00f3n\u00bb.<\/p>\n<p dir=\"ltr\" class=\"bbc-hhl7in e17g058b0\">Tanto Netanyahu como otros l\u00edderes pol\u00edticos de Israel han se\u00f1alado que la Ciudad de Gaza es el centro de operaciones del grupo  radical islamista Ham\u00e1s. <\/p>\n<p dir=\"ltr\" class=\"bbc-hhl7in e17g058b0\">Seg\u00fan periodistas locales en Gaza, en los \u00faltimos dos d\u00edas se han registrado bombardeos y ataques con artiller\u00eda pesada en la Ciudad de Gaza.<\/p>\n<p dir=\"ltr\" class=\"bbc-hhl7in e17g058b0\">Se estima que cerca de 500.000 personas viven todav\u00eda all\u00ed. <\/p>\n<p dir=\"ltr\" class=\"bbc-hhl7in e17g058b0\">Tambi\u00e9n hay reportes de decenas de viviendas destruidas y personas atrapadas bajo los escombros.<\/p>\n<p dir=\"ltr\" class=\"bbc-hhl7in e17g058b0\">Israel ha exigido que los residentes de la Ciudad de Gaza abandonen la zona y se dirijan al sur, a una zona central de la Franja.<\/p>\n<p><img decoding=\"async\" src=\"https:\/\/www.europesays.com\/es\/wp-content\/uploads\/2025\/09\/cec1b1b0-92e2-11f0-9cf6-cbf3e73ce2b9.jpg.webp.webp\"   alt=\"Un tanque se mueve en el desierto. \" loading=\"lazy\" width=\"1024\" height=\"683\" style=\"aspect-ratio:1024 \/ 683\" class=\"bbc-139onq\"\/><\/p>\n<p class=\"bbc-by8ykd\" role=\"text\">Fuente de la imagen, Getty Images<\/p>\n<p>Pie de foto, Un fuerte movimiento de tanques se ha visto en uno de los puntos fronterizos controlados por Israel en la Franja de Gaza. <img decoding=\"async\" src=\"https:\/\/www.europesays.com\/es\/wp-content\/uploads\/2025\/09\/de82a450-92f2-11f0-84c8-99de564f0440.png.webp.webp\"   alt=\"Mapa\" loading=\"lazy\" width=\"640\" height=\"715\" style=\"aspect-ratio:640 \/ 715\" class=\"bbc-139onq\"\/><\/p>\n<p dir=\"ltr\" class=\"bbc-hhl7in e17g058b0\">Las Fuerzas de Defensa de Israel (FDI) estiman que unos 250.000 palestinos han huido. <\/p>\n<p dir=\"ltr\" class=\"bbc-hhl7in e17g058b0\">Algunos afirman que no se pueden desplazar al sur, mientras que otros se\u00f1alan que ese sector de Gaza no es seguro, ya que Israel tambi\u00e9n ha llevado a cabo ataques a\u00e9reos all\u00ed.<\/p>\n<p dir=\"ltr\" class=\"bbc-hhl7in e17g058b0\">Asimismo, algunos pobladores relataron que intentaron reubicarse en el sur pero no pudieron acampar, por lo que regresaron a la Ciudad de Gaza.<\/p>\n<p dir=\"ltr\" class=\"bbc-hhl7in e17g058b0\">La ofensiva ocurre adem\u00e1s cuando una comisi\u00f3n independiente de Naciones Unidas declar\u00f3 en un informe que efectivamente Israel est\u00e1 cometiendo in genocidio en Gaza.<\/p>\n<p dir=\"ltr\" class=\"bbc-hhl7in e17g058b0\">Uno de los puntos que resalta el informe es la situaci\u00f3n de desplazamiento forzado que actualmente ocurre debido a la amenaza sobre la Ciudad de Gaza.<\/p>\n<p dir=\"ltr\" class=\"bbc-hhl7in e17g058b0\">Esta ofensiva es el \u00faltimo suceso de la guerra en Gaza que comenz\u00f3 en octubre de 2023 luego de un ataque de Ham\u00e1s en el sur de Israel en el que, seg\u00fan las autoridades israel\u00edes, murieron unas 1.200 personas y 251 fueron tomadas como rehenes.<\/p>\n<p dir=\"ltr\" class=\"bbc-hhl7in e17g058b0\">Al menos 64.905 personas han muerto en ataques israel\u00edes en Gaza, muchos de ellos ni\u00f1os y mujeres, seg\u00fan el Ministerio de Salud del territorio.<\/p>\n<p>\u00abIntervenci\u00f3n urgente\u00bb<\/p>\n<p dir=\"ltr\" class=\"bbc-hhl7in e17g058b0\">El ministerio de relaciones exteriores palestino, que forma parte de la Autoridad Palestina con sede en Cisjordania, hizo un llamado urgente para proteger a la poblaci\u00f3n que est\u00e1 en la Ciudad de Gaza. <\/p>\n<p dir=\"ltr\" class=\"bbc-hhl7in e17g058b0\">En un comunicado en la red social X, el ministerio \u00abexige una intervenci\u00f3n internacional excepcional y urgente para proteger a los civiles en la ciudad de Gaza\u00bb.<\/p>\n<p dir=\"ltr\" class=\"bbc-hhl7in e17g058b0\">Tambi\u00e9n describe los planes de Israel de ocupar la ciudad como \u00abun ataque deliberado contra civiles, convirtiendo la ciudad de Gaza en un gran cementerio\u00bb.<\/p>\n<p><img decoding=\"async\" src=\"https:\/\/www.europesays.com\/es\/wp-content\/uploads\/2025\/09\/c230d1e0-92e9-11f0-b391-6936825093bd.jpg.webp.webp\"   alt=\"Mujer se refugia en una escuela de la agencia de la ONU para los Territorios Palestinos. \" loading=\"lazy\" width=\"1024\" height=\"683\" style=\"aspect-ratio:1024 \/ 683\" class=\"bbc-139onq\"\/><\/p>\n<p class=\"bbc-by8ykd\" role=\"text\">Fuente de la imagen, Getty Images<\/p>\n<p>Pie de foto, Se estima que cerca de 500.000 personas a\u00fan residen en la Ciudad de Gaza a pesar de la ofensiva a\u00e9rea que se ha realizado en los \u00faltimos d\u00edas. <img decoding=\"async\" src=\"https:\/\/www.europesays.com\/es\/wp-content\/uploads\/2025\/09\/eebd23d0-92ee-11f0-9cf6-cbf3e73ce2b9.jpg.webp.webp\"   alt=\"El secretario de EE.UU., Marco Rubio, \" loading=\"lazy\" width=\"1024\" height=\"695\" style=\"aspect-ratio:1024 \/ 695\" class=\"bbc-139onq\"\/><\/p>\n<p class=\"bbc-by8ykd\" role=\"text\">Fuente de la imagen, Getty Images<\/p>\n<p>Pie de foto, El secretario de Estado de EE.UU., Marcos Rubio, se\u00f1al\u00f3 que para llegar a un acuerdo para finalizar la guerra en Gaza \u00abHam\u00e1s debe dejar de existir como grupo armado\u00bb. <\/p>\n<p dir=\"ltr\" class=\"bbc-hhl7in e17g058b0\">Por su lado, tras su visita a Israel,  Rubio se dirigi\u00f3 a Qatar, donde los l\u00edderes \u00e1rabes condenaron este lunes los ataques de Israel en Doha de la semana pasada que ten\u00edan como objetivos los l\u00edderes de Ham\u00e1s.<\/p>\n<p dir=\"ltr\" class=\"bbc-hhl7in e17g058b0\">De acuerdo al jefe de la diplomacia estadounidense antes de su viaje a Doha, Qatar es el \u00fanico pa\u00eds que puede mediar en Gaza.<\/p>\n<p dir=\"ltr\" class=\"bbc-hhl7in e17g058b0\">Tambi\u00e9n dijo que la primera opci\u00f3n para finalizar la guerra en Gaza es una salida negociada en la que los otros pa\u00edses participen activamente, aunque tambi\u00e9n afirm\u00f3 que hab\u00eda un plazo muy breve para llegar a un acuerdo, seg\u00fan informaron Reuters y AFP.<\/p>\n<p dir=\"ltr\" class=\"bbc-hhl7in e17g058b0\">A\u00f1adi\u00f3 que Ham\u00e1s deb\u00eda dejar de existir como grupo armado.<\/p>\n<p>\u00abDej\u00e9 todo\u00bb<\/p>\n<p dir=\"ltr\" class=\"bbc-hhl7in e17g058b0\">Como lo se\u00f1alaba el ministerio de Relaciones Exteriores y otras entidades en la regi\u00f3n, en Gaza se est\u00e1 experimentando el mayor desplazamiento masivo desde que Israel amenaz\u00f3 tomarse la Ciudad de Gaza.<\/p>\n<p dir=\"ltr\" class=\"bbc-hhl7in e17g058b0\">Y muchos han huido con casi lo que llevaban puesto.<\/p>\n<p dir=\"ltr\" class=\"bbc-hhl7in e17g058b0\">Lina al-Maghrebi, de 32 a\u00f1os, madre de tres hijos y residente del barrio Sheikh Radwan de Gaza, le dijo a la BBC que hab\u00eda resistido a salir de su casa a pesar del peligro, hasta que recibi\u00f3 una llamada telef\u00f3nica de un oficial israel\u00ed que le ordenaba evacuar de inmediato.<\/p>\n<p dir=\"ltr\" class=\"bbc-hhl7in e17g058b0\">\u00abMe vi obligada a vender mis joyas para cubrir los gastos del desplazamiento y una tienda de campa\u00f1a\u00bb, se\u00f1ala.<\/p>\n<p dir=\"ltr\" class=\"bbc-hhl7in e17g058b0\">\u00abTardamos diez horas en llegar a Jan Yunis y pagamos 3.500 shekels (US$850) por el viaje. La fila de coches y camiones parec\u00eda interminable\u00bb, a\u00f1adi\u00f3.<\/p>\n<p dir=\"ltr\" class=\"bbc-hhl7in e17g058b0\">De acuerdo al reporte del ej\u00e9rcito israel\u00ed, la carretera costera de al-Rashid es la \u00fanica ruta permitida para los civiles que desean huir.<\/p>\n<p><img decoding=\"async\" src=\"https:\/\/www.europesays.com\/es\/wp-content\/uploads\/2025\/09\/93a8f5b0-92f2-11f0-b391-6936825093bd.jpg.webp.webp\"   alt=\"Camiones haciendo la fila \" loading=\"lazy\" width=\"1024\" height=\"768\" style=\"aspect-ratio:1024 \/ 768\" class=\"bbc-139onq\"\/><\/p>\n<p class=\"bbc-by8ykd\" role=\"text\">Fuente de la imagen, Getty Images<\/p>\n<p>Pie de foto, Miles de personas abandonaron la noche anterior la Ciudad de Gaza ante la inminencia de los ataques. <\/p>\n<p dir=\"ltr\" class=\"bbc-hhl7in e17g058b0\">Como Al-Magrebi, muchos  residentes describen graves congestiones, interminables filas de coches y camiones, y largas demoras, con muchas familias varadas en la carretera en medio de los ataques a\u00e9reos.<\/p>\n<p dir=\"ltr\" class=\"bbc-hhl7in e17g058b0\">Por su parte, Nivin al-Din, madre de cinco hijos, cuenta que huy\u00f3 al sur despu\u00e9s de que aviones de guerra israel\u00edes lanzaran folletos de evacuaci\u00f3n sobre su barrio, aunque su marido se neg\u00f3 a abandonar su casa.<\/p>\n<p dir=\"ltr\" class=\"bbc-hhl7in e17g058b0\">\u00abNo pude llevarme mis muebles porque no pod\u00eda permitirme un cami\u00f3n grande\u00bb, explica.<\/p>\n<p dir=\"ltr\" class=\"bbc-hhl7in e17g058b0\">\u00abDejarlo todo atr\u00e1s fue la decisi\u00f3n m\u00e1s dif\u00edcil que he tomado en mi vida\u00bb.<\/p>\n<p><img decoding=\"async\" src=\"https:\/\/www.europesays.com\/es\/wp-content\/uploads\/2025\/09\/0c09b680-92e3-11f0-84c8-99de564f0440.png.webp.webp\"   alt=\"Linea gris\" loading=\"lazy\" width=\"800\" height=\"100\" style=\"aspect-ratio:800 \/ 100\" class=\"bbc-139onq\"\/><\/p>\n<p class=\"bbc-by8ykd\" role=\"text\">Fuente de la imagen, Getty<\/p>\n<p dir=\"ltr\" class=\"bbc-hhl7in e17g058b0\">Y recuerda que puedes recibir notificaciones en nuestra app. Descarga la \u00faltima versi\u00f3n y act\u00edvalas.<\/p>\n","protected":false},"excerpt":{"rendered":"Fuente de la imagen, Getty Images Pie de foto, Fuertes bombardeos y ataques con artiller\u00eda pesada se han&hellip;\n","protected":false},"author":2,"featured_media":118887,"comment_status":"","ping_status":"","sticky":false,"template":"","format":"standard","meta":{"footnotes":""},"categories":[42],"tags":[17,18,13,14,11,61,62,63,64,19,20,9,10,15,16,12,21,22,65,66,67],"class_list":{"0":"post-118886","1":"post","2":"type-post","3":"status-publish","4":"format-standard","5":"has-post-thumbnail","7":"category-internacional","8":"tag-breaking-news","9":"tag-breakingnews","10":"tag-featured-news","11":"tag-featurednews","12":"tag-headlines","13":"tag-internacional","14":"tag-international","15":"tag-international-news","16":"tag-internationalnews","17":"tag-latest-news","18":"tag-latestnews","19":"tag-news","20":"tag-noticias","21":"tag-noticias-destacadas","22":"tag-noticiasdestacadas","23":"tag-titulares","24":"tag-ultimas-noticias","25":"tag-ultimasnoticias","26":"tag-world","27":"tag-world-news","28":"tag-worldnews"},"share_on_mastodon":{"url":"","error":""},"_links":{"self":[{"href":"https:\/\/www.europesays.com\/es\/wp-json\/wp\/v2\/posts\/118886","targetHints":{"allow":["GET"]}}],"collection":[{"href":"https:\/\/www.europesays.com\/es\/wp-json\/wp\/v2\/posts"}],"about":[{"href":"https:\/\/www.europesays.com\/es\/wp-json\/wp\/v2\/types\/post"}],"author":[{"embeddable":true,"href":"https:\/\/www.europesays.com\/es\/wp-json\/wp\/v2\/users\/2"}],"replies":[{"embeddable":true,"href":"https:\/\/www.europesays.com\/es\/wp-json\/wp\/v2\/comments?post=118886"}],"version-history":[{"count":0,"href":"https:\/\/www.europesays.com\/es\/wp-json\/wp\/v2\/posts\/118886\/revisions"}],"wp:featuredmedia":[{"embeddable":true,"href":"https:\/\/www.europesays.com\/es\/wp-json\/wp\/v2\/media\/118887"}],"wp:attachment":[{"href":"https:\/\/www.europesays.com\/es\/wp-json\/wp\/v2\/media?parent=118886"}],"wp:term":[{"taxonomy":"category","embeddable":true,"href":"https:\/\/www.europesays.com\/es\/wp-json\/wp\/v2\/categories?post=118886"},{"taxonomy":"post_tag","embeddable":true,"href":"https:\/\/www.europesays.com\/es\/wp-json\/wp\/v2\/tags?post=118886"}],"curies":[{"name":"wp","href":"https:\/\/api.w.org\/{rel}","templated":true}]}}