{"id":118892,"date":"2025-09-16T14:06:09","date_gmt":"2025-09-16T14:06:09","guid":{"rendered":"https:\/\/www.europesays.com\/es\/118892\/"},"modified":"2025-09-16T14:06:09","modified_gmt":"2025-09-16T14:06:09","slug":"puerta-grande-para-sanchez-vara-diego-garcia-y-victor-cerrato-en-madridejos-toledo","status":"publish","type":"post","link":"https:\/\/www.europesays.com\/es\/118892\/","title":{"rendered":"Puerta grande para S\u00e1nchez Vara, Diego Garc\u00eda y V\u00edctor Cerrato en Madridejos (Toledo)"},"content":{"rendered":"<p class=\"voc-author__name\">\nJulio Garc\u00eda Ortiz\n<\/p>\n<p class=\"voc-author__special\">Madridejos (Toledo)<\/p>\n<p class=\"voc-p\" style=\"\">S\u00e1nchez Vara, en el primero de su lote, parado hasta la saciedad, solo pudo lucirse en el recibo de capa, abreviando el manejo de la muleta. En su segundo, el alcarre\u00f1o, con la franela siempre cercana a la testuz de su enemigo, logr\u00f3 una a reposada faena, basaba en la mano diestra, rematada con profundos pases de pecho, que finiquit\u00f3 de una gran estocada. <strong>En sendos toros se luci\u00f3 en banderillas<\/strong>.<\/p>\n<p class=\"voc-p\" style=\"\">Diego Garc\u00eda, a su primero lo tore\u00f3 con delicadeza por los dos pitones, destacando una<strong> serie de genuflexos molinetes,<\/strong> pero lo defectuosa de la estocada le rest\u00f3 m\u00e9ritos. En su segundo realiz\u00f3 una meritoria y poderosa faena, que remat\u00f3 de certera estocada. <\/p>\n<p class=\"voc-p\" style=\"\"> V\u00edctor Cerrato, se mostr\u00f3 muy voluntarioso en ambos toros, con <strong>bellos saludos capoteros y, con la muleta, un buen toreo en redondo<\/strong>. Su mayor virtud la pone en escena a la hora de ejecutar la suerte suprema, ya que, a su limitada estatura, muestra una alucinante habilidad, para clavar la espada en todo lo alto.<\/p>\n<p class=\"voc-p\" style=\"\">En definitiva, sin ser una corrida para el recuerdo, result\u00f3 entretenida para el respetable, siendo generoso a la hora de solicitar trofeos.<\/p>\n<p>Toros bien presentados<\/p>\n<p class=\"voc-p\">Lunes 15 de septiembre de 2025. Un cuarto de entrada. 6 toros de <strong>Hijos de Ignacio P\u00e9rez Tabernero<\/strong>, aceptablemente presentados, en su l\u00ednea Santa Coloma. Descastados y siempre con la cara alta, dieron m\u00e1s juego a los caballos que a los de luces.<\/p>\n<p class=\"voc-p\"><strong>S\u00e1nchez Vara<\/strong>, de ca\u00f1a y oro. En su primero estocada ca\u00edda, aviso y ovaci\u00f3n; en el 4\u00ba estocada entera, dos orejas.<\/p>\n<p class=\"voc-p\"><strong>Diego Garc\u00eda<\/strong>, de sangre de toro y oro. En su primero, bajonazo, ovaci\u00f3n y vuelta al ruedo voluntaria; en el 5\u00ba estocada, dos orejas.<\/p>\n<p class=\"voc-p\"><strong>V\u00edctor Cerrato<\/strong>, de verde, hoja seca y oro. En su primero, estocada oreja; en el 6\u00ba estocada trasera, oreja.<\/p>\n<p>Reportar un error<\/p>\n","protected":false},"excerpt":{"rendered":"Julio Garc\u00eda Ortiz Madridejos (Toledo) S\u00e1nchez Vara, en el primero de su lote, parado hasta la saciedad, solo&hellip;\n","protected":false},"author":2,"featured_media":118893,"comment_status":"","ping_status":"","sticky":false,"template":"","format":"standard","meta":{"footnotes":""},"categories":[277],"tags":[373,31774,168,15477,25,24,3142,699,39484,740,199,23,167,1952,374,35250,1780],"class_list":{"0":"post-118892","1":"post","2":"type-post","3":"status-publish","4":"format-standard","5":"has-post-thumbnail","7":"category-toreo","8":"tag-bullfighting","9":"tag-cerrato","10":"tag-deportes","11":"tag-diego","12":"tag-es","13":"tag-espana","14":"tag-garcia","15":"tag-grande","16":"tag-madridejos","17":"tag-puerta","18":"tag-sanchez","19":"tag-spain","20":"tag-sports","21":"tag-toledo","22":"tag-toreo","23":"tag-vara","24":"tag-victor"},"share_on_mastodon":{"url":"","error":""},"_links":{"self":[{"href":"https:\/\/www.europesays.com\/es\/wp-json\/wp\/v2\/posts\/118892","targetHints":{"allow":["GET"]}}],"collection":[{"href":"https:\/\/www.europesays.com\/es\/wp-json\/wp\/v2\/posts"}],"about":[{"href":"https:\/\/www.europesays.com\/es\/wp-json\/wp\/v2\/types\/post"}],"author":[{"embeddable":true,"href":"https:\/\/www.europesays.com\/es\/wp-json\/wp\/v2\/users\/2"}],"replies":[{"embeddable":true,"href":"https:\/\/www.europesays.com\/es\/wp-json\/wp\/v2\/comments?post=118892"}],"version-history":[{"count":0,"href":"https:\/\/www.europesays.com\/es\/wp-json\/wp\/v2\/posts\/118892\/revisions"}],"wp:featuredmedia":[{"embeddable":true,"href":"https:\/\/www.europesays.com\/es\/wp-json\/wp\/v2\/media\/118893"}],"wp:attachment":[{"href":"https:\/\/www.europesays.com\/es\/wp-json\/wp\/v2\/media?parent=118892"}],"wp:term":[{"taxonomy":"category","embeddable":true,"href":"https:\/\/www.europesays.com\/es\/wp-json\/wp\/v2\/categories?post=118892"},{"taxonomy":"post_tag","embeddable":true,"href":"https:\/\/www.europesays.com\/es\/wp-json\/wp\/v2\/tags?post=118892"}],"curies":[{"name":"wp","href":"https:\/\/api.w.org\/{rel}","templated":true}]}}