{"id":11891,"date":"2025-07-29T15:11:10","date_gmt":"2025-07-29T15:11:10","guid":{"rendered":"https:\/\/www.europesays.com\/es\/11891\/"},"modified":"2025-07-29T15:11:10","modified_gmt":"2025-07-29T15:11:10","slug":"valentina-shevchenko-la-campeona-mas-dominante","status":"publish","type":"post","link":"https:\/\/www.europesays.com\/es\/11891\/","title":{"rendered":"Valentina Shevchenko: La Campeona M\u00e1s Dominante"},"content":{"rendered":"<p dir=\"ltr\">Tras un reinado hist\u00f3rico de siete defensas ante grapplers como Liz Carmouche y strikers de poder como Jessica Andrade, Valentina conoci\u00f3 el sinsabor de la derrota en una noche de campeonato cuando cay\u00f3 sometida ante Alexa Grasso en UFC 285, el 4 de Marzo de 2023 en el show que puso fin a su monarqu\u00eda.<\/p>\n<p dir=\"ltr\">En un deporte en el cual no hay piedad por las proezas del pasado, el reinado de cuatro a\u00f1os con pu\u00f1o de hierro de la kirgui qued\u00f3 en un segundo plano y el gran interrogante que se instal\u00f3 en las MMA fue si la supremac\u00eda de \u2018Bullet\u2019 en el peso mosca se hab\u00eda desvanecido.<\/p>\n<p dir=\"ltr\"><a href=\"https:\/\/www.ufcespanol.com\/latam\/donde-ver\" rel=\"nofollow noopener\" target=\"_blank\"><strong>&gt;&gt;D\u00d3NDE VER LOS COMBATES DE UFC<\/strong><\/a><\/p>\n<p dir=\"ltr\">La revancha entre Valentina y Alexa en 2023 \u00a0fue una prueba doblemente dif\u00edcil para la kirgui: vengar su derrota en Las Vegas pero en el marco de Noche UFC, en un ambiente t\u00edpicamente mexicano, con ovaciones y banderas tricolor respaldando a la campeona tapat\u00eda.<\/p>\n","protected":false},"excerpt":{"rendered":"Tras un reinado hist\u00f3rico de siete defensas ante grapplers como Liz Carmouche y strikers de poder como Jessica&hellip;\n","protected":false},"author":2,"featured_media":11892,"comment_status":"","ping_status":"","sticky":false,"template":"","format":"standard","meta":{"footnotes":""},"categories":[276],"tags":[168,25,24,23,167,343],"class_list":{"0":"post-11891","1":"post","2":"type-post","3":"status-publish","4":"format-standard","5":"has-post-thumbnail","7":"category-ufc","8":"tag-deportes","9":"tag-es","10":"tag-espana","11":"tag-spain","12":"tag-sports","13":"tag-ufc"},"share_on_mastodon":{"url":"","error":""},"_links":{"self":[{"href":"https:\/\/www.europesays.com\/es\/wp-json\/wp\/v2\/posts\/11891","targetHints":{"allow":["GET"]}}],"collection":[{"href":"https:\/\/www.europesays.com\/es\/wp-json\/wp\/v2\/posts"}],"about":[{"href":"https:\/\/www.europesays.com\/es\/wp-json\/wp\/v2\/types\/post"}],"author":[{"embeddable":true,"href":"https:\/\/www.europesays.com\/es\/wp-json\/wp\/v2\/users\/2"}],"replies":[{"embeddable":true,"href":"https:\/\/www.europesays.com\/es\/wp-json\/wp\/v2\/comments?post=11891"}],"version-history":[{"count":0,"href":"https:\/\/www.europesays.com\/es\/wp-json\/wp\/v2\/posts\/11891\/revisions"}],"wp:featuredmedia":[{"embeddable":true,"href":"https:\/\/www.europesays.com\/es\/wp-json\/wp\/v2\/media\/11892"}],"wp:attachment":[{"href":"https:\/\/www.europesays.com\/es\/wp-json\/wp\/v2\/media?parent=11891"}],"wp:term":[{"taxonomy":"category","embeddable":true,"href":"https:\/\/www.europesays.com\/es\/wp-json\/wp\/v2\/categories?post=11891"},{"taxonomy":"post_tag","embeddable":true,"href":"https:\/\/www.europesays.com\/es\/wp-json\/wp\/v2\/tags?post=11891"}],"curies":[{"name":"wp","href":"https:\/\/api.w.org\/{rel}","templated":true}]}}