{"id":118919,"date":"2025-09-16T14:22:27","date_gmt":"2025-09-16T14:22:27","guid":{"rendered":"https:\/\/www.europesays.com\/es\/118919\/"},"modified":"2025-09-16T14:22:27","modified_gmt":"2025-09-16T14:22:27","slug":"muere-el-actor-robert-redford-a-los-89-anos-cine-estrenos-y-criticas","status":"publish","type":"post","link":"https:\/\/www.europesays.com\/es\/118919\/","title":{"rendered":"Muere el actor Robert Redford a los 89 a\u00f1os | Cine: estrenos y cr\u00edticas"},"content":{"rendered":"<p class=\"\">Ha sido un tit\u00e1n de la actuaci\u00f3n, una leyenda entre los cineastas indies en EE UU \u2014para quienes, adem\u00e1s, impuls\u00f3 el Instituto y el festival de Sundance (bautizado as\u00ed por su personaje de Dos hombres y un destino)\u2014, un faro para los dem\u00f3cratas y un activista volcado en los temas sociales y ecol\u00f3gicos. Con la muerte de Robert Redford no se ha ido uno, sino todos los Redford que han existido en diferentes campos en Estados Unidos. Y por cierto, tambi\u00e9n desaparece un <a href=\"https:\/\/elpais.com\/elpais\/2017\/04\/03\/gente\/1491234536_008006.html\" target=\"_self\" rel=\"nofollow noopener\" title=\"https:\/\/elpais.com\/elpais\/2017\/04\/03\/gente\/1491234536_008006.html\">opositor furibundo al presidente Trump.<\/a><\/p>\n<p class=\"\"><a href=\"https:\/\/elpais.com\/television\/2025-03-11\/robert-redford-vuelve-a-actuar-seis-anos-despues-en-un-cameo-junto-a-george-rr-martin.html#?rel=mas\" target=\"_self\" rel=\"nofollow noopener\" title=\"https:\/\/elpais.com\/television\/2025-03-11\/robert-redford-vuelve-a-actuar-seis-anos-despues-en-un-cameo-junto-a-george-rr-martin.html#?rel=mas\">Redford ha muerto este martes por la ma\u00f1ana a los 89 a\u00f1os<\/a> en su casa de Provo, en Utah, seg\u00fan ha informado el diario estadounidense The New York Times. Al diario se lo ha anunciado Cindi Berger, directiva de la firma de publicistas Rogers &amp; Cowan PMK, que ha explicado que ha fallecido mientras dorm\u00eda, pero no ha se\u00f1alado la causa del \u00f3bito.<\/p>\n<p>M\u00e1s informaci\u00f3n<\/p>\n<p class=\"\">El int\u00e9rprete protagoniz\u00f3 pel\u00edculas como Todos los hombres del presidente, Dos hombres y un destino o El golpe, y recibi\u00f3 un premio Oscar a la mejor direcci\u00f3n por Gente corriente. Su \u00faltima aparici\u00f3n en el cine, sin embargo, fue en un filme de gran presupuesto, Avengers: Endgame (2018), aunque, posteriormente, tras la pandemia, puso su voz al servicio de dos proyectos m\u00e1s.<\/p>\n<p class=\"\">Ni siquiera \u00e9l mismo confiaba en una carrera tan larga y de tanto \u00e9xito. A este periodista le confes\u00f3 que le atra\u00eda en demas\u00eda en su juventud la vida hippie. Por dos veces decidi\u00f3 quemar las naves en sus inicios: una al morir su madre y la segunda fue en 1966, y con su esposa y sus hijos se mud\u00f3 al sur de Espa\u00f1a, a M\u00e1laga, a pesar de que ya hab\u00eda logrado cierto nombre en Broadway y dejado huella en el cine, en cuatro pel\u00edculas. \u201cLo ten\u00eda claro, no les gustaba. Es que yo quer\u00eda ser pintor. Me llev\u00f3 un tiempo aceptar que esa pasi\u00f3n se convertir\u00eda en mi hobby y que la interpretaci\u00f3n pasar\u00eda a primer plano\u201d, recordaba. \u201c\u00bfY sabes cu\u00e1ndo pas\u00f3? Me llamaron para protagonizar Descalzos en el parque, y volv\u00ed a casa\u00bb. Nunca m\u00e1s dud\u00f3 de su val\u00eda. Y como muchos actores, anunci\u00f3 en un par de veces su retirada para retornar posteriormente al cine. En 2018, asegur\u00f3 a EL PA\u00cdS en el estreno de <a href=\"https:\/\/elpais.com\/elpais\/2018\/11\/05\/eps\/1541446631_887097.html\" target=\"_self\" rel=\"nofollow noopener\" title=\"https:\/\/elpais.com\/elpais\/2018\/11\/05\/eps\/1541446631_887097.html\">The Old Man &amp; The Gun: <\/a>\u201cMe gustar\u00eda ser recordado por todo el trabajo en televisi\u00f3n, en cine, en teatro. Y por mi labor medioambiental\u201d.<\/p>\n<p><img fetchpriority=\"high\" alt=\"Robert Redford (izquierda), junto a Paul Newman en 'El Golpe' (1973).\" decoding=\"auto\" class=\"_re  a_m-h\" height=\"279\"  width=\"414\" src=\"https:\/\/www.europesays.com\/es\/wp-content\/uploads\/2025\/09\/SVHNKSHFNNC55OQUYVV5EGOHGY.jpg\" loading=\"eager\"\/>Robert Redford (izquierda), junto a Paul Newman en &#8216;El Golpe&#8217; (1973).Bettmann (Bettmann Archive)<img alt=\"Imagen publicada por la revista National Geographic en noviembre de 1976, tras la publicaci\u00f3n de su libro 'Riding the Outlaw Trail'.  \" decoding=\"auto\" class=\"_re lazyload a_m-v\" height=\"467\"  width=\"414\" src=\"https:\/\/www.europesays.com\/es\/wp-content\/uploads\/2025\/09\/ZFCWXZ3EFZBLXOUMCJLASDNWMU.jpg\" loading=\"lazy\"\/>Imagen publicada por la revista National Geographic en noviembre de 1976, tras la publicaci\u00f3n de su libro &#8216;Riding the Outlaw Trail&#8217;.  AP<img alt=\"Los actores Mike Connors and Robert Redford durante el rodaje de 'Situaci\u00f3n desesperada, pero menos' digirida por German Gottfried Reinhardt, en 1965. \" decoding=\"auto\" class=\"_re lazyload a_m-h\" height=\"307\"  width=\"414\" src=\"https:\/\/www.europesays.com\/es\/wp-content\/uploads\/2025\/09\/Z4HKXBCIANADZKNRREYQBBICXY.jpg\" loading=\"lazy\"\/>Los actores Mike Connors and Robert Redford durante el rodaje de &#8216;Situaci\u00f3n desesperada, pero menos&#8217; digirida por German Gottfried Reinhardt, en 1965. Sunset Boulevard (Corbis via Getty Images)<img alt=\"Robert Redford, su mujer Lola, y sus hijos Jamie y Shauna, en Nueva York en 1969. \" decoding=\"auto\" class=\"_re lazyload a_m-h\" height=\"289\"  width=\"414\" src=\"https:\/\/www.europesays.com\/es\/wp-content\/uploads\/2025\/09\/AG44X2XXWRA6LGXLT44U4P6QJM.jpg\" loading=\"lazy\"\/>Robert Redford, su mujer Lola, y sus hijos Jamie y Shauna, en Nueva York en 1969. Tom Wargacki (WireImage)<img alt=\"Robert Redford (izquierda) y Paul Newman, en un fotograma de la pel\u00edcula 'Dos hombre y un destino' (1969). \" decoding=\"auto\" class=\"_re lazyload a_m-h\" height=\"282\"  width=\"414\" src=\"https:\/\/www.europesays.com\/es\/wp-content\/uploads\/2025\/09\/TJOIQ47ARNCVJPDLNSIUKU6M5M.jpg\" loading=\"lazy\"\/>Robert Redford (izquierda) y Paul Newman, en un fotograma de la pel\u00edcula &#8216;Dos hombre y un destino&#8217; (1969). 20th Century Fox (Getty Images)<img alt=\"El actor Robert Redford en el Festival de Cannes antes de presentar la pel\u00edcula 'Las aventuras de Jeremiah Johnson', el 6 de mayo de 1972.\" decoding=\"auto\" class=\"_re lazyload a_m-h\" height=\"282\"  width=\"414\" src=\"https:\/\/www.europesays.com\/es\/wp-content\/uploads\/2025\/09\/7ZG2DX6VPNAS5IGN5Z7YGNX6VA.jpg\" loading=\"lazy\"\/>El actor Robert Redford en el Festival de Cannes antes de presentar la pel\u00edcula &#8216;Las aventuras de Jeremiah Johnson&#8217;, el 6 de mayo de 1972.Levy (AP)<img alt=\"Robert Redford, en el 'Gran Gatsby' (1974). \" decoding=\"auto\" class=\"_re lazyload a_m-h\" height=\"330\"  width=\"414\" src=\"https:\/\/www.europesays.com\/es\/wp-content\/uploads\/2025\/09\/U54NZLFQ6RGSXEOJLI4F5GGGMY.jpg\" loading=\"lazy\"\/>Robert Redford, en el &#8216;Gran Gatsby&#8217; (1974). Archive Photos (Getty Images)<img alt=\"Robert Redford en una imagen promocional para la pel\u00edcula 'Dos hombres y un destino', dirigida por George Roy Hill, el 1969.  \" decoding=\"auto\" class=\"_re lazyload a_m-v\" height=\"523\"  width=\"414\" src=\"https:\/\/www.europesays.com\/es\/wp-content\/uploads\/2025\/09\/2Q4GOCM5CNAHLHLRDPZRTKTL3Q.jpg\" loading=\"lazy\"\/>Robert Redford en una imagen promocional para la pel\u00edcula &#8216;Dos hombres y un destino&#8217;, dirigida por George Roy Hill, el 1969.  Michael Ochs Archives (Getty Images)<img alt=\"Los actores americanos Robert Redford y Jane Fonda en una imagen promocional para la pel\u00edcula 'Descalzos por el parque' (1967).   \" decoding=\"auto\" class=\"_re lazyload a_m-h\" height=\"332\"  width=\"414\" src=\"https:\/\/www.europesays.com\/es\/wp-content\/uploads\/2025\/09\/TOSINMBUXZCRJOYRQVRJ4DJUEM.jpg\" loading=\"lazy\"\/>Los actores americanos Robert Redford y Jane Fonda en una imagen promocional para la pel\u00edcula &#8216;Descalzos por el parque&#8217; (1967).   Silver Screen Collection (Getty Images)<img alt=\"Robert Redford y Dustin Hoffman interpretan a Bob Woodward y Carl Bernstein respectivamente, en 'Todos los hombres del presidente' (1976).  \" decoding=\"auto\" class=\"_re lazyload a_m-v\" height=\"479\"  width=\"414\" src=\"https:\/\/www.europesays.com\/es\/wp-content\/uploads\/2025\/09\/3LOLEKHT6BDQDKVPZKUBLJLOXE.jpg\" loading=\"lazy\"\/>Robert Redford y Dustin Hoffman interpretan a Bob Woodward y Carl Bernstein respectivamente, en &#8216;Todos los hombres del presidente&#8217; (1976).  Warner Bros. (Getty Images)<img alt=\"Robert Redford y Dustin Hoffman, en otra escena de 'Todos los hombres del presidente' (1976).  \" decoding=\"auto\" class=\"_re lazyload a_m-h\" height=\"287\"  width=\"414\" src=\"https:\/\/www.europesays.com\/es\/wp-content\/uploads\/2025\/09\/2WE7F2DWA5CB7GATWOIYJUPCCM.jpg\" loading=\"lazy\"\/>Robert Redford y Dustin Hoffman, en otra escena de &#8216;Todos los hombres del presidente&#8217; (1976).  Sunset Boulevard (Corbis via Getty Images)<img alt=\"El Papa Francisco saluda en El Vaticano al actor Robert Redford, el 4 de diciembre de 2019. \" decoding=\"auto\" class=\"_re lazyload a_m-h\" height=\"277\"  width=\"414\" src=\"https:\/\/www.europesays.com\/es\/wp-content\/uploads\/2025\/09\/BLXNWT6IZNGATOX2DXLAVWEIZQ.jpg\" loading=\"lazy\"\/>El Papa Francisco saluda en El Vaticano al actor Robert Redford, el 4 de diciembre de 2019. Andrew Medichini (AP)<img alt=\"Robert Redford, tras recibir el \u00d3scar a Mejor Director por la pel\u00edcula 'Gente ordinaria', el 31 de marzo de 1981.  \" decoding=\"auto\" class=\"_re lazyload a_m-v\" height=\"639\"  width=\"414\" src=\"https:\/\/www.europesays.com\/es\/wp-content\/uploads\/2025\/09\/VQGFACKHYFDBBMGSKVMY6TBCLE.jpg\" loading=\"lazy\"\/>Robert Redford, tras recibir el \u00d3scar a Mejor Director por la pel\u00edcula &#8216;Gente ordinaria&#8217;, el 31 de marzo de 1981.  ASSOCIATED PRESS<img alt=\" Robert Redford, en un episodio de 'La hora de Alfred Hitchcock' (1962). \" decoding=\"auto\" class=\"_re lazyload a_m-h\" height=\"370\"  width=\"414\" src=\"https:\/\/www.europesays.com\/es\/wp-content\/uploads\/2025\/09\/VLROKLRAXNEKZG4XLRN5O3GNRA.jpg\" loading=\"lazy\"\/> Robert Redford, en un episodio de &#8216;La hora de Alfred Hitchcock&#8217; (1962). CBS Photo Archive (CBS via Getty Images)<img alt=\"Robert Redford y James Drury en 'La maldad que hacen los hombres' (1985)\" decoding=\"auto\" class=\"_re lazyload a_m-h\" height=\"333\"  width=\"414\" src=\"https:\/\/www.europesays.com\/es\/wp-content\/uploads\/2025\/09\/W3GQC4JCGZF4LFPKB55Z33B4DQ.jpg\" loading=\"lazy\"\/>Robert Redford y James Drury en &#8216;La maldad que hacen los hombres&#8217; (1985)NBC (NBCUniversal via Getty Images)<img alt=\"Robert Redford, en 'El indomable' (1967). \" decoding=\"auto\" class=\"_re lazyload a_m-h\" height=\"300\"  width=\"414\" src=\"https:\/\/www.europesays.com\/es\/wp-content\/uploads\/2025\/09\/RNIJZFNGOVCXBEWORSRDZINW2Y.jpg\" loading=\"lazy\"\/>Robert Redford, en &#8216;El indomable&#8217; (1967). United Archives (FilmPublicityArchive\/United Archives via Getty Images)<img alt=\"Robert Redford, interpretando al aviador Waldo Pepper, en 'Los intr\u00e9pidos aviadores'(1974).\" decoding=\"auto\" class=\"_re lazyload a_m-h\" height=\"290\"  width=\"414\" src=\"https:\/\/www.europesays.com\/es\/wp-content\/uploads\/2025\/09\/HGNYWJP555EXZJX4MRMED4LOYE.jpg\" loading=\"lazy\"\/>Robert Redford, interpretando al aviador Waldo Pepper, en &#8216;Los intr\u00e9pidos aviadores'(1974).United Archives (FilmPublicityArchive\/United Archives via Getty Images)<img alt=\"Robert Redford y Jane Fonda posan para los fot\u00f3grafos en el estreno de la pel\u00edcula 'Nosotros en la noche' durante 74 Festival Internacional de Cine de Venecia. \" decoding=\"auto\" class=\"_re lazyload a_m-h\" height=\"277\"  width=\"414\" src=\"https:\/\/www.europesays.com\/es\/wp-content\/uploads\/2025\/09\/CNWC2JMBTNBMJOFQSQ5UOBLEIY.jpg\" loading=\"lazy\"\/>Robert Redford y Jane Fonda posan para los fot\u00f3grafos en el estreno de la pel\u00edcula &#8216;Nosotros en la noche&#8217; durante 74 Festival Internacional de Cine de Venecia. Joel Ryan (Joel Ryan\/Invision\/AP)<img alt=\"El expresidente de Estados Unidos, Barack Obama, entrega la Medalla Presidencial de la Libertad a Robert Redford en la Sala Este de la Casa Blanca (Washington) , el 22 de noviembre de 2016. \" decoding=\"auto\" class=\"_re lazyload a_m-h\" height=\"338\"  width=\"414\" src=\"https:\/\/www.europesays.com\/es\/wp-content\/uploads\/2025\/09\/DAYH4RLLKJA6HLOMVTE4PV5D7M.jpg\" loading=\"lazy\"\/>El expresidente de Estados Unidos, Barack Obama, entrega la Medalla Presidencial de la Libertad a Robert Redford en la Sala Este de la Casa Blanca (Washington) , el 22 de noviembre de 2016. Manuel Balce Ceneta (AP)<img alt=\"Robert Redford durante el Festival Internacional de Cine de Marrakech, el 6 de diciembre de 2019. \" decoding=\"auto\" class=\"_re lazyload a_m-h\" height=\"276\"  width=\"414\" src=\"https:\/\/www.europesays.com\/es\/wp-content\/uploads\/2025\/09\/W3YF63KGIJCSHIJTDGM7LCBZWM.jpg\" loading=\"lazy\"\/>Robert Redford durante el Festival Internacional de Cine de Marrakech, el 6 de diciembre de 2019. Stephane Cardinale &#8211; Corbis (Corbis via Getty Images)<img alt=\"Robert Redford junto a Sibylle Szaggars y el pr\u00edncipe Alberto II de M\u00f3naco en un acto de una fundaci\u00f3n en octubre de 2021. \" decoding=\"auto\" class=\"_re lazyload a_m-h\" height=\"311\"  width=\"414\" src=\"https:\/\/www.europesays.com\/es\/wp-content\/uploads\/2025\/09\/SGF5EI6U75CYBB3VOHPQ4G25G4.jpg\" loading=\"lazy\"\/>Robert Redford junto a Sibylle Szaggars y el pr\u00edncipe Alberto II de M\u00f3naco en un acto de una fundaci\u00f3n en octubre de 2021. Arnold Jerocki (Getty Images)<\/p>\n<p class=\"\">Redford luch\u00f3 toda su vida contra su evidente belleza, contra su aspecto de chico sano californiano. Fue una estrella, de las m\u00e1s conocidas y con mayor peso y prestigio del cine; sin embargo, busc\u00f3 proyectos interpretativos distintos, se puso al servicio de pel\u00edculas que fueran m\u00e1s all\u00e1 del mero entretenimiento. \u201cPara m\u00ed lo m\u00e1s importante es la historia\u201d, explicaba en esa entrevista en EL PA\u00cdS. \u201cEso es lo primero. A lo largo de mi carrera he desarrollado una estrategia de tres pasos. El primero, la historia. Segundo, el personaje. Y el tercero, la emoci\u00f3n. Lo que ha ido ocurriendo en este tiempo es que la fascinaci\u00f3n por los efectos especiales, por las explosiones, por la acci\u00f3n, ha dejado de lado la historia. Y eso para m\u00ed es extremadamente importante. \u00bfAcaso existe frase m\u00e1s evocadora que el \u2018\u00e9rase una vez\u2019 con el que empiezan todas?\u201d.<\/p>\n<p class=\"\">Con todo, en aquel 2018, tambi\u00e9n contaba que el trabajo del que guardaba mejor recuerdo era de El golpe: \u201cEn Dos hombres y un destino interpret\u00e9 un papel en el que me sent\u00ed c\u00f3modo y fue un placer trabajar con George Roy Hill. Fue entonces cuando Paul Newman y yo nos hicimos amigos, una amistad que durar\u00eda toda la vida. Pero con todo lo que adoro Dos hombres y un destino, El golpe me parece de los mejores filmes de la historia del cine. Y todo el cr\u00e9dito se lo lleva Hill\u201d. <\/p>\n<p><img alt=\"Robert Redford (izquierda) y Paul Newman, en 'Dos hombres y un destino' (1969). \" decoding=\"auto\" class=\"_re lazyload a_m-h\" height=\"282\"  width=\"414\"  src=\"https:\/\/www.europesays.com\/es\/wp-content\/uploads\/2025\/09\/TJOIQ47ARNCVJPDLNSIUKU6M5M.jpg\" loading=\"lazy\"\/>Robert Redford (izquierda) y Paul Newman, en &#8216;Dos hombres y un destino&#8217; (1969). 20th Century Fox (Getty Images)<\/p>\n<p class=\"\">Charles Robert Redford junior naci\u00f3 en Santa M\u00f3nica en 1936 y se crio en el valle de San Fernando. Cuando \u00e9l ten\u00eda 18 a\u00f1os, su madre muri\u00f3 de una enfermedad de la sangre, y Redford, apasionado de la pintura, se mud\u00f3 a Europa con \u00ednfulas de ser un bohemio en su primera huida, abandonando los estudios y finalmente malviviendo en Francia (estudi\u00f3 en la \u00c9cole des Beaux-Arts, de Par\u00eds) e Italia desde 1955. En 1957 retorn\u00f3 a California. \u201cDe ni\u00f1o ten\u00eda los dientes muy grandes, el pelo demasiado rojizo y muy salvaje y la cara llena de pecas. Lo del f\u00edsico lleg\u00f3 mucho m\u00e1s tarde y me sorprendi\u00f3. No estaba preparado para ello\u201d.<\/p>\n<p class=\"\">A su vuelta, se matricul\u00f3 en otra escuela de arte, pensando m\u00e1s en dedicarse al dise\u00f1o de vestuarios. Tras casarse con Lola van Wagenen, por la que dej\u00f3 el alcohol, tuvieron su primer hijo, que falleci\u00f3 a los pocos meses en 1959. Ese mismo a\u00f1o un profesor le consigui\u00f3 un peque\u00f1o papel para una obra de Broadway. Redford empez\u00f3 a encadenar trabajos en teatro y televisi\u00f3n, y en 1962 actu\u00f3 en los escenarios en Descalzos por el parque, elegido por el director, Mike Nichols. En cine tambi\u00e9n comenz\u00f3 a frecuentar apariciones en La rebelde, La jaur\u00eda humana, Situaci\u00f3n desesperada y Propiedad condenada. Y sinti\u00f3 que a\u00fan le pod\u00eda la pasi\u00f3n por la pintura y la aventura hippie: con su mujer y sus hijos se instal\u00f3 en M\u00e1laga, antes de que Descalzos por el parque le rescatara para el cine como antes hab\u00eda hecho en el teatro; solo que a Elizabeth Ashley le sustituy\u00f3 en la gran pantalla, en 1967, Jane Fonda. \u201cHollywood nunca me pareci\u00f3 un lugar m\u00e1gico. No fue mi sue\u00f1o. La fama lleg\u00f3 de forma inesperada. Empec\u00e9 a verme tratado como un objeto. El lado oscuro de la fama. Primero uno se siente tratado como un objeto, luego se comporta como un objeto y finalmente, como no tengas cuidado, uno se convierte en un objeto. Hollywood es bueno para los negocios, pero prefiero vivir en otro sitio\u201d.<\/p>\n<p class=\"\">Fonda estuvo en sus primeros pasos como estrella f\u00edlmica y en los \u00faltimos, al ser su pareja en Nosotros en la noche (2017), y no guardaba buen recuerdo de \u00e9l. <a href=\"https:\/\/elpais.com\/cultura\/2023-05-26\/jane-fonda-rememora-su-carrera-de-sus-experiencias-duras-a-su-relacion-con-otras-estrellas.html\" target=\"_self\" rel=\"nofollow noopener\" title=\"https:\/\/elpais.com\/cultura\/2023-05-26\/jane-fonda-rememora-su-carrera-de-sus-experiencias-duras-a-su-relacion-con-otras-estrellas.html\">En 2023, en Cannes,<\/a> resumi\u00f3 as\u00ed su relaci\u00f3n: \u201c<a href=\"https:\/\/elpais.com\/noticias\/robert-redford\/\" rel=\"nofollow noopener\" target=\"_blank\">\u00bfRobert Redford?\u00a0<\/a>Llega tres horas tarde y enfadado, pero es un tipo majo, \u00bfeh? En fin, a\u00f1adir\u00e9 que tiene un problema con las mujeres\u201d.<\/p>\n<p class=\"\">Descalzos en el parque lo catapult\u00f3. Su siguiente trabajo fue Dos hombres y un destino, que empez\u00f3 on Paul Newman vigilando de reojillo a aquel rubio con aura de estrella y acab\u00f3 con ambos convertidos en amigos \u00edntimos. En esa d\u00e9cada de los setenta se convirti\u00f3 en figura fundamental para un cine de calidad, especialmente si era pol\u00edtico: El valle prohibido, Las aventuras de Jeremiah Johnson, El candidato, Tal c\u00f3mo eramos, El golpe, El gran Gatsby (un poco m\u00e1s joven hubiera sido el Gatsby perfecto&#8230;), El carnaval de las \u00e1guilas, Los tres d\u00edas del C\u00f3ndor, Todos los hombres del presidente, El jinete el\u00e9ctrico y Brubaker. Un curr\u00edculo brillante y ecl\u00e9ctico al que la Academia de Hollywood le dio la espalda: solo fue candidato al Oscar al mejor actor con El golpe.<\/p>\n<p class=\"\">Son los a\u00f1os tambi\u00e9n en que cuaja su activismo ecol\u00f3gico y social: si en 1970 ya se hab\u00eda opuesto a la construcci\u00f3n de una autopista en un ca\u00f1\u00f3n de Utah, un lustro despu\u00e9s lider\u00f3 una campa\u00f1a contra una central el\u00e9ctrica de carb\u00f3n en el mismo Estado, en un terreno que despu\u00e9s fue protegido. \u201cNos expandimos y generamos riqueza, pero \u00bfqu\u00e9 nos va a quedar si continuamos a este ritmo? El futuro no tiene que estar solo orientado al desarrollo, sino a la conservaci\u00f3n si buscamos la supervivencia de nuestra especie. En caso contrario, \u00bfpara qu\u00e9 tener hijos? Por eso decid\u00ed dedicar mis esfuerzos al medio ambiente\u00bb, explicaba a EL PA\u00cdS.<\/p>\n<p class=\"\"> El cineasta ya viv\u00eda all\u00ed en las monta\u00f1as de Utah (en realidad, entre Uath y Santa fe, en Nuevo M\u00e9xico) y en su b\u00fasqueda por ese algo m\u00e1s, en 1981 fund\u00f3 el Instituto Sundance, del que en 1984 sali\u00f3 el festival de Sundance. \u201cEl festival y el instituto son la forma de ofrecer esas oportunidades a otros. La primera idea fue la de ofrecer un lugar donde los autores pudieran conocer la obra de otros realizadores. Porque su trabajo estaba siendo ignorado. Para lo que no est\u00e1bamos preparados era para la energ\u00eda que esto cre\u00f3 a su alrededor, el n\u00famero de personas que se interesaron por esta labor\u201d.<\/p>\n","protected":false},"excerpt":{"rendered":"Ha sido un tit\u00e1n de la actuaci\u00f3n, una leyenda entre los cineastas indies en EE UU \u2014para quienes,&hellip;\n","protected":false},"author":2,"featured_media":118920,"comment_status":"","ping_status":"","sticky":false,"template":"","format":"standard","meta":{"footnotes":""},"categories":[91],"tags":[1014,39490,177,26334,39488,209,9265,146,147,25,24,256,1505,39489,724,39487,753,23536,23,39486],"class_list":{"0":"post-118919","1":"post","2":"type-post","3":"status-publish","4":"format-standard","5":"has-post-thumbnail","7":"category-entretenimiento","8":"tag-actores","9":"tag-barbra-streisand","10":"tag-cine","11":"tag-cine-autor","12":"tag-cine-independiente","13":"tag-cultura","14":"tag-directores-cine","15":"tag-entertainment","16":"tag-entretenimiento","17":"tag-es","18":"tag-espana","19":"tag-famosos","20":"tag-hollywood","21":"tag-jane-fonda","22":"tag-obituarios","23":"tag-paul-newman","24":"tag-peliculas","25":"tag-robert-redford","26":"tag-spain","27":"tag-sundance"},"share_on_mastodon":{"url":"","error":""},"_links":{"self":[{"href":"https:\/\/www.europesays.com\/es\/wp-json\/wp\/v2\/posts\/118919","targetHints":{"allow":["GET"]}}],"collection":[{"href":"https:\/\/www.europesays.com\/es\/wp-json\/wp\/v2\/posts"}],"about":[{"href":"https:\/\/www.europesays.com\/es\/wp-json\/wp\/v2\/types\/post"}],"author":[{"embeddable":true,"href":"https:\/\/www.europesays.com\/es\/wp-json\/wp\/v2\/users\/2"}],"replies":[{"embeddable":true,"href":"https:\/\/www.europesays.com\/es\/wp-json\/wp\/v2\/comments?post=118919"}],"version-history":[{"count":0,"href":"https:\/\/www.europesays.com\/es\/wp-json\/wp\/v2\/posts\/118919\/revisions"}],"wp:featuredmedia":[{"embeddable":true,"href":"https:\/\/www.europesays.com\/es\/wp-json\/wp\/v2\/media\/118920"}],"wp:attachment":[{"href":"https:\/\/www.europesays.com\/es\/wp-json\/wp\/v2\/media?parent=118919"}],"wp:term":[{"taxonomy":"category","embeddable":true,"href":"https:\/\/www.europesays.com\/es\/wp-json\/wp\/v2\/categories?post=118919"},{"taxonomy":"post_tag","embeddable":true,"href":"https:\/\/www.europesays.com\/es\/wp-json\/wp\/v2\/tags?post=118919"}],"curies":[{"name":"wp","href":"https:\/\/api.w.org\/{rel}","templated":true}]}}