{"id":118956,"date":"2025-09-16T14:45:09","date_gmt":"2025-09-16T14:45:09","guid":{"rendered":"https:\/\/www.europesays.com\/es\/118956\/"},"modified":"2025-09-16T14:45:09","modified_gmt":"2025-09-16T14:45:09","slug":"de-fuegos-artificiales-sin-ruido-a-actos-en-la-plaza-aragon-y-un-leon-garganchon","status":"publish","type":"post","link":"https:\/\/www.europesays.com\/es\/118956\/","title":{"rendered":"de fuegos artificiales sin ruido a actos en la plaza Arag\u00f3n y un Le\u00f3n Garganch\u00f3n"},"content":{"rendered":"<p class=\"paragraph\">M\u00e1s de mil actos forman parte de las<a href=\"https:\/\/www.heraldo.es\/noticias\/aragon\/zaragoza\/fiestas-del-pilar\/2025\/09\/16\/programa-completo-fiestas-pilar-zaragoza-pilares-2025-1726981.html\" title=\"Programa completo de las Fiestas del Pilar 2025 en Zaragoza: conciertos, teatro y todas las novedades\" target=\"_blank\" rel=\"nofollow noopener\"> Fiestas del Pilar de Zaragoza,<\/a> que se celebrar\u00e1n del 4 al 13 de octubre, un d\u00eda m\u00e1s de lo que es habitual. Podr\u00edan ser incluso dos, si se incorpora el concierto que ofrecer\u00e1 el Padre Guilherme el d\u00eda 3, a las 21.00 horas. En el programa se refuerzan las actividades infantiles, los escenarios en el centro de la ciudad. Destacan entre las novedades un tobog\u00e1n itinerante, pantallas en la Estaci\u00f3n del Norte y m\u00fasica callejera.<\/p>\n<p>El Le\u00f3n Garganch\u00f3n<\/p>\n<p class=\"paragraph\">Uno de los elementos que van a protagonizar este octubre las fiestas es el nuevo tobog\u00e1n infantil itinerante que representa al le\u00f3n rampante s\u00edmbolo de la ciudad bajo el nombre de \u201cLe\u00f3n Garganch\u00f3n\u201d y que aspira a convertirse en un elemento tan tradicional y popular como el \u201cTragachicos\u201d. Ambos se convertir\u00e1n en embajadores de la alegr\u00eda, recorriendo todos los distritos y barrios de la ciudad.<\/p>\n<p>El desfile del preg\u00f3n<\/p>\n<p class=\"paragraph\">Se centra en los s\u00edmbolos de la ciudad y en estas fechas. Por ello, los cuatro bloques se centrar\u00e1n en el pregonero mayor, los elementos m\u00e1s evocadores de la Ciudad, como el Ebro, la Bas\u00edlica, las medidas de las Virgen, para una segunda parte con la diversi\u00f3n popular de los pe\u00f1istas, las vacas, charanga y otros elementos cl\u00e1sicos.<\/p>\n<p>Un preg\u00f3n de cine<\/p>\n<p class=\"paragraph\">El 4 de octubre pronunciar\u00e1n el preg\u00f3n los directores de cine Pilar Palomero, Paula Ortiz y Javier Macipe acompa\u00f1ados de otros tres representantes de \u00e9xito del cine zaragozano Blanca Torres, Arantxa Ezquerro y Pepe Lorente. El preg\u00f3n se podr\u00e1 seguir en pantallas que se colocar\u00e1n en la Estaci\u00f3n del Norte, en el Espacio Zity y en las Foodtrucks.\u00a0<\/p>\n<p>Los actos tradicionales<\/p>\n<p class=\"paragraph\">El Rosario de Cristal har\u00e1 el circuito de forma inversa para facilitar la convivencia con otros actos festivos que se desarrollan en la plaza del Pilar en un tramo horario similar. Se mantendr\u00e1 la\u00a0colocaci\u00f3n de la Virgen del Pilar durante la v\u00edspera de la Ofrenda y la Ofrenda de Frutos incorporar\u00e1 cambios, que pr\u00f3ximamente se anunciar\u00e1n.\u00a0<\/p>\n<p>Fuegos artificiales inclusivos<\/p>\n<p class=\"paragraph\">Desde el parque Pignatelli se lanzar\u00e1n fuegos artificiales exclusivamente visual, sin los elementos de gran sonoridad que se utilizan habitualmente. Todo para que los m\u00e1s peque\u00f1os e, incluso, las mascotas, puedan disfrutar de este espect\u00e1culo.<\/p>\n<p>M\u00fasica en el centro\u00a0<\/p>\n<p class=\"paragraph\">Las plazas del centro (Salamero, San Felipe, Plaza Arag\u00f3n) y el paseo de la Independencia ser\u00e1n escenarios abiertos y punto de encuentro ciudadano. Adem\u00e1s de la animaci\u00f3n art\u00edstica, que agitar\u00e1 esos d\u00edas esta c\u00e9ntrica ubicaci\u00f3n,<b> se sumar\u00e1n espect\u00e1culos itinerantes que aportar\u00e1n dinamismo y sorpresas, con cinco grupos locales y cinco nacionales bajo el nombre de Off de Calle<\/b>, junto a los artistas de calle que ejercen su actividad durante el resto del a\u00f1o y que tambi\u00e9n tienen su espacio reservado en esta zona.<\/p>\n","protected":false},"excerpt":{"rendered":"M\u00e1s de mil actos forman parte de las Fiestas del Pilar de Zaragoza, que se celebrar\u00e1n del 4&hellip;\n","protected":false},"author":2,"featured_media":118957,"comment_status":"","ping_status":"","sticky":false,"template":"","format":"standard","meta":{"footnotes":""},"categories":[91],"tags":[39499,146,147,25,24,43,39500,5285,23,39501],"class_list":{"0":"post-118956","1":"post","2":"type-post","3":"status-publish","4":"format-standard","5":"has-post-thumbnail","7":"category-entretenimiento","8":"tag-artificiales","9":"tag-entertainment","10":"tag-entretenimiento","11":"tag-es","12":"tag-espana","13":"tag-fiestas","14":"tag-itinerante","15":"tag-novedades","16":"tag-spain","17":"tag-tobogan"},"share_on_mastodon":{"url":"","error":""},"_links":{"self":[{"href":"https:\/\/www.europesays.com\/es\/wp-json\/wp\/v2\/posts\/118956","targetHints":{"allow":["GET"]}}],"collection":[{"href":"https:\/\/www.europesays.com\/es\/wp-json\/wp\/v2\/posts"}],"about":[{"href":"https:\/\/www.europesays.com\/es\/wp-json\/wp\/v2\/types\/post"}],"author":[{"embeddable":true,"href":"https:\/\/www.europesays.com\/es\/wp-json\/wp\/v2\/users\/2"}],"replies":[{"embeddable":true,"href":"https:\/\/www.europesays.com\/es\/wp-json\/wp\/v2\/comments?post=118956"}],"version-history":[{"count":0,"href":"https:\/\/www.europesays.com\/es\/wp-json\/wp\/v2\/posts\/118956\/revisions"}],"wp:featuredmedia":[{"embeddable":true,"href":"https:\/\/www.europesays.com\/es\/wp-json\/wp\/v2\/media\/118957"}],"wp:attachment":[{"href":"https:\/\/www.europesays.com\/es\/wp-json\/wp\/v2\/media?parent=118956"}],"wp:term":[{"taxonomy":"category","embeddable":true,"href":"https:\/\/www.europesays.com\/es\/wp-json\/wp\/v2\/categories?post=118956"},{"taxonomy":"post_tag","embeddable":true,"href":"https:\/\/www.europesays.com\/es\/wp-json\/wp\/v2\/tags?post=118956"}],"curies":[{"name":"wp","href":"https:\/\/api.w.org\/{rel}","templated":true}]}}