{"id":118981,"date":"2025-09-16T15:02:07","date_gmt":"2025-09-16T15:02:07","guid":{"rendered":"https:\/\/www.europesays.com\/es\/118981\/"},"modified":"2025-09-16T15:02:07","modified_gmt":"2025-09-16T15:02:07","slug":"la-fecha-del-libro-del-asesinato-de-charlie-kirk-fue-un-error-tecnico","status":"publish","type":"post","link":"https:\/\/www.europesays.com\/es\/118981\/","title":{"rendered":"La fecha del libro del asesinato de Charlie Kirk fue un error t\u00e9cnico"},"content":{"rendered":"<p>El asesinato del <a href=\"https:\/\/www.newtral.es\/charlie-kirk-trump-utah\/20250911\/\" rel=\"nofollow noopener\" target=\"_blank\">activista<\/a> de extrema derecha Charlie Kirk el 10 de septiembre ha generado una <a href=\"https:\/\/www.newtral.es\/bulos-charlie-kirk\/20250912\/\" rel=\"nofollow noopener\" target=\"_blank\">oleada de desinformaci\u00f3n<\/a> y teor\u00edas de la conspiraci\u00f3n en torno a su muerte. Una de ellas defiende que el ataque se conoc\u00eda antes de que sucediera, ya que, supuestamente, un d\u00eda antes estaba disponible en Amazon un libro con el t\u00edtulo The Shooting of Charlie Kirk (El tiroteo de Charlie Kirk en espa\u00f1ol).\u00a0<\/p>\n<ul class=\"wp-block-list\">\n<li>\u201cAmazon public\u00f3 un libro sobre el asesinato de Charlie Kirk un d\u00eda antes de que lo mataran. \u00bfCoincidencia o alguien que sab\u00eda m\u00e1s de la cuenta y le dio a publicar antes de tiempo?\u201d, recogen mensajes en <a href=\"https:\/\/archive.ph\/tS7pJ\" rel=\"nofollow noopener\" target=\"_blank\">X<\/a> y <a href=\"https:\/\/archive.ph\/vFImL\" rel=\"nofollow noopener\" target=\"_blank\">Facebook<\/a>.\u00a0<\/li>\n<\/ul>\n<p><strong>Error t\u00e9cnico. <\/strong>En la web de Amazon <a href=\"https:\/\/web.archive.org\/web\/20250911163616\/https:\/\/www.amazon.com\/dp\/B0FQMF466K#:~:text=Publication%20date-,September%209%2C%202025,-File%20size\" rel=\"nofollow noopener\" target=\"_blank\">s\u00ed aparec\u00eda<\/a> el libro sobre el asesinato de Charlie Kirk y, como se\u00f1alan los mensajes virales, la fecha de publicaci\u00f3n era del 9 de septiembre, un d\u00eda antes de que ocurrieran los hechos.\u00a0<\/p>\n<ul class=\"wp-block-list\">\n<li>Sin embargo, desde Amazon explican a Newtal.es que \u201cdebido a un problema t\u00e9cnico, la fecha de publicaci\u00f3n que se mostr\u00f3 para este t\u00edtulo, durante el breve per\u00edodo en que estuvo disponible, era incorrecta\u201d.<\/li>\n<\/ul>\n<ul class=\"wp-block-list\">\n<li>\u201cNos disculpamos por cualquier confusi\u00f3n que esto haya podido ocasionar; el t\u00edtulo fue publicado a \u00faltima hora de la tarde del 10 de septiembre\u201d, aseguran desde la empresa a este medio.\u00a0<\/li>\n<\/ul>\n<p><strong>Hecho con IA. <\/strong>Otra de las cuestiones que ponen en duda los mensajes virales es que diera tiempo a hacer y publicar un libro horas despu\u00e9s del asesinato de Charlie Kirk.\u00a0<\/p>\n<ul class=\"wp-block-list\">\n<li>\u201cLo curioso es que el libro ya hablaba del ataque, de la universidad, de las consecuencias\u2026 y de la respuesta americana. Todo en 69 p\u00e1ginas. Muy eficiente el autor. O muy bien informado\u201d, se lee en las publicaciones.\u00a0<\/li>\n<\/ul>\n<p>Seg\u00fan el medio de verificaci\u00f3n <a href=\"https:\/\/www.politifact.com\/factchecks\/2025\/sep\/12\/tweets\/Amazon-book-charlie-kirk-shooting-technical-error\/\" rel=\"nofollow noopener\" target=\"_blank\">PolitiFact<\/a> \u2013que, como Newtral.es, forma parte de la red internacional de fact-checkers IFCN\u2013, el libro publicado en Amazon sobre Charlie Kirk podr\u00eda haber sido creado con inteligencia artificial (IA) ya que se basaba en informaci\u00f3n recogida en noticias ya publicadas y declaraciones de funcionarios p\u00fablicos.\u00a0<\/p>\n<ul class=\"wp-block-list\">\n<li>Desde Newtral.es no hemos podido comprobar el contenido de la publicaci\u00f3n puesto que <a href=\"https:\/\/www.amazon.com\/s?__mk_es_US=%C3%85M%C3%85%C5%BD%C3%95%C3%91&amp;crid=3VGAKIS0QO8I1&amp;i=stripbooks-intl-ship&amp;k=the%20shooting%20of%20charlie%20kirk&amp;ref=glow_cls&amp;refresh=1&amp;sprefix=the%20shooting%20of%20charlie%20kirk%2Cstripbooks-intl-ship%2C163\" rel=\"nofollow noopener\" target=\"_blank\">ya no est\u00e1 disponible<\/a> en Amazon.\u00a0<\/li>\n<\/ul>\n<p>Adem\u00e1s, no hemos podido encontrar ninguna informaci\u00f3n sobre la supuesta autora del libro del asesinato de Charlie Kirk, Anastasia J. Carey.\u00a0 Algunas <a href=\"https:\/\/archive.ph\/SLtfb\" rel=\"nofollow noopener\" target=\"_blank\">publicaciones<\/a> de Amazon, subidas tras la muerte del activista, <a href=\"https:\/\/www.amazon.com\/-\/es\/Evelyn-Grey-ebook\/dp\/B0FR3X5RRL\/ref=sr_1_1?crid=22HFSDLYLQR6Y&amp;dib=eyJ2IjoiMSJ9.pOmOEqZ2EHfF93WWkIWFnl80vZL0yK4t3sl6NAXJ7uxAhCNO1OrpPopfU4kfi53QlvWjn8mrDpbNwkp08ls090vA2iIKQHhVdap63ohUNox1TlAIoBbs5uTrk2AKucj2r3m4ILAR0cDL-58vB6mk_QMkeEg2tSaXGFZViZh0pUUsW_4lWHrKhxvYxPD75lcYJCFj6b1XjvhdF8J-q3CyX0ggT7oAW2xtWLDyKBcQLyE.P1tN1-cmuhS9rhl253HmbWdwRIvec5rApRnntS5a8qA&amp;dib_tag=se&amp;keywords=anastasia+j+casey&amp;qid=1758017844&amp;s=books&amp;sprefix=Anastsia+%2Cstripbooks-intl-ship%2C190&amp;sr=1-1&amp;asin=B0FR3X5RRL&amp;revisionId=e8661e1a&amp;format=3&amp;depth=1\" rel=\"nofollow noopener\" target=\"_blank\">defienden<\/a> que podr\u00eda ser un seud\u00f3nimo.\u00a0<\/p>\n<ul class=\"wp-block-list\">\n<li>Sin embargo, estas obras, las que hacen referencia al supuesto seud\u00f3nimo, tambi\u00e9n parecen hechas con IA: al buscar el nombre de la autora de una de ellas \u2013<a href=\"https:\/\/www.goodreads.com\/author\/show\/1371993.Evelyn_Grey\" rel=\"nofollow noopener\" target=\"_blank\">Evelyn Grey<\/a>\u2013, los resultados que arroja son de <a href=\"https:\/\/www.amazon.es\/Rom%C3%A1ntica-Evelyn-Grey-Libros\/s?rh=n%3A902686031%2Cp_27%3AEvelyn%2BGrey\" rel=\"nofollow noopener\" target=\"_blank\">novelas rom\u00e1nticas<\/a>.\u00a0<\/li>\n<\/ul>\n","protected":false},"excerpt":{"rendered":"El asesinato del activista de extrema derecha Charlie Kirk el 10 de septiembre ha generado una oleada de&hellip;\n","protected":false},"author":2,"featured_media":118982,"comment_status":"","ping_status":"","sticky":false,"template":"","format":"standard","meta":{"footnotes":""},"categories":[172],"tags":[912,224,146,147,25,24,629,225,23],"class_list":{"0":"post-118981","1":"post","2":"type-post","3":"status-publish","4":"format-standard","5":"has-post-thumbnail","7":"category-libros","8":"tag-amazon","9":"tag-books","10":"tag-entertainment","11":"tag-entretenimiento","12":"tag-es","13":"tag-espana","14":"tag-estados-unidos","15":"tag-libros","16":"tag-spain"},"share_on_mastodon":{"url":"","error":""},"_links":{"self":[{"href":"https:\/\/www.europesays.com\/es\/wp-json\/wp\/v2\/posts\/118981","targetHints":{"allow":["GET"]}}],"collection":[{"href":"https:\/\/www.europesays.com\/es\/wp-json\/wp\/v2\/posts"}],"about":[{"href":"https:\/\/www.europesays.com\/es\/wp-json\/wp\/v2\/types\/post"}],"author":[{"embeddable":true,"href":"https:\/\/www.europesays.com\/es\/wp-json\/wp\/v2\/users\/2"}],"replies":[{"embeddable":true,"href":"https:\/\/www.europesays.com\/es\/wp-json\/wp\/v2\/comments?post=118981"}],"version-history":[{"count":0,"href":"https:\/\/www.europesays.com\/es\/wp-json\/wp\/v2\/posts\/118981\/revisions"}],"wp:featuredmedia":[{"embeddable":true,"href":"https:\/\/www.europesays.com\/es\/wp-json\/wp\/v2\/media\/118982"}],"wp:attachment":[{"href":"https:\/\/www.europesays.com\/es\/wp-json\/wp\/v2\/media?parent=118981"}],"wp:term":[{"taxonomy":"category","embeddable":true,"href":"https:\/\/www.europesays.com\/es\/wp-json\/wp\/v2\/categories?post=118981"},{"taxonomy":"post_tag","embeddable":true,"href":"https:\/\/www.europesays.com\/es\/wp-json\/wp\/v2\/tags?post=118981"}],"curies":[{"name":"wp","href":"https:\/\/api.w.org\/{rel}","templated":true}]}}