{"id":118991,"date":"2025-09-16T15:12:13","date_gmt":"2025-09-16T15:12:13","guid":{"rendered":"https:\/\/www.europesays.com\/es\/118991\/"},"modified":"2025-09-16T15:12:13","modified_gmt":"2025-09-16T15:12:13","slug":"vendieron-lo-que-yo-queria-muchisimo-por-dinero","status":"publish","type":"post","link":"https:\/\/www.europesays.com\/es\/118991\/","title":{"rendered":"\u00abVendieron lo que yo quer\u00eda much\u00edsimo por dinero\u00bb"},"content":{"rendered":"<p class=\"voc-p\" style=\"\">La <a href=\"https:\/\/www.abc.es\/xlsemanal\/ciencia\/vigilancia-salud-ancianos-inteligencia-artificial-reino-unido-pruebas.html\" target=\"_self\" data-voc-vtm-id=\"in-text-traffic\" title=\"vejez\" data-mrf-link=\"www.abc.es\" rel=\"nofollow noopener\">vejez<\/a> llega cargada de <strong>experiencias<\/strong>, de <strong>recuerdos<\/strong> acumulados a lo largo de las d\u00e9cadas y de silencios que solo se rompen cuando alguien pregunta. Con el paso del tiempo, los <strong>logros<\/strong> se miran con serenidad, pero tambi\u00e9n afloran las <strong>cuentas pendientes<\/strong>: decisiones que no se tomaron, caminos que no se exploraron o actitudes que dejaron huella en uno mismo y en los dem\u00e1s. Muchos <a href=\"https:\/\/www.abc.es\/espana\/madrid\/okupa-casa-dos-ancianos-madrid-aprovechando-visita-20250321124038-nt.html\" target=\"_self\" data-voc-vtm-id=\"in-text-traffic\" title=\"ancianos\" data-mrf-link=\"www.abc.es\" rel=\"nofollow noopener\">ancianos<\/a> reconocen que la vida es una sucesi\u00f3n de elecciones, y al echar la vista atr\u00e1s, no todos los recuerdos son motivo de orgullo.<\/p>\n<p class=\"voc-p\" style=\"\">Precisamente, con esa inquietud en mente, el creador de contenido Jaime Gumiel decidi\u00f3 salir a la calle y dar voz a quienes cuentan con m\u00e1s de ocho d\u00e9cadas de existencia. Su prop\u00f3sito fue <strong>descubrir qu\u00e9 opinan realmente las personas mayores de 80 a\u00f1os<\/strong>, si han sido felices en su vida y, sobre todo, <strong>de qu\u00e9 se arrepienten<\/strong>.<\/p>\n<p>\nArrepentimientos en hombres y mujeres\n<\/p>\n<p class=\"voc-p\" style=\"\">El creador de contenido puso de relieve que, seg\u00fan los expertos, <strong>los remordimientos no se presentan del mismo modo en hombres y mujeres<\/strong>. \u00abLas mujeres tienden m\u00e1s a arrepentirse por no haber vivido una vida m\u00e1s aut\u00e9ntica y siempre han estado centr\u00e1ndose mucho en lo que puedan opinar los dem\u00e1s\u00bb, coment\u00f3.<\/p>\n<p class=\"voc-p\" style=\"\">En este sentido, explic\u00f3 que la sociedad de hace 60 a\u00f1os no era comparable con la actual y muchas ancianas reconocen que en su juventud <strong>buscaron m\u00e1s la aceptaci\u00f3n social que su propia felicidad<\/strong>. \u00abAdem\u00e1s el estudio concluy\u00f3 que las mujeres suelen tener un mayor arrepentimiento emocional, es decir, muchas veces est\u00e1n en relaciones insatisfactorias simplemente por el hecho de formar una familia o por falta de autocuidado\u00bb, a\u00f1adi\u00f3.<\/p>\n<p class=\"voc-p\" style=\"\">Ese patr\u00f3n se repite en muchas historias. \u00abMuchas veces antiguamente se centraba demasiado en tener la familia, cuidar a los ni\u00f1os y, ya sab\u00e9is, todo el rol que era antes: la mujer cuidaba las tareas del hogar y el hombre era el que trabajaba. Entonces muchas mujeres de m\u00e1s de 80 a\u00f1os se arrepienten de no haberse centrado m\u00e1s en ellas mismas\u00bb, apunt\u00f3.<\/p>\n<p class=\"voc-p\" style=\"\">Los <strong>varones<\/strong>, por su parte, coinciden en otro tipo de lamento. \u00abEn los hombres el arrepentimiento m\u00e1s com\u00fan era haber trabajado demasiado y no haber pasado m\u00e1s tiempo con su familia\u00bb, se\u00f1al\u00f3 el creador de contenido. Tambi\u00e9n destac\u00f3 que \u00abmuchas veces se centraba demasiado el trabajo y descuidaba much\u00edsimo a los hijos. Ese es el mayor arrepentimiento de los hombres\u00bb. Sin embargo, a este pesar se suma otro de <strong>car\u00e1cter emocional<\/strong>. \u00abMuchos hombres se arrepienten de no haber sido emocionalmente m\u00e1s abiertos. Antes, llorar para el hombre era como un estado de debilidad. Hoy en d\u00eda sabemos que esto tambi\u00e9n ha cambiado, pero muchos se arrepienten de siempre intentar ser el fuerte y de no poder haber mostrado mayores emociones, incluso con su propia esposa\u00bb, record\u00f3 el entrevistador.<\/p>\n<p>\nHistorias en primera persona\n<\/p>\n<p class=\"voc-p\" style=\"\">El experimento social del joven influencer no se limit\u00f3 a teor\u00edas, sino que busc\u00f3 comprobarlas en la calle. \u00ab\u00bfPero esto realmente es as\u00ed? Hemos salido a la calle para comprobarlo\u00bb, se\u00f1al\u00f3 en el v\u00eddeo. <\/p>\n<p class=\"voc-p\" style=\"\">Una mujer resumi\u00f3 su pesar en <strong>una oportunidad no aprovechada<\/strong>: \u00abDe no haberme ido a trabajar fuera y haberme quedado aqu\u00ed. Pude haberme ido a trabajar fuera y no lo hice y me qued\u00e9 aqu\u00ed, pero bueno, son cosas que pasan\u00bb.<\/p>\n<p class=\"voc-p\" style=\"\">Otro hombre, en cambio, se mostr\u00f3 <strong>totalmente satisfecho<\/strong> con su vida: \u00abPues no, no me arrepiento de nada, he vivido una vida normal y ya est\u00e1. Esto que ya pueda venirme lo espero cualquier d\u00eda\u00bb.<\/p>\n<p class=\"voc-p\" style=\"\">No obstante, hubo tambi\u00e9n <strong>confesiones m\u00e1s amargas<\/strong>, como la de una anciana que revel\u00f3: \u00abMe arrepiento de haberles dado mis propiedades a mis hijas antes de tiempo. Vendieron lo que yo quer\u00eda much\u00edsimo por dinero\u00bb. Un testimonio que demuestra c\u00f3mo las <strong>decisiones patrimoniales<\/strong> pueden generar pesares profundos.<\/p>\n<p class=\"voc-p\" style=\"\">Pero no todo son lamentos. Otro se\u00f1or afirm\u00f3: \u00abYo creo que no, yo creo que de la vida no me arrepiento de nada, porque en la vida he tenido de todo, buen tiempo, mal tiempo\u2026 He trabajado much\u00edsimo, pero ahora tengo la vida resuelta. Voy a hacer 84 a\u00f1os y tengo mi vida resuelta\u00bb. En contraste, otra mujer dej\u00f3 claro que su mayor arrepentimiento fue <strong>personal<\/strong>: \u00abDe haberme casado\u00bb.<\/p>\n<p>\nLa vejez como espejo de la vida\n<\/p>\n<p class=\"voc-p\" style=\"\">Los testimonios recogidos por el creador de contenido revelan que la <strong>vejez<\/strong> funciona como un <strong>espejo<\/strong> en el que se <strong>reflejan las decisiones de toda una vida<\/strong>. Algunos ancianos se sienten satisfechos con el recorrido realizado, mientras que otros siguen cargando con la espina de lo que pudo haber sido y no fue.<\/p>\n<p class=\"voc-p\" style=\"\">Al final, la conclusi\u00f3n parece coincidir con lo que se\u00f1ala la ciencia: los remordimientos m\u00e1s comunes est\u00e1n <strong>vinculados a las relaciones humanas<\/strong>, a las <strong>oportunidades perdidas<\/strong> y al <strong>tiempo no compartido<\/strong> con quienes importan de verdad. Y quiz\u00e1 esa sea la gran lecci\u00f3n que los mayores pueden transmitir a los j\u00f3venes: <strong>vivir con menos miedo a lo que opinen los dem\u00e1s<\/strong> y <strong>valorar m\u00e1s los v\u00ednculos personales<\/strong> que cualquier logro material.<\/p>\n<p>Reportar un error<\/p>\n","protected":false},"excerpt":{"rendered":"La vejez llega cargada de experiencias, de recuerdos acumulados a lo largo de las d\u00e9cadas y de silencios&hellip;\n","protected":false},"author":2,"featured_media":118992,"comment_status":"","ping_status":"","sticky":false,"template":"","format":"standard","meta":{"footnotes":""},"categories":[8],"tags":[13173,988,39508,17,18,23451,25,24,13,14,11,19,20,9,10,15,16,14025,12513,23,12,21,22,2606],"class_list":{"0":"post-118991","1":"post","2":"type-post","3":"status-publish","4":"format-standard","5":"has-post-thumbnail","7":"category-espana","8":"tag-ancianos","9":"tag-anos","10":"tag-arrepienten","11":"tag-breaking-news","12":"tag-breakingnews","13":"tag-claros","14":"tag-es","15":"tag-espana","16":"tag-featured-news","17":"tag-featurednews","18":"tag-headlines","19":"tag-latest-news","20":"tag-latestnews","21":"tag-news","22":"tag-noticias","23":"tag-noticias-destacadas","24":"tag-noticiasdestacadas","25":"tag-preguntan","26":"tag-respuestas","27":"tag-spain","28":"tag-titulares","29":"tag-ultimas-noticias","30":"tag-ultimasnoticias","31":"tag-vida"},"share_on_mastodon":{"url":"","error":""},"_links":{"self":[{"href":"https:\/\/www.europesays.com\/es\/wp-json\/wp\/v2\/posts\/118991","targetHints":{"allow":["GET"]}}],"collection":[{"href":"https:\/\/www.europesays.com\/es\/wp-json\/wp\/v2\/posts"}],"about":[{"href":"https:\/\/www.europesays.com\/es\/wp-json\/wp\/v2\/types\/post"}],"author":[{"embeddable":true,"href":"https:\/\/www.europesays.com\/es\/wp-json\/wp\/v2\/users\/2"}],"replies":[{"embeddable":true,"href":"https:\/\/www.europesays.com\/es\/wp-json\/wp\/v2\/comments?post=118991"}],"version-history":[{"count":0,"href":"https:\/\/www.europesays.com\/es\/wp-json\/wp\/v2\/posts\/118991\/revisions"}],"wp:featuredmedia":[{"embeddable":true,"href":"https:\/\/www.europesays.com\/es\/wp-json\/wp\/v2\/media\/118992"}],"wp:attachment":[{"href":"https:\/\/www.europesays.com\/es\/wp-json\/wp\/v2\/media?parent=118991"}],"wp:term":[{"taxonomy":"category","embeddable":true,"href":"https:\/\/www.europesays.com\/es\/wp-json\/wp\/v2\/categories?post=118991"},{"taxonomy":"post_tag","embeddable":true,"href":"https:\/\/www.europesays.com\/es\/wp-json\/wp\/v2\/tags?post=118991"}],"curies":[{"name":"wp","href":"https:\/\/api.w.org\/{rel}","templated":true}]}}