{"id":118994,"date":"2025-09-16T15:15:11","date_gmt":"2025-09-16T15:15:11","guid":{"rendered":"https:\/\/www.europesays.com\/es\/118994\/"},"modified":"2025-09-16T15:15:11","modified_gmt":"2025-09-16T15:15:11","slug":"daniel-luque-tras-el-dolor-un-nuevo-impulso","status":"publish","type":"post","link":"https:\/\/www.europesays.com\/es\/118994\/","title":{"rendered":"Daniel Luque, tras el dolor, un nuevo impulso"},"content":{"rendered":"<p>Daniel Luque, tras el dolor, un nuevo impulso<\/p>\n<p>De paso habitual por Dax, y tras haber sumado un nuevo triunfo en la ciudad termal, Daniel Luque se brind\u00f3, antes de partir hacia otras plazas y otros triunfos, a reunirse con nosotros y responder a nuestras preguntas.<\/p>\n<p><strong>Tertulias :<\/strong>\u00a0<strong>\u00ab<\/strong> <strong><strong>Enhorabuena por otro triunfo. \u00bfQu\u00e9 tal? \u00bfSales satisfecho? \u00a0<\/strong>\u00a0<strong>\u00bb<\/strong> \u00a0<\/strong><\/p>\n<p><strong>Daniel Luque : <\/strong>\u00ab Claro que s\u00ed. Dax es para m\u00ed una plaza muy importante de Francia, en lo personal y en lo profesional. Son tardes que te las marcas como importantes y cuando las cosas salen bien estas feliz, sales contento.<strong>\u00a0<\/strong>\u00bb<\/p>\n<p><strong>Tertulias :<\/strong>\u00a0<strong>\u00ab<\/strong> <strong>\u00bfCu\u00e9ntanos lo que paso con este segundo toro?<\/strong> <strong><strong>\u00bb<\/strong><\/strong><\/p>\n<p><strong>Daniel Luque : <\/strong>\u00ab Fue un toro importante. Adem\u00e1s, es una ganader\u00eda importante que es muy del gusto de Francia, ha tenido muchos triunfos en esta plaza. Yo ten\u00eda mucha fe. Empec\u00e9 por el lado izquierdo. Siempre cuando un animal tiene mayores virtudes por un pit\u00f3n que por otro, intento guardar el mejor para el final. Creo que ha sido una faena muy importante.<strong>\u00a0<\/strong>\u00bb \u00a0<\/p>\n<p><img loading=\"lazy\" decoding=\"async\" width=\"703\" height=\"471\" src=\"https:\/\/www.europesays.com\/es\/wp-content\/uploads\/2025\/09\/image-33.png\" alt=\"\" class=\"wp-image-108278\" style=\"width:760px;height:auto\"  \/><\/p>\n<p><strong>Tertulias :<\/strong>\u00a0<strong>\u00ab<\/strong> <strong><strong>Has hecho parar la m\u00fasica. Es algo que sueles hacer pero que no todos entienden. Expl\u00edcanos.\u00bb<\/strong><\/strong><\/p>\n<p><strong>Daniel Luque : <\/strong>\u00ab Bueno, creo que no hay que estar pendiente de lo que a uno le sale bien\u2026Hago lo que siento.\u00a0 No es que sea importante, pero para m\u00ed no era un principio para m\u00fasica. Necesitaba dar un tiempo para que la faena viniera al lio. Pod\u00eda estar pendiente de la m\u00fasica y me desconcentre. Dax es el tipo de plaza que tiene una m\u00fasica tan espectacular, tenia que estar en un momento grande para acompa\u00f1arle como debe ser.\u00bb<\/p>\n<p><img loading=\"lazy\" decoding=\"async\" width=\"844\" height=\"562\" src=\"https:\/\/www.europesays.com\/es\/wp-content\/uploads\/2025\/09\/image-31.png\" alt=\"\" class=\"wp-image-108276\"  \/><\/p>\n<p><strong>Tertulias :<\/strong>\u00a0<strong>\u00abY, tienes esa relaci\u00f3n \u00fanica con Dax \u00bfDe d\u00f3nde viene?\u00a0<strong>\u00bb<\/strong><\/strong><\/p>\n<p><strong>Daniel Luque : <\/strong>\u00ab Creo que es una recompensa de a\u00f1os de lucha. Creo que la encerrona con 6 toros de La Quinta fue un punto importante para construir una relaci\u00f3n muy especial. Puede parecer una ventaja, pero no lo es. La gente me sigue, me quiere ver siempre al 100%, y no es f\u00e1cil. Cada vez que me visto de luces para torear en Dax, tengo much\u00edsima presi\u00f3n, pero s\u00e9 que cuando me entrego, ellos se entregan tambi\u00e9n y eso es de lo mas bonito.<strong>\u00a0<\/strong>\u00bb \u00a0<\/p>\n<p><strong>Tertulias :<\/strong>\u00a0<strong>\u00ab<\/strong> <strong><strong>\u00bfTienes ese tipo de idilio con otras plazas?\u00bb<\/strong><\/strong><\/p>\n<p><strong>Daniel Luque : <\/strong>\u00ab Si. Pero al final, creo que el idilio de las plazas no sea tan por las plazas sino por el momento que viven. Identificas menos con las plazas que con la afici\u00f3n, lo que transmiten. Las plazas en s\u00ed, son algo material para encontrar a la gente que la habita. Eso es lo importante.<strong>\u00a0<\/strong>\u00bb<\/p>\n<p><img loading=\"lazy\" decoding=\"async\" width=\"1024\" height=\"683\" src=\"https:\/\/www.europesays.com\/es\/wp-content\/uploads\/2025\/09\/@DSC2709-1024x683.jpg\" alt=\"\" class=\"wp-image-108287\"  \/><\/p>\n<p><strong>Tertulias :<\/strong>\u00a0<strong>\u00ab\u00bfMont de Marsan fue una b\u00e1scula en tu temporada?<strong>\u00bb<\/strong><\/strong><\/p>\n<p><strong>Daniel Luque : <\/strong>\u00ab Si. Fue un momento importante donde puede liberarme yo de todo lo vivido durante esos tiempos de la enfermedad de mi padre. Pude yo ser mas libre y siempre tiene que ser Francia la que me permite obtener eso y siempre le estar\u00e9 muy agradecido.<strong>\u00a0<\/strong>\u00bb<\/p>\n<p><strong>Tertulias :<\/strong>\u00a0<strong>\u00ab \u00bfLa p\u00e9rdida de tu padre, que era muy presente contigo, ha marcado el principio de tu temporada?\u00a0<strong>\u00bb<\/strong><\/strong><\/p>\n<p><strong>Daniel Luque : <\/strong>\u00ab Representaba todo. Pero no quisiera decir que la culpa es de eso. La culpa es m\u00eda por no ser capaz luego de desagruparme de eso. Hoy quiero pensar en las cosas buenas y dejar esas atr\u00e1s. \u00a1Para adelante y a disfrutar la temporada que me queda! <strong>\u00a0<\/strong>\u00bb \u00a0<\/p>\n<p><strong>Tertulias :<\/strong>\u00a0<strong>\u00ab<\/strong> <strong><strong>\u00bfC\u00f3mo regresa el \u00e1nimo? \u00bfQu\u00e9 es lo que te lleva ahora?<\/strong>\u00a0<strong>\u00bb<\/strong><\/strong><\/p>\n<p><strong>Daniel Luque : <\/strong>\u00ab En lo personal, estoy bien. Ahora hay una racha final importante para acabar la temporada a un nivel muy grande. Este mes de septiembre es importante, y es lo que me preocupa.<strong>\u00a0<\/strong>\u00bb<\/p>\n<p><strong>Tertulias :<\/strong>\u00a0<strong>\u00ab<\/strong> <strong><strong>\u00bfHas llegado a un nivel muy importante t\u00e9cnicamente, con muchos triunfos\u2026 \u00bfCu\u00e1les son tus pr\u00f3ximas metas?<\/strong>\u00a0<strong>\u00bb<\/strong><\/strong><\/p>\n<p><strong>Daniel Luque : <\/strong>\u00ab No me gusta adelantarme de lo que va a pasar sino vivir el momento.<strong>\u00a0<\/strong>\u00bb<\/p>\n<p><strong>Tertulias :<\/strong>\u00a0<strong>\u00ab<\/strong> <strong><strong>Hace de eso tres a\u00f1os, en nuestra primera entrevista, nos hab\u00edas contado que no te ve\u00edas con 40 a\u00f1os, toreando. Este a\u00f1o vas a cumplir 37\u2026 \u00bfSolo nos quedan 3 a\u00f1os de Daniel Luque?<\/strong>\u00a0<strong>\u00bb<\/strong><\/strong><\/p>\n<p><strong>Daniel Luque : <\/strong>\u00ab Depende del momento en que te coja, del momento que vives\u2026pero lo importante es que yo pueda dar el nivel que quiero dar en la plaza. El d\u00eda en que no lo pueda dar pues, se acabara.<strong>\u00a0<\/strong>\u00bb<\/p>\n<p><strong>Tertulias :<\/strong>\u00a0<strong>\u00ab<\/strong> <strong><strong>Tu carrera est\u00e1 marcada por muchos cambios de apoderados, \u00bflo necesitas o son oportunidades?<\/strong>\u00a0<strong>\u00bb<\/strong><\/strong><\/p>\n<p><strong>Daniel Luque : <\/strong>\u00ab Ya son muchos a\u00f1os de carrera. Creo que en cada momento he sabido elegir a la persona indicada para cada momento de mi trayectoria. Ahora estoy contento, creo que tengo a mi lado a la persona m\u00e1s importante que pueda tener un torero, con las grandes virtudes que tiene como gran profesional y apoderado que es. Vamos a intentar llegar a la meta.<strong>\u00a0<\/strong>\u00bb<\/p>\n<p class=\"has-text-align-center has-small-font-size\">leer la entrevista de Luis Manuel Lozano<\/p>\n<p><strong>Tertulias :<\/strong>\u00a0<strong>\u00ab<\/strong> <strong><strong>Tu apoderado nos dijo, hablando de ti, que eres el torero que m\u00e1s toreros tiene en la cabeza: que puedes ser el m\u00e1s artista, el m\u00e1s t\u00e9cnico, hasta el de m\u00e1s valor \u2026 \u00bfComo te ves?<\/strong>\u00a0<strong>\u00bb<\/strong><\/strong><\/p>\n<p><strong>Daniel Luque : <\/strong>\u00ab (suspiro) Esta pregunta creo que nunca la he contestado. No me gusta hablar de m\u00ed. Me gusta que la gente opine y el d\u00eda que me quite, tocara hablar de lo vivido. Ahora, cuando salgo a la plaza, intento hacer lo que siento y no decepcionar al p\u00fablico. Es algo que a veces me traiciona porque tapo muchos defectos a animales que la gente a lo mejor no ve y muchas veces me perjudica. Es mi concepto, muy firme y lo que siento.<strong>\u00a0<\/strong>\u00bb\u00a0<\/p>\n<p><strong>Tertulias :<\/strong>\u00a0<strong>\u00ab Te persigue una imagen de \u201cchico malo\u201d, enojado\u2026\u00a0<strong>\u00bb<\/strong><\/strong><\/p>\n<p><strong>Daniel Luque : <\/strong>\u00ab En esta profesi\u00f3n hay mucho inter\u00e9s y el p\u00fablico no lo ve. No me preocupa. Me importa como soy yo. Mi gente es la que me conoce y sabe c\u00f3mo soy. Hablar es gratis, y si no te conocen mas todav\u00eda. Cuando se habla de alguien, lo mejor que hay que hacer es conocerlo. Cuando uno conoce, se opina. Hay que tener educaci\u00f3n. Pero hay que convivir con eso.<strong>\u00a0<\/strong>\u00bb<\/p>\n<p><strong>Tertulias :<\/strong>\u00a0<strong>\u00ab<\/strong> <strong><strong>Sevilla por fin se rindi\u00f3\u2026 Pero Madrid te resiste. \u00bfComo lo explicas?<\/strong>\u00a0<strong>\u00bb<\/strong><\/strong><\/p>\n<p><strong>Daniel Luque : <\/strong>\u00ab Madrid es una plaza muy dif\u00edcil. Sevilla tambi\u00e9n se me resisti\u00f3 muchos a\u00f1os y ahora es una de las plazas m\u00e1s importantes de mi carrera. Madrid parece de momento que se resiste, pero de un momento a otro, llegara el toro que necesita esta plaza para convencer a todo el mundo. Eso no es algo que me preocupa la verdad. Estoy convencido de que el d\u00eda que llegue, ser\u00e1 importante y de momento hay que intentar estar por encima de las circunstancias. Ya llevo muchos a\u00f1os y s\u00e9 que hay d\u00edas que son para uno, otros que son para ti. Madrid es de las plazas en que tiene que ser un d\u00eda para ti, que se re\u00fana todo. <strong>\u00a0<\/strong>\u00bb<\/p>\n<p><img loading=\"lazy\" decoding=\"async\" width=\"1024\" height=\"683\" src=\"https:\/\/www.europesays.com\/es\/wp-content\/uploads\/2025\/09\/@DSC1837-1024x683.jpg\" alt=\"\" class=\"wp-image-108288\"  \/><\/p>\n<p><strong>Tertulias :<\/strong>\u00a0<strong>\u00ab<\/strong> <strong><strong>Sigues toreando varios encastes. \u00bfComo vez la evoluci\u00f3n del ganado?<\/strong>\u00a0<strong>\u00bb<\/strong><\/strong><\/p>\n<p><strong>Daniel Luque : <\/strong>\u00ab Es importante. Hoy en d\u00eda, nosotros avanzamos porque las ganader\u00edas han avanzado a paso de gigante. El ganado de hoy tiene un merito tremendo por conseguir el animal que embiste. Hoy, imag\u00ednate la cantidad de animales y de toros que embisten de una forma muy especial. Es porque han conseguido eso, que nosotros somos capaces de crear en la plaza.<strong>\u00a0<\/strong>\u00bb<\/p>\n<p><strong>Tertulias :<\/strong>\u00a0<strong>\u00ab<\/strong> <strong><strong>Este a\u00f1o, has toreado un poco menos. \u00bfLo has elegido?<\/strong>\u00a0<strong>\u00bb<\/strong><\/strong><\/p>\n<p><strong>Daniel Luque : <\/strong>\u00ab Voy donde me han llamado para contratarme de la forma que creo que merezco. Estoy contento. Para esto esta mi apoderado. He toreado bastante y corridas tambi\u00e9n que permiten cumplir las metas.<strong>\u00a0<\/strong>\u00bb<\/p>\n<p><strong>Tertulias :<\/strong>\u00a0<strong>\u00ab \u00bfC\u00f3mo te preparas mentalmente?\u00a0<strong>\u00bb<\/strong><\/strong><\/p>\n<p><strong>Daniel Luque : <\/strong>\u00ab La mente es la parte m\u00e1s complicada que tenemos los toreros. Yo intento aislarme de lo que rodea a este mundo que a veces perjudica y de que tenemos que estar pendiente. Me concentro muy en lo profesional. Al nivel personal, estar tranquilo es lo que luego me ayuda a ser, en la plaza, el que soy a diario. Eso es lo m\u00e1s dif\u00edcil de conseguir.<strong>\u00a0<\/strong>\u00bb<\/p>\n<p><img loading=\"lazy\" decoding=\"async\" width=\"979\" height=\"652\" src=\"https:\/\/www.europesays.com\/es\/wp-content\/uploads\/2025\/09\/image-32.png\" alt=\"\" class=\"wp-image-108277\"  \/><\/p>\n<p><strong>Tertulias :<\/strong>\u00a0<strong>\u00ab\u00bfPara concluir, que te podemos desear?\u00a0<strong>\u00bb<\/strong><\/strong><\/p>\n<p><strong>Daniel Luque : <\/strong>\u00ab Que al final se re\u00fane todo para conseguir lo que uno quiere.<strong>\u00a0<\/strong>\u00bb<\/p>\n<p>Entrevista realisada por Fanny<\/p>\n","protected":false},"excerpt":{"rendered":"Daniel Luque, tras el dolor, un nuevo impulso De paso habitual por Dax, y tras haber sumado un&hellip;\n","protected":false},"author":2,"featured_media":118995,"comment_status":"","ping_status":"","sticky":false,"template":"","format":"standard","meta":{"footnotes":""},"categories":[277],"tags":[373,168,25,24,23,167,374],"class_list":{"0":"post-118994","1":"post","2":"type-post","3":"status-publish","4":"format-standard","5":"has-post-thumbnail","7":"category-toreo","8":"tag-bullfighting","9":"tag-deportes","10":"tag-es","11":"tag-espana","12":"tag-spain","13":"tag-sports","14":"tag-toreo"},"share_on_mastodon":{"url":"","error":""},"_links":{"self":[{"href":"https:\/\/www.europesays.com\/es\/wp-json\/wp\/v2\/posts\/118994","targetHints":{"allow":["GET"]}}],"collection":[{"href":"https:\/\/www.europesays.com\/es\/wp-json\/wp\/v2\/posts"}],"about":[{"href":"https:\/\/www.europesays.com\/es\/wp-json\/wp\/v2\/types\/post"}],"author":[{"embeddable":true,"href":"https:\/\/www.europesays.com\/es\/wp-json\/wp\/v2\/users\/2"}],"replies":[{"embeddable":true,"href":"https:\/\/www.europesays.com\/es\/wp-json\/wp\/v2\/comments?post=118994"}],"version-history":[{"count":0,"href":"https:\/\/www.europesays.com\/es\/wp-json\/wp\/v2\/posts\/118994\/revisions"}],"wp:featuredmedia":[{"embeddable":true,"href":"https:\/\/www.europesays.com\/es\/wp-json\/wp\/v2\/media\/118995"}],"wp:attachment":[{"href":"https:\/\/www.europesays.com\/es\/wp-json\/wp\/v2\/media?parent=118994"}],"wp:term":[{"taxonomy":"category","embeddable":true,"href":"https:\/\/www.europesays.com\/es\/wp-json\/wp\/v2\/categories?post=118994"},{"taxonomy":"post_tag","embeddable":true,"href":"https:\/\/www.europesays.com\/es\/wp-json\/wp\/v2\/tags?post=118994"}],"curies":[{"name":"wp","href":"https:\/\/api.w.org\/{rel}","templated":true}]}}