{"id":118996,"date":"2025-09-16T15:16:15","date_gmt":"2025-09-16T15:16:15","guid":{"rendered":"https:\/\/www.europesays.com\/es\/118996\/"},"modified":"2025-09-16T15:16:15","modified_gmt":"2025-09-16T15:16:15","slug":"jared-gordon-de-ufc-lucho-con-rafa-garcia-despues-de-ser-cuidados-mas-cipolletti","status":"publish","type":"post","link":"https:\/\/www.europesays.com\/es\/118996\/","title":{"rendered":"Jared Gordon de UFC luch\u00f3 con Rafa Garc\u00eda despu\u00e9s de ser cuidados \u2013 M\u00e1s Cipolletti"},"content":{"rendered":"<p class=\"ssrcss-1q0x1qg-Paragraph e1jhz7w10\"><b class=\"ssrcss-1xjjfut-BoldText e5tfeyi3\">Jared Gordon dijo que podr\u00eda \u201ctomar una decisi\u00f3n equivocada al pelear con Rafa Garc\u00eda en UFC Noche el s\u00e1bado un d\u00eda despu\u00e9s de ser atropellado por un autom\u00f3vil.<\/b><\/p>\n<p class=\"ssrcss-1q0x1qg-Paragraph e1jhz7w10\">Ligero EE. UU., 37 a\u00f1os, fue bloqueado en la tercera ronda por Garc\u00eda mexicano -estadounidense despu\u00e9s de una serie de codos en el suelo en San Antonio, Texas.<\/p>\n<p class=\"ssrcss-1q0x1qg-Paragraph e1jhz7w10\">Gordon luch\u00f3 con una manga cubierta de rodilla antes de luego revel\u00f3 que ten\u00eda un ligamento roto un d\u00eda antes de que el auto fuera golpeado.<\/p>\n<p class=\"ssrcss-1q0x1qg-Paragraph e1jhz7w10\">\u201cDos horas despu\u00e9s de mi peso, estaba parado en la carretera mientras un autom\u00f3vil estaba hacia atr\u00e1s, estaba mirando la carretera fuera del auto\u201d, Gordon <a href=\"https:\/\/x.com\/JFlashGordonMMA\/status\/1967677542535696688\" class=\"ssrcss-k8mrr8-InlineLink e1kn3p7n0\" rel=\"nofollow\">Escrito en X.Entonces afuera<\/a><\/p>\n<p class=\"ssrcss-1q0x1qg-Paragraph e1jhz7w10\">\u201cLa parte delantera del auto comenz\u00f3 a girar, y la rueda tuvo que correr mi pie derecho cuando la barrera comenz\u00f3 a girar y abroch\u00f3 las rodillas adentro, pelando mi MCL (ligamento colateral). <\/p>\n<p class=\"ssrcss-1q0x1qg-Paragraph e1jhz7w10\">\u201cPens\u00e9 en el sorteo, pero la decisi\u00f3n no fue. \u00bfEs esa la decisi\u00f3n equivocada? Tal vez ese sea el caso.<\/p>\n<p class=\"ssrcss-1q0x1qg-Paragraph e1jhz7w10\">Gordon pele\u00f3 17 veces en UFC, ganando nueve juegos desde su lanzamiento en la promoci\u00f3n en 2017.<\/p>\n<p><a href=\"https:\/\/www.bbc.com\/sport\/mixed-martial-arts\/articles\/cgrq519qzp1o?at_medium=RSS&amp;at_campaign=rss\" rel=\"nofollow noopener\" target=\"_blank\">Fuente<\/a><\/p>\n","protected":false},"excerpt":{"rendered":"Jared Gordon dijo que podr\u00eda \u201ctomar una decisi\u00f3n equivocada al pelear con Rafa Garc\u00eda en UFC Noche el&hellip;\n","protected":false},"author":2,"featured_media":118997,"comment_status":"","ping_status":"","sticky":false,"template":"","format":"standard","meta":{"footnotes":""},"categories":[276],"tags":[168,25,24,23,167,343],"class_list":{"0":"post-118996","1":"post","2":"type-post","3":"status-publish","4":"format-standard","5":"has-post-thumbnail","7":"category-ufc","8":"tag-deportes","9":"tag-es","10":"tag-espana","11":"tag-spain","12":"tag-sports","13":"tag-ufc"},"share_on_mastodon":{"url":"","error":""},"_links":{"self":[{"href":"https:\/\/www.europesays.com\/es\/wp-json\/wp\/v2\/posts\/118996","targetHints":{"allow":["GET"]}}],"collection":[{"href":"https:\/\/www.europesays.com\/es\/wp-json\/wp\/v2\/posts"}],"about":[{"href":"https:\/\/www.europesays.com\/es\/wp-json\/wp\/v2\/types\/post"}],"author":[{"embeddable":true,"href":"https:\/\/www.europesays.com\/es\/wp-json\/wp\/v2\/users\/2"}],"replies":[{"embeddable":true,"href":"https:\/\/www.europesays.com\/es\/wp-json\/wp\/v2\/comments?post=118996"}],"version-history":[{"count":0,"href":"https:\/\/www.europesays.com\/es\/wp-json\/wp\/v2\/posts\/118996\/revisions"}],"wp:featuredmedia":[{"embeddable":true,"href":"https:\/\/www.europesays.com\/es\/wp-json\/wp\/v2\/media\/118997"}],"wp:attachment":[{"href":"https:\/\/www.europesays.com\/es\/wp-json\/wp\/v2\/media?parent=118996"}],"wp:term":[{"taxonomy":"category","embeddable":true,"href":"https:\/\/www.europesays.com\/es\/wp-json\/wp\/v2\/categories?post=118996"},{"taxonomy":"post_tag","embeddable":true,"href":"https:\/\/www.europesays.com\/es\/wp-json\/wp\/v2\/tags?post=118996"}],"curies":[{"name":"wp","href":"https:\/\/api.w.org\/{rel}","templated":true}]}}