{"id":118998,"date":"2025-09-16T15:18:07","date_gmt":"2025-09-16T15:18:07","guid":{"rendered":"https:\/\/www.europesays.com\/es\/118998\/"},"modified":"2025-09-16T15:18:07","modified_gmt":"2025-09-16T15:18:07","slug":"alcaraz-y-sinner-chocan-por-la-copa-davis","status":"publish","type":"post","link":"https:\/\/www.europesays.com\/es\/118998\/","title":{"rendered":"Alcaraz y Sinner chocan por la Copa Davis"},"content":{"rendered":"<p data-gtm-element-container=\"modulo-texto-link\" class=\"paragraph\"><strong>Carlos Alcaraz<\/strong> felicit\u00f3 al \u201cenorme equipo\u201d con un mensaje p\u00fablico en las redes sociales. Festej\u00f3 a la selecci\u00f3n espa\u00f1ola, que por vez primera en su historia remont\u00f3 un 0-2 en la Copa Davis. Con el triunfo sobre Dinamarca, 3-2, la formaci\u00f3n que capitanea <strong>David Ferrer<\/strong> logr\u00f3 sacar el billete para la Final a 8 de Bolonia, del 18 al 23 de noviembre.<\/p>\n<p data-gtm-element-container=\"modulo-texto-link\" class=\"paragraph\"><strong>Pedro Mart\u00ednez<\/strong>, h\u00e9roe de la eliminatoria, <strong>Jaume Munar<\/strong>, <strong>Pablo Carre\u00f1o<\/strong>, que cerr\u00f3 la victoria, y <strong>Roberto Carball\u00e9s <\/strong>se sobrepusieron a las importantes bajas del propio Carlos Alcaraz, que opt\u00f3 por descansar y no cambiar de superficie (de pista dura a tierra batida) tras ganar el US Open, <strong>Alejandro Davidovich,<\/strong> que se baj\u00f3 pese a que se jugaba en su casa, en Marbella, y <strong>Marcel Granollers<\/strong>, lesionado despu\u00e9s de haber conquistado el US Open de dobles infiltrado por una lesi\u00f3n de tobillo.<\/p>\n<p data-gtm-element-container=\"modulo-texto-link\" class=\"paragraph\">Alcaraz se uni\u00f3 a la fiesta de la selecci\u00f3n a trav\u00e9s de su  misiva, ya con las maletas hechas para disputar la Laver Cup, en San Francisco del 19 al 21. Regreso a Estados Unidos, para luego tomar rumbo a la gira asi\u00e1tica. \u00c9l y<strong> Jannik Sinner<\/strong> se han evitado en el primer asalto en la misma, ya que el murciano opt\u00f3 por disputar el ATP 500 de Tokio (24-30 septiembre), mientras que el italiano competir\u00e1 en Pek\u00edn (25 septiembre-1 octubre).<\/p>\n<p data-gtm-element-container=\"modulo-texto-link\" class=\"paragraph\">S\u00ed colisionar\u00e1n en el Masters 1.000 ATP de Shanghai, del 1 al 12 de octubre. Coincidir\u00e1n asimismo en la millonaria exhibici\u00f3n de Riad (Arabia Saud\u00ed), el Six Kings Slam, el 15, 16 y 18 de octubre. No es seguro que ambos vayan a disputar el<strong> Masters 1.000 ATP de Par\u00eds<\/strong>, del 27 de octubre al 2 de noviembre. Har\u00e1n cuentas de c\u00f3mo est\u00e1 la pugna por el n\u00ba 1 mundial final del a\u00f1o y cada uno analizar\u00e1 si es mejor pasar por la capital francesa o no para encarar las <strong>ATP Finals de Tur\u00edn<\/strong>, del 9 al 16 de noviembre.<\/p>\n<p data-gtm-element-container=\"modulo-texto-link\" class=\"paragraph\">M\u00e1s si deciden cerrar la campa\u00f1a en la Final a 8 de Bolonia, liderando a sus respectivos pa\u00edses en la lucha por la \u2018ensaladera de plata\u2019. Italia, dominadora de las dos \u00faltimas ediciones, ambas en M\u00e1laga, tendr\u00eda como principal enemigo a Espa\u00f1a, si Alcaraz acude esta vez s\u00ed a la llamada de <strong>David Ferrer<\/strong>.<\/p>\n<p>    Lee tambi\u00e9n<\/p>\n<p data-gtm-element-container=\"modulo-texto-link\" class=\"paragraph\">El murciano afrontar\u00eda una doble cita a domicilio contra <strong>Jannik Sinner<\/strong>, \u00eddolo en su tierra. En el mejor terreno de \u00e9ste, en pista dura y bajo techo. La Copa Davis ser\u00eda un nuevo campo de batalla para el Cl\u00e1sico actual del tenis, que est\u00e1 dominando Alcaraz, que se ha impuesto en 10 de 15 enfrentamientos, cuatro de cinco en lo que va de curso<\/p>\n","protected":false},"excerpt":{"rendered":"Carlos Alcaraz felicit\u00f3 al \u201cenorme equipo\u201d con un mensaje p\u00fablico en las redes sociales. Festej\u00f3 a la selecci\u00f3n&hellip;\n","protected":false},"author":2,"featured_media":118999,"comment_status":"","ping_status":"","sticky":false,"template":"","format":"standard","meta":{"footnotes":""},"categories":[274],"tags":[168,25,24,23,167,327,326],"class_list":{"0":"post-118998","1":"post","2":"type-post","3":"status-publish","4":"format-standard","5":"has-post-thumbnail","7":"category-tenis","8":"tag-deportes","9":"tag-es","10":"tag-espana","11":"tag-spain","12":"tag-sports","13":"tag-tenis","14":"tag-tennis"},"share_on_mastodon":{"url":"","error":""},"_links":{"self":[{"href":"https:\/\/www.europesays.com\/es\/wp-json\/wp\/v2\/posts\/118998","targetHints":{"allow":["GET"]}}],"collection":[{"href":"https:\/\/www.europesays.com\/es\/wp-json\/wp\/v2\/posts"}],"about":[{"href":"https:\/\/www.europesays.com\/es\/wp-json\/wp\/v2\/types\/post"}],"author":[{"embeddable":true,"href":"https:\/\/www.europesays.com\/es\/wp-json\/wp\/v2\/users\/2"}],"replies":[{"embeddable":true,"href":"https:\/\/www.europesays.com\/es\/wp-json\/wp\/v2\/comments?post=118998"}],"version-history":[{"count":0,"href":"https:\/\/www.europesays.com\/es\/wp-json\/wp\/v2\/posts\/118998\/revisions"}],"wp:featuredmedia":[{"embeddable":true,"href":"https:\/\/www.europesays.com\/es\/wp-json\/wp\/v2\/media\/118999"}],"wp:attachment":[{"href":"https:\/\/www.europesays.com\/es\/wp-json\/wp\/v2\/media?parent=118998"}],"wp:term":[{"taxonomy":"category","embeddable":true,"href":"https:\/\/www.europesays.com\/es\/wp-json\/wp\/v2\/categories?post=118998"},{"taxonomy":"post_tag","embeddable":true,"href":"https:\/\/www.europesays.com\/es\/wp-json\/wp\/v2\/tags?post=118998"}],"curies":[{"name":"wp","href":"https:\/\/api.w.org\/{rel}","templated":true}]}}