{"id":119018,"date":"2025-09-16T15:34:10","date_gmt":"2025-09-16T15:34:10","guid":{"rendered":"https:\/\/www.europesays.com\/es\/119018\/"},"modified":"2025-09-16T15:34:10","modified_gmt":"2025-09-16T15:34:10","slug":"que-significa-que-ee-uu-retire-a-colombia-la-certificacion-en-la-lucha-contra-el-narcotrafico-y-que-tiene-que-ver-la-tensa-relacion-entre-trump-y-petro","status":"publish","type":"post","link":"https:\/\/www.europesays.com\/es\/119018\/","title":{"rendered":"Qu\u00e9 significa que EE.UU. retire a Colombia la certificaci\u00f3n en la lucha contra el narcotr\u00e1fico y qu\u00e9 tiene que ver la tensa relaci\u00f3n entre Trump y Petro"},"content":{"rendered":"<p><img fetchpriority=\"high\" decoding=\"async\" src=\"https:\/\/www.europesays.com\/es\/wp-content\/uploads\/2025\/09\/4b4fb000-92a8-11f0-bb27-c9e450ccd1c7.jpg.webp.webp\"   alt=\"Miembro de la polic\u00eda de Colombia analiza dos plantas de coca. \" loading=\"eager\" width=\"1024\" height=\"576\" style=\"aspect-ratio:1024 \/ 576\" class=\"bbc-139onq\"\/><\/p>\n<p class=\"bbc-by8ykd\" role=\"text\">Fuente de la imagen, The Washington Post via Getty Images<\/p>\n<p>Pie de foto, Colombia sufre cifras r\u00e9cord de cultivo y producci\u00f3n de coca\u00edna. <strong id=\"article-byline\" aria-hidden=\"true\" class=\"bbc-m04vo2\">Informaci\u00f3n del art\u00edculo<\/strong><\/p>\n<ul class=\"bbc-1rvtlej\">\n<li class=\"bbc-oe8da4\">\n<ul role=\"list\" class=\"bbc-r1yif8\">\n<li>Autor, Jos\u00e9 Carlos Cueto<\/li>\n<li>T\u00edtulo del autor,  Corresponsal de BBC News Mundo en Colombia<\/li>\n<li><a class=\"focusIndicatorReducedWidth bbc-jcgbvy\" href=\"https:\/\/twitter.com\/josecarloscueto\" aria-labelledby=\"byline-twitter-link\" rel=\"nofollow noopener\" target=\"_blank\">X, @josecarloscueto<\/a><\/li>\n<\/ul>\n<\/li>\n<li class=\"bbc-1clfxfc\">\n<p>4 horas<\/p>\n<\/li>\n<li class=\"bbc-1clfxfc\"\/><\/ul>\n<p dir=\"ltr\" class=\"bbc-hhl7in e17g058b0\"><b>Enfriamiento y alivio a partes iguales en las relaciones entre Estados Unidos y Colombia.<\/b><\/p>\n<p dir=\"ltr\" class=\"bbc-hhl7in e17g058b0\">Por primera vez en tres d\u00e9cadas, el gobierno estadounidense elimin\u00f3 este lunes al pa\u00eds sudamericano de la lista de naciones que luchan contra el narcotr\u00e1fico.<\/p>\n<p dir=\"ltr\" class=\"bbc-hhl7in e17g058b0\">Sin embargo, a la vez, el gobierno de Trump emiti\u00f3 una exenci\u00f3n de las sanciones que habr\u00edan provocado importantes recortes de la ayuda a Colombia, citando intereses nacionales vitales de Washington.<\/p>\n<p dir=\"ltr\" class=\"bbc-hhl7in e17g058b0\">\u00abEl presidente de Estados Unidos (Donald Trump) ha determinado que el gobierno colombiano no ha conseguido cumplir sus obligaciones para el control de drogas, pero ha emitido una exenci\u00f3n para que la cooperaci\u00f3n cr\u00edtica, incluyendo en antinarc\u00f3ticos, contin\u00fae\u00bb, expres\u00f3 la cuenta del Departamento de Estado estadounidense en X.<\/p>\n<p dir=\"ltr\" class=\"bbc-hhl7in e17g058b0\">Horas antes, el presidente de Colombia hab\u00eda adelantado la decisi\u00f3n del gobierno de Trump.<\/p>\n<p dir=\"ltr\" class=\"bbc-hhl7in e17g058b0\">\u00abEstados Unidos nos &#8216;descertifica&#8217; despu\u00e9s de decenas de muertes de polic\u00edas, soldados, gente del com\u00fan, tratando de impedir que les llegue la coca\u00edna\u00bb, dijo Gustavo Petro durante un Consejo de Ministros.<\/p>\n<p dir=\"ltr\" class=\"bbc-hhl7in e17g058b0\">Durante semanas, en el pa\u00eds sudamericano pr\u00e1cticamente se dio por hecho que les retirar\u00edan esta certificaci\u00f3n que emite EE.UU. anualmente a una veintena de naciones donde se produce y distribuye droga y de la que depende la entrega de millones de d\u00f3lares.<\/p>\n<p dir=\"ltr\" class=\"bbc-hhl7in e17g058b0\">Con la exenci\u00f3n de Trump, queda por confirmar si se mantendr\u00e1 toda la ayuda que Washington env\u00eda a Colombia.<\/p>\n<p dir=\"ltr\" class=\"bbc-hhl7in e17g058b0\">Bogot\u00e1 se libra as\u00ed del peor escenario posible, pero no del peso simb\u00f3lico de la decisi\u00f3n de EE.UU.<\/p>\n<p dir=\"ltr\" class=\"bbc-hhl7in e17g058b0\">Esta enfr\u00eda m\u00e1s si cabe una relaci\u00f3n que por d\u00e9cadas fue catalogada como la m\u00e1s estrat\u00e9gica para los norteamericanos en la regi\u00f3n.<\/p>\n<p dir=\"ltr\" class=\"bbc-hhl7in e17g058b0\">Desde que Trump regres\u00f3 a la Casa Blanca en enero, las tensiones entre los dos pa\u00edses no han dejado de aumentar.<\/p>\n<p dir=\"ltr\" class=\"bbc-hhl7in e17g058b0\">Es por ello que, aunque la retirada de la certificaci\u00f3n atiende supuestamente solo a par\u00e1metros de la lucha contra el narcotr\u00e1fico y no parece incluir las peores p\u00e9rdidas econ\u00f3micas para Colombia, los analistas consultados por BBC Mundo se\u00f1alan que no hay que ignorar el trasfondo pol\u00edtico de la decisi\u00f3n.<\/p>\n<p><img decoding=\"async\" src=\"https:\/\/www.europesays.com\/es\/wp-content\/uploads\/2025\/09\/75b5fc60-92a7-11f0-bb27-c9e450ccd1c7.jpg.webp.webp\"   alt=\"Donald Trump, fotografiado este 15 de septiembre en el despacho oval de la Casa Blanca.\" loading=\"lazy\" width=\"1024\" height=\"576\" style=\"aspect-ratio:1024 \/ 576\" class=\"bbc-139onq\"\/><\/p>\n<p class=\"bbc-by8ykd\" role=\"text\">Fuente de la imagen, Samuel Corum\/Sipa\/Bloomberg via Getty Images<\/p>\n<p>Pie de foto, Trump ha tenido repetidos desacuerdos con Petro desde su llegada a la Casa Blanca.<\/p>\n<p>Qu\u00e9 significa la \u00abdescertificaci\u00f3n\u00bb<\/p>\n<p dir=\"ltr\" class=\"bbc-hhl7in e17g058b0\">La llamada \u00abdescertificaci\u00f3n\u00bb, del ingl\u00e9s decertification, proviene del Acta de Abuso Anti Drogas aprobada en EE.UU. en 1986.<\/p>\n<p dir=\"ltr\" class=\"bbc-hhl7in e17g058b0\">Esta ley requiere que el gobierno federal identifique anualmente a los pa\u00edses que son fuente directa e indirecta de las drogas que llegan a territorio estadounidense.<\/p>\n<p dir=\"ltr\" class=\"bbc-hhl7in e17g058b0\">\u00abSi se considera que los pa\u00edses han cooperado completamente con EE.UU., son certificados. Si no, se les niega la certificaci\u00f3n y se suspende la ayuda exterior\u00bb, seg\u00fan el Departamento de Justicia. <\/p>\n<p dir=\"ltr\" class=\"bbc-hhl7in e17g058b0\">En esta decisi\u00f3n se sopesan las acciones para reducir la producci\u00f3n il\u00edcita de drogas y su tr\u00e1fico; eliminar el lavado de dinero asociado, los sobornos y la corrupci\u00f3n p\u00fablica; procesar los requerimentos de extradici\u00f3n a EE.UU. vinculados a las drogas y la cooperaci\u00f3n con las agencias de cumplimiento de ley estadounidenses.<\/p>\n<p dir=\"ltr\" class=\"bbc-hhl7in e17g058b0\">En el caso de Colombia, pes\u00f3 que la producci\u00f3n de coca\u00edna se dispar\u00f3 un 53% en 2023 hasta alcanzar las 2.600 toneladas, de acuerdo a la oficina de la ONU contra la Droga y el Delito.<\/p>\n<p dir=\"ltr\" class=\"bbc-hhl7in e17g058b0\">Y que el \u00e1rea de coca cultivada alcanz\u00f3 las 253.000 hect\u00e1reas en el mismo a\u00f1o.<\/p>\n<p><img decoding=\"async\" src=\"https:\/\/www.europesays.com\/es\/wp-content\/uploads\/2025\/09\/75a06770-9279-11f0-8447-89d0c49c75e5.jpg.webp.webp\"   alt=\"Fotograf\u00eda a\u00e9rea de cultivos de coca y caf\u00e9 en Argelia, departamento del Cauca en Colombia, el 6 de mayo de 2025.&#10;\" loading=\"lazy\" width=\"1024\" height=\"576\" style=\"aspect-ratio:1024 \/ 576\" class=\"bbc-139onq\"\/><\/p>\n<p class=\"bbc-by8ykd\" role=\"text\">Fuente de la imagen, Juan Restrepo \/ AFP via Getty Images<\/p>\n<p>Pie de foto, En los principales enclaves cocaleros de Colombia se han incluso detectado variedades de planta m\u00e1s productivas y resistentes. <\/p>\n<p dir=\"ltr\" class=\"bbc-hhl7in e17g058b0\">\u00abBajo el liderazgo desorientado de Petro, los cultivos de coca y la producci\u00f3n de coca\u00edna incrementaron a niveles hist\u00f3ricos\u00bb, dijo el Departamento de Estado. <\/p>\n<p dir=\"ltr\" class=\"bbc-hhl7in e17g058b0\">Las incautaciones r\u00e9cord de 1.764 toneladas de coca\u00edna realizadas por la administraci\u00f3n de Petro entre agosto de 2022 y noviembre de 2024 no fueron suficientes para renovar la certificaci\u00f3n, pero parecen haberse tomado en cuenta para evitar el castigo m\u00e1s severo.<\/p>\n<p dir=\"ltr\" class=\"bbc-hhl7in e17g058b0\">H\u00e9ctor Galeano, investigador asociado del Instituto de Altos Estudios Sociales y Culturales de Am\u00e9rica Latina y el Caribe, le dice a BBC Mundo que las \u00abdescertificaciones\u00bb pueden ser \u00abduras o moderadas, con restricciones econ\u00f3micas e incluso pol\u00edticas\u00bb.<\/p>\n<p dir=\"ltr\" class=\"bbc-hhl7in e17g058b0\">En este caso, Colombia parece haber evitado la versi\u00f3n \u00abdura\u00bb.<\/p>\n<p>Qu\u00e9 implica esta medida para Colombia<\/p>\n<p dir=\"ltr\" class=\"bbc-hhl7in e17g058b0\">A comienzos de 2000, Colombia se convirti\u00f3 en uno de los principales destinos de ayuda y financiaci\u00f3n estadounidenses a trav\u00e9s del llamado \u00abPlan Colombia\u00bb.<\/p>\n<p dir=\"ltr\" class=\"bbc-hhl7in e17g058b0\">EE.UU financi\u00f3, entre otros proyectos, un gran aumento del gasto militar al que se le atribuye el debilitamiento de la guerrilla de las Farc, entonces en guerra con el Estado. <\/p>\n<p dir=\"ltr\" class=\"bbc-hhl7in e17g058b0\">En 2016, producto en parte de la presi\u00f3n militar, esta guerrilla izquierdista firm\u00f3 un hist\u00f3rico tratado de paz con el gobierno colombiano y se desmoviliz\u00f3.<\/p>\n<p dir=\"ltr\" class=\"bbc-hhl7in e17g058b0\">Desde entonces, la asistencia estadounidense se ha reducido, pero Washington sigue siendo un aliado crucial para Colombia.<\/p>\n<p dir=\"ltr\" class=\"bbc-hhl7in e17g058b0\">Apoy\u00e1ndose en varias fuentes, la Oficina en Washington para Am\u00e9rica Latina (WOLA) estima que en 2024 dicha ayuda sobrepas\u00f3 los US$400 millones. <\/p>\n<p><img decoding=\"async\" src=\"https:\/\/www.europesays.com\/es\/wp-content\/uploads\/2025\/09\/def37910-92a6-11f0-9536-2589f5979beb.jpg.webp.webp\"   alt=\"Un soldado colombiano en la regi\u00f3n cocalera de Villagarz\u00f3n, Putumayo, Colombia.&#10;\" loading=\"lazy\" width=\"1024\" height=\"576\" style=\"aspect-ratio:1024 \/ 576\" class=\"bbc-139onq\"\/><\/p>\n<p class=\"bbc-by8ykd\" role=\"text\">Fuente de la imagen, DAVID SALAZAR\/AFP via Getty Images<\/p>\n<p>Pie de foto, Las Fuerzas Armadas en Colombia recibieron una financiaci\u00f3n importante desde comienzos de siglo de Estados Unidos.<\/p>\n<p dir=\"ltr\" class=\"bbc-hhl7in e17g058b0\">\u00abColombia es, de lejos, el socio m\u00e1s cercano en la lucha antinarc\u00f3ticos en toda la regi\u00f3n para EE.UU. Por muchos a\u00f1os, fuerzas militares de ambos gobiernos trabajaron juntas combatiendo al crimen organizado\u00bb, le recuerda a BBC Mundo Elizabeth Dickinson, analista del International Crisis Group. <\/p>\n<p dir=\"ltr\" class=\"bbc-hhl7in e17g058b0\">A\u00fan librando a Colombia del peor escenario, Galeano cree que podr\u00eda darse una reducci\u00f3n de \u00abhasta el 30-40% de recursos econ\u00f3micos al gobierno colombiano\u00bb, aunque el alcance final de la medida de EE.UU. est\u00e1 por verse. <\/p>\n<p dir=\"ltr\" class=\"bbc-hhl7in e17g058b0\">Si hubiera dado una versi\u00f3n dura, dice Galeano, Colombia podr\u00eda haber perdido pr\u00e1cticamente la totalidad de la financiaci\u00f3n, adem\u00e1s de sufrir aranceles o el retiro de visas y sanciones a funcionarios del gobierno de Petro.<\/p>\n<p dir=\"ltr\" class=\"bbc-hhl7in e17g058b0\">En cualquier caso, el anuncio y la exenci\u00f3n de Trump llegaron con una advertencia: <\/p>\n<p dir=\"ltr\" class=\"bbc-hhl7in e17g058b0\">\u00abMientras que EE.UU. dedicar\u00e1 todos los recursos necesarios para castigar criminales que habiliten la producci\u00f3n, transporte y contrabando de drogas il\u00edcitas en nuestras fronteras, exijo tambi\u00e9n a los pa\u00edses donde estas drogas se originan y distribuyen que cumplan sus obligaciones y paren el suministro&#8230; o enfrenten graves consecuencias\u00bb.<\/p>\n<p>\u00abDecisi\u00f3n pol\u00edtica\u00bb<\/p>\n<p dir=\"ltr\" class=\"bbc-hhl7in e17g058b0\">A comienzos de septiembre, la canciller colombiana Rosa Yolanda Villavicencio dijo que, en caso de recibir una descertificaci\u00f3n, se tratar\u00eda de una \u00abdecisi\u00f3n pol\u00edtica\u00bb.<\/p>\n<p dir=\"ltr\" class=\"bbc-hhl7in e17g058b0\">\u00abSi se mira desde lo objetivo, desde lo que hemos hecho, el compromiso y el costo social en vidas y muertes de militares, lo justo ser\u00eda mantener la certificaci\u00f3n\u00bb, dijo Villavicencio tras un evento en la canciller\u00eda. <\/p>\n<p dir=\"ltr\" class=\"bbc-hhl7in e17g058b0\">Es un an\u00e1lisis que comparten en cierto modo los expertos consultados por BBC Mundo.<\/p>\n<p dir=\"ltr\" class=\"bbc-hhl7in e17g058b0\">\u00abEs algo que ya hemos visto aplicar a Trump con respecto a Am\u00e9rica Latina. A Brasil le subi\u00f3 aranceles por el juicio al expresidente Jair Bolsonaro, su aliado pol\u00edtico\u00bb, opina Galeano.<\/p>\n<p dir=\"ltr\" class=\"bbc-hhl7in e17g058b0\">WOLA recuerda que Estados Unidos solo ha aplicado este \u00abcastigo\u00bb a Bolivia y Venezuela desde 1997. <\/p>\n<p dir=\"ltr\" class=\"bbc-hhl7in e17g058b0\">\u00abA diferencia de Colombia, (esos dos pa\u00edses) no mantienen un relaci\u00f3n cordial con Washington\u00bb, dijo este centro de estudios.<\/p>\n<p dir=\"ltr\" class=\"bbc-hhl7in e17g058b0\">La \u00faltima vez que Colombia fue \u00abdescertificada\u00bb fue en cuando el entonces presidente Ernesto Samper (1994-1998) fue acusado de recibir fondos il\u00edcitos para su campa\u00f1a procedentes del Cartel de Cali.<\/p>\n<p dir=\"ltr\" class=\"bbc-hhl7in e17g058b0\">Casi 30 a\u00f1os despu\u00e9s, Dickinson apunta que no puede ignorarse el antagonismo entre Trump y Petro.<\/p>\n<p><img decoding=\"async\" src=\"https:\/\/www.europesays.com\/es\/wp-content\/uploads\/2025\/09\/be42d4d0-92a7-11f0-bb27-c9e450ccd1c7.jpg.webp.webp\"   alt=\"Gustavo Petro y Lula da Silva, presidente de Brasil, durante una ceremonia en el Amazonas brasile\u00f1o el pasado 9 de septiembre.\" loading=\"lazy\" width=\"1024\" height=\"576\" style=\"aspect-ratio:1024 \/ 576\" class=\"bbc-139onq\"\/><\/p>\n<p class=\"bbc-by8ykd\" role=\"text\">Fuente de la imagen, MICHAEL DANTAS\/AFP via Getty Images<\/p>\n<p>Pie de foto, Ante el estilo confrontativo de Trump, Petro ha redoblado esfuerzos de cooperaci\u00f3n entre los pa\u00edses del llamado sur global.<\/p>\n<p dir=\"ltr\" class=\"bbc-hhl7in e17g058b0\">En enero, reci\u00e9n llegado Trump a la presidencia, ambos mandatarios se amenazaron mutuamente con una guerra comercial a causa de un vuelo de deportaci\u00f3n con migrantes colombianos desde EE.UU.<\/p>\n<p dir=\"ltr\" class=\"bbc-hhl7in e17g058b0\">Y en julio, Washington llam\u00f3 a consultas a su encargado de negocios en Bogot\u00e1, John McNamara, y Colombia respondi\u00f3 llamando a su embajador en EE.UU., Daniel Garc\u00eda Pe\u00f1a. <\/p>\n<p dir=\"ltr\" class=\"bbc-hhl7in e17g058b0\">Entonces algunos analistas lo interpretaron como el posible pre\u00e1mbulo a una ruptura de relaciones diplom\u00e1ticas. <\/p>\n<p dir=\"ltr\" class=\"bbc-hhl7in e17g058b0\">Aunque la crisis acab\u00f3 resolvi\u00e9ndose, las tensiones continuaron, con un Petro que critic\u00f3 con dureza el despliegue de buques militares estadounidenses en el Caribe para combatir el narcotr\u00e1fico, que incluy\u00f3 un primer ataque contra una embarcaci\u00f3n presuntamente narco que part\u00eda desde Venezuela en el que murieron 11 personas.<\/p>\n<p dir=\"ltr\" class=\"bbc-hhl7in e17g058b0\">EE.UU. no revisar\u00e1 su decisi\u00f3n hasta septiembre de 2026. Para entonces ya habr\u00e1 terminado el mandato de Petro y los colombianos habr\u00e1n votado por un nuevo gobierno en la primavera del a\u00f1o pr\u00f3ximo. <\/p>\n<p dir=\"ltr\" class=\"bbc-hhl7in e17g058b0\">\u00abSer\u00e1 un gran reto para la pr\u00f3xima administraci\u00f3n. Para volver a la certificaci\u00f3n, piensoo que Colombia tendr\u00e1 que realinearse con Washington, cooperar m\u00e1s con Trump y respaldar p\u00fablicamente sus acciones\u00bb, opina Galeano.<\/p>\n<p dir=\"ltr\" class=\"bbc-hhl7in e17g058b0\">Es un escenario que parece dif\u00edcil si, por ejemplo, se repite una presidencia de izquierdas. <\/p>\n<p dir=\"ltr\" class=\"bbc-hhl7in e17g058b0\">En la relaci\u00f3n de los otrora mayores aliados en seguridad de la regi\u00f3n ya nada se da por sentado.<\/p>\n<p><img decoding=\"async\" src=\"https:\/\/www.europesays.com\/es\/wp-content\/uploads\/2025\/09\/50813490-9271-11f0-9cf6-cbf3e73ce2b9.png.webp.webp\"   alt=\"L\u00ednea gris.\" loading=\"lazy\" width=\"800\" height=\"100\" style=\"aspect-ratio:800 \/ 100\" class=\"bbc-139onq\"\/><\/p>\n<p dir=\"ltr\" class=\"bbc-hhl7in e17g058b0\"><a href=\"https:\/\/www.bbc.com\/mundo\/send\/u184973209\" class=\"focusIndicatorReducedWidth bbc-n8oauk e1p3sufg0\" rel=\"nofollow noopener\" target=\"_blank\">Suscr\u00edbete aqu\u00ed<\/a> a nuestro nuevo newsletter para recibir cada viernes una selecci\u00f3n de nuestro mejor contenido de la semana.<\/p>\n<p dir=\"ltr\" class=\"bbc-hhl7in e17g058b0\">Y recuerda que puedes recibir notificaciones en nuestra app. Descarga la \u00faltima versi\u00f3n y act\u00edvalas.<\/p>\n<p><script async src=\"https:\/\/platform.twitter.com\/widgets.js\" charset=\"utf-8\"><\/script><\/p>\n","protected":false},"excerpt":{"rendered":"Fuente de la imagen, The Washington Post via Getty Images Pie de foto, Colombia sufre cifras r\u00e9cord de&hellip;\n","protected":false},"author":2,"featured_media":119019,"comment_status":"","ping_status":"","sticky":false,"template":"","format":"standard","meta":{"footnotes":""},"categories":[42],"tags":[17,18,13,14,11,61,62,63,64,19,20,9,10,15,16,12,21,22,65,66,67],"class_list":{"0":"post-119018","1":"post","2":"type-post","3":"status-publish","4":"format-standard","5":"has-post-thumbnail","7":"category-internacional","8":"tag-breaking-news","9":"tag-breakingnews","10":"tag-featured-news","11":"tag-featurednews","12":"tag-headlines","13":"tag-internacional","14":"tag-international","15":"tag-international-news","16":"tag-internationalnews","17":"tag-latest-news","18":"tag-latestnews","19":"tag-news","20":"tag-noticias","21":"tag-noticias-destacadas","22":"tag-noticiasdestacadas","23":"tag-titulares","24":"tag-ultimas-noticias","25":"tag-ultimasnoticias","26":"tag-world","27":"tag-world-news","28":"tag-worldnews"},"share_on_mastodon":{"url":"","error":""},"_links":{"self":[{"href":"https:\/\/www.europesays.com\/es\/wp-json\/wp\/v2\/posts\/119018","targetHints":{"allow":["GET"]}}],"collection":[{"href":"https:\/\/www.europesays.com\/es\/wp-json\/wp\/v2\/posts"}],"about":[{"href":"https:\/\/www.europesays.com\/es\/wp-json\/wp\/v2\/types\/post"}],"author":[{"embeddable":true,"href":"https:\/\/www.europesays.com\/es\/wp-json\/wp\/v2\/users\/2"}],"replies":[{"embeddable":true,"href":"https:\/\/www.europesays.com\/es\/wp-json\/wp\/v2\/comments?post=119018"}],"version-history":[{"count":0,"href":"https:\/\/www.europesays.com\/es\/wp-json\/wp\/v2\/posts\/119018\/revisions"}],"wp:featuredmedia":[{"embeddable":true,"href":"https:\/\/www.europesays.com\/es\/wp-json\/wp\/v2\/media\/119019"}],"wp:attachment":[{"href":"https:\/\/www.europesays.com\/es\/wp-json\/wp\/v2\/media?parent=119018"}],"wp:term":[{"taxonomy":"category","embeddable":true,"href":"https:\/\/www.europesays.com\/es\/wp-json\/wp\/v2\/categories?post=119018"},{"taxonomy":"post_tag","embeddable":true,"href":"https:\/\/www.europesays.com\/es\/wp-json\/wp\/v2\/tags?post=119018"}],"curies":[{"name":"wp","href":"https:\/\/api.w.org\/{rel}","templated":true}]}}