{"id":119058,"date":"2025-09-16T16:10:07","date_gmt":"2025-09-16T16:10:07","guid":{"rendered":"https:\/\/www.europesays.com\/es\/119058\/"},"modified":"2025-09-16T16:10:07","modified_gmt":"2025-09-16T16:10:07","slug":"pello-bilbao-lo-importante-es-posicionarse-por-los-derechos-humanos-mas-deportes","status":"publish","type":"post","link":"https:\/\/www.europesays.com\/es\/119058\/","title":{"rendered":"Pello Bilbao: \u201cLo importante es posicionarse por los derechos humanos\u201d | M\u00e1s deportes"},"content":{"rendered":"<p>El ciclista vizca\u00edno Pello Bilbao ha alzado la voz en una entrevista en Hoy por Hoy Bilbao-Bizkaia para denunciar la participaci\u00f3n del equipo Israel-Premier Tech en la \u00faltima edici\u00f3n de la Vuelta Ciclista a Espa\u00f1a. El corredor del Bahrain Victorious ha sido contundente en su intervenci\u00f3n: \u201cLo importante es posicionarse por los derechos humanos. No podemos callarnos ante lo que est\u00e1 sucediendo\u201d.<\/p>\n<p>Una Vuelta marcada por los incidentes<\/p>\n<p>Bilbao ha recordado los altercados vividos en varias etapas de la carrera, especialmente en Bilbao y Galicia, que culminaron con protestas en la llegada final a Madrid. \u201cEra algo previsible, todos sab\u00edamos que iba a ocurrir y no se ha sabido anticipar\u201d, ha lamentado el ciclista de Gernika.<\/p>\n<p>Se\u00f1alamiento a la UCI<\/p>\n<p>El vizca\u00edno ha mostrado su sorpresa por el comunicado de la Uni\u00f3n Ciclista Internacional (UCI), en el que se apuntaba al Gobierno espa\u00f1ol pero no se hac\u00eda ninguna referencia al papel de Israel.\u201cParece que van a ser los \u00faltimos en reconocer que lo que est\u00e1 ocurriendo es un genocidio. Van tarde y no hacen ning\u00fan favor al mundo del ciclismo\u201d, afirma.<\/p>\n<p>Silencio en el pelot\u00f3n<\/p>\n<p>El corredor reconoce que dentro del pelot\u00f3n existe debate, aunque no siempre se hace p\u00fablico: \u201cMuchos compa\u00f1eros prefieren no expresarse porque es inc\u00f3modo. Tenemos amigos en ese equipo y entendemos que su situaci\u00f3n no es f\u00e1cil, pero la UCI deber\u00eda ser la primera en actuar\u201d.<\/p>\n<p>\u201cHay l\u00edmites que no se pueden cruzar\u201d<\/p>\n<p>Preguntado por si los ciclistas deber\u00edan valorar m\u00e1s all\u00e1 de lo deportivo, Bilbao es claro: \u201cComo deportistas a veces somos ego\u00edstas porque buscamos nuestro rendimiento, pero hay l\u00edmites que no se pueden cruzar, y este es uno de ellos\u201d.<\/p>\n<p>M\u00e1s informaci\u00f3n<\/p>\n<p>Responsabilidad en la organizaci\u00f3n<\/p>\n<p><a href=\"https:\/\/cadenaser.com\/nacional\/2025\/09\/15\/la-vuelta-explica-la-cancelacion-de-su-ultima-etapa-por-las-protestas-propalestina-cadena-ser\/\" target=\"_blank\" rel=\"nofollow noopener\" title=\"https:\/\/cadenaser.com\/nacional\/2025\/09\/15\/la-vuelta-explica-la-cancelacion-de-su-ultima-etapa-por-las-protestas-propalestina-cadena-ser\/\">El vizca\u00edno tambi\u00e9n se ha referido a la direcci\u00f3n de la Vuelta, se\u00f1alando que Javier Guill\u00e9n<\/a> ha estado condicionado por una situaci\u00f3n compleja: \u201cNo s\u00e9 si ten\u00eda realmente poder de decisi\u00f3n. La seguridad del pelot\u00f3n no ha estado garantizada y eso es responsabilidad de la UCI y de las instituciones\u201d.<\/p>\n<p>Una voz cr\u00edtica desde Euskadi<\/p>\n<p>Con un palmar\u00e9s que incluye victorias en el Giro de Italia y el Tour de Francia, Pello Bilbao se ha convertido en una de las pocas voces del ciclismo profesional que se ha pronunciado con claridad sobre un asunto que ha generado pol\u00e9mica m\u00e1s all\u00e1 del deporte.\u201cMientras no se tomen medidas, hay que seguir protestando y haciendo ruido\u201d, ha concluido en Radio Bilbao<\/p>\n","protected":false},"excerpt":{"rendered":"El ciclista vizca\u00edno Pello Bilbao ha alzado la voz en una entrevista en Hoy por Hoy Bilbao-Bizkaia para&hellip;\n","protected":false},"author":2,"featured_media":119059,"comment_status":"","ping_status":"","sticky":false,"template":"","format":"standard","meta":{"footnotes":""},"categories":[273],"tags":[313,312,168,25,24,23,167],"class_list":{"0":"post-119058","1":"post","2":"type-post","3":"status-publish","4":"format-standard","5":"has-post-thumbnail","7":"category-ciclismo","8":"tag-ciclismo","9":"tag-cycling","10":"tag-deportes","11":"tag-es","12":"tag-espana","13":"tag-spain","14":"tag-sports"},"share_on_mastodon":{"url":"","error":""},"_links":{"self":[{"href":"https:\/\/www.europesays.com\/es\/wp-json\/wp\/v2\/posts\/119058","targetHints":{"allow":["GET"]}}],"collection":[{"href":"https:\/\/www.europesays.com\/es\/wp-json\/wp\/v2\/posts"}],"about":[{"href":"https:\/\/www.europesays.com\/es\/wp-json\/wp\/v2\/types\/post"}],"author":[{"embeddable":true,"href":"https:\/\/www.europesays.com\/es\/wp-json\/wp\/v2\/users\/2"}],"replies":[{"embeddable":true,"href":"https:\/\/www.europesays.com\/es\/wp-json\/wp\/v2\/comments?post=119058"}],"version-history":[{"count":0,"href":"https:\/\/www.europesays.com\/es\/wp-json\/wp\/v2\/posts\/119058\/revisions"}],"wp:featuredmedia":[{"embeddable":true,"href":"https:\/\/www.europesays.com\/es\/wp-json\/wp\/v2\/media\/119059"}],"wp:attachment":[{"href":"https:\/\/www.europesays.com\/es\/wp-json\/wp\/v2\/media?parent=119058"}],"wp:term":[{"taxonomy":"category","embeddable":true,"href":"https:\/\/www.europesays.com\/es\/wp-json\/wp\/v2\/categories?post=119058"},{"taxonomy":"post_tag","embeddable":true,"href":"https:\/\/www.europesays.com\/es\/wp-json\/wp\/v2\/tags?post=119058"}],"curies":[{"name":"wp","href":"https:\/\/api.w.org\/{rel}","templated":true}]}}