{"id":119069,"date":"2025-09-16T16:16:08","date_gmt":"2025-09-16T16:16:08","guid":{"rendered":"https:\/\/www.europesays.com\/es\/119069\/"},"modified":"2025-09-16T16:16:08","modified_gmt":"2025-09-16T16:16:08","slug":"jordi-perez-presenta-su-libro-metanoia-futbol","status":"publish","type":"post","link":"https:\/\/www.europesays.com\/es\/119069\/","title":{"rendered":"Jordi P\u00e9rez presenta su libro \u00abMetanoia\u00bb | F\u00fatbol"},"content":{"rendered":"<p class=\"loc\">Alcoy<\/p>\n<p>Jordi P\u00e9rez Hern\u00e1ndez es un entrenador de Alcoy al que su cabeza no para de idear proyectos. La temporada pasada hizo una excelente Gu\u00eda de Primera Federaci\u00f3n y anteriormente edito el libro El juego de Posici\u00f3n. <\/p>\n<p>Ahora llega junto a Gustavo Cantabella con Metanoia, un libro que aparentemente parece una revista como aquella de Panenka. Con un aire retro que invita a ojearla cuando la tienes en la mano y por supuesto a leerla y deleitarte con conversaciones de juego, que no de f\u00fatbol entre los dos autores. <\/p>\n<p>El c\u00f3digo iframe se ha copiado en el portapapeles<\/p>\n<p class=\"tit\">Jordi P\u00e9rez Hern\u00e1ndez, nos presenta su libro de f\u00fatbol \u00abMetanoia\u00bb (16\/09\/2025)<\/p>\n<p>00:00:0028:36<\/p>\n<p>FacebookTwitterLinkedinWhatsAppCerrar<\/p>\n<p>Hoy llega a SER Deportivos Alcoy para contarnos todos los detalles de esta publicaci\u00f3n y hablar un rato de f\u00fatbol.<\/p>\n","protected":false},"excerpt":{"rendered":"Alcoy Jordi P\u00e9rez Hern\u00e1ndez es un entrenador de Alcoy al que su cabeza no para de idear proyectos.&hellip;\n","protected":false},"author":2,"featured_media":119070,"comment_status":"","ping_status":"","sticky":false,"template":"","format":"standard","meta":{"footnotes":""},"categories":[172],"tags":[224,146,147,25,24,225,23],"class_list":{"0":"post-119069","1":"post","2":"type-post","3":"status-publish","4":"format-standard","5":"has-post-thumbnail","7":"category-libros","8":"tag-books","9":"tag-entertainment","10":"tag-entretenimiento","11":"tag-es","12":"tag-espana","13":"tag-libros","14":"tag-spain"},"share_on_mastodon":{"url":"","error":""},"_links":{"self":[{"href":"https:\/\/www.europesays.com\/es\/wp-json\/wp\/v2\/posts\/119069","targetHints":{"allow":["GET"]}}],"collection":[{"href":"https:\/\/www.europesays.com\/es\/wp-json\/wp\/v2\/posts"}],"about":[{"href":"https:\/\/www.europesays.com\/es\/wp-json\/wp\/v2\/types\/post"}],"author":[{"embeddable":true,"href":"https:\/\/www.europesays.com\/es\/wp-json\/wp\/v2\/users\/2"}],"replies":[{"embeddable":true,"href":"https:\/\/www.europesays.com\/es\/wp-json\/wp\/v2\/comments?post=119069"}],"version-history":[{"count":0,"href":"https:\/\/www.europesays.com\/es\/wp-json\/wp\/v2\/posts\/119069\/revisions"}],"wp:featuredmedia":[{"embeddable":true,"href":"https:\/\/www.europesays.com\/es\/wp-json\/wp\/v2\/media\/119070"}],"wp:attachment":[{"href":"https:\/\/www.europesays.com\/es\/wp-json\/wp\/v2\/media?parent=119069"}],"wp:term":[{"taxonomy":"category","embeddable":true,"href":"https:\/\/www.europesays.com\/es\/wp-json\/wp\/v2\/categories?post=119069"},{"taxonomy":"post_tag","embeddable":true,"href":"https:\/\/www.europesays.com\/es\/wp-json\/wp\/v2\/tags?post=119069"}],"curies":[{"name":"wp","href":"https:\/\/api.w.org\/{rel}","templated":true}]}}