{"id":119122,"date":"2025-09-16T16:45:10","date_gmt":"2025-09-16T16:45:10","guid":{"rendered":"https:\/\/www.europesays.com\/es\/119122\/"},"modified":"2025-09-16T16:45:10","modified_gmt":"2025-09-16T16:45:10","slug":"zara-lanza-el-vaquero-ancho-que-es-tendencia-hace-tipazo-y-adoraran-las-mayores-de-50","status":"publish","type":"post","link":"https:\/\/www.europesays.com\/es\/119122\/","title":{"rendered":"Zara lanza EL VAQUERO ancho que es tendencia, hace tipazo y adorar\u00e1n las mayores de 50"},"content":{"rendered":"<p data-journey-content=\"true\" data-node-id=\"0\" class=\"css-i9p093 emevuu60\"><strong data-node-id=\"0.0\">Todas tenemos clar\u00edsimo que si hay una prenda que nunca pasa de moda, esa es el vaquero.<\/strong> La cuesti\u00f3n es que cada temporada llega con un dise\u00f1o diferente que lo convierte en el m\u00e1s buscado de la temporada.<strong data-node-id=\"0.2\"> Y en este 2025, el que arrasa es el nuevo &#8216;denim&#8217; ancho de Zara, que ya se perfila como el favorito de las mujeres de m\u00e1s de 50<\/strong> (y de cualquiera que busque comodidad y estilazo al mismo tiempo, honestamente).<\/p>\n<p data-journey-content=\"true\" data-node-id=\"1\" class=\"css-i9p093 emevuu60\">El dise\u00f1o es infalible:<strong data-node-id=\"1.1\"> tiro medio, una silueta comod\u00edsima y pernera ancha, con cintura con trabillas, cinco bolsillos cl\u00e1sicos,<\/strong> pespuntes marcados a contraste y pliegue lateral que estiliza al instante. \u00bfEl resultado? Un vaquero con ese aire relajado, moderno y favorecedor que consigue hacer tipazo sin esfuerzo.<\/p>\n<p>Zara lanza EL VAQUERO ancho que es tendencia<\/p>\n<p data-journey-content=\"true\" data-node-id=\"3\" class=\"css-i9p093 emevuu60\"><strong data-node-id=\"3.0\">Y esto no es lo mejor, su versatilidad admite todo tipo de estilismos<\/strong> con este pantal\u00f3n: desde levarlo con una camisa blanca y blazer &#8216;oversize&#8217;, para un conjunto m\u00e1s de oficina y sofisticado. O con una camiseta b\u00e1sica y zapatillas, el combo perfecto para el d\u00eda a d\u00eda. Y si lo llevas con botines de tac\u00f3n sensato o mocasines, le dar\u00e1s un aire de tendencia 2025 total.<\/p>\n<p data-journey-content=\"true\" data-node-id=\"5\" class=\"css-i9p093 emevuu60\"><strong data-node-id=\"5.0\">Por todo esto, no es ninguna casualidad que este vaquero ya se haya posicionado como uno de los favoritos de la temporada de oto\u00f1o, y a\u00fan ni ha llegado<\/strong>. Su corte fluido no marca de m\u00e1s, es comod\u00edsimo y estiliza como pocos. Y, adem\u00e1s, es de esas piezas que funcionan todo el a\u00f1o, desde estilismos m\u00e1s veraniegos con sandalias hasta &#8216;outfits&#8217; de invierno con abrigazo encima.<\/p>\n<p data-journey-content=\"true\" data-node-id=\"6\" class=\"css-i9p093 emevuu60\">En resumen, si est\u00e1s en busca de un vaquero tendencia y que tambi\u00e9n admita ser el comod\u00edn que deseas tener en el armario, este &#8216;denim&#8217; de Zara es tu prenda. Porque <strong data-node-id=\"6.1\">cuando una prenda te hace sentir bien y, encima, multiplica el estilo, autom\u00e1ticamente se convierte en el nuevo b\u00e1sico viral (de nuestro coraz\u00f3n).<\/strong><br data-node-id=\"6.2\"\/><\/p>\n<p><img draggable=\"true\" alt=\"pantal\u00f3n zara\" title=\"pantal\u00f3n zara\" loading=\"lazy\" width=\"1125\" height=\"1688\" decoding=\"async\" data-nimg=\"1\" style=\"color:transparent;width:100%;height:auto;\"   src=\"https:\/\/www.europesays.com\/es\/wp-content\/uploads\/2025\/09\/08307246407-015-a6-68b177a3a5241.jpg\" class=\"css-0 e1g79fud0\"\/><a target=\"_blank\" rel=\"noopener nofollow\" data-theme-key=\"base-link\" href=\"https:\/\/pinterest.com\/pin\/create\/button\/?url=https:\/\/www.elle.com\/es\/moda\/noticias\/a65930621\/zara-lanza-vaquero-ancho-tendencia-hace-tipazo-adoran-mujeres-mayores-50\/&amp;description=- ElleSpain&amp;media=https:\/\/hips.hearstapps.com\/hmg-prod\/images\/08307246407-015-a6-68b177a3a5241.jpg?resize=1600:*\" class=\"pinterest css-on9hn5 e1c1bym14\"><img decoding=\"async\" data-dynamic-svg=\"true\" src=\"https:\/\/www.elle.com\/_assets\/design-tokens\/fre\/static\/icons\/social\/pinterest.e8cf655.svg?primary=%2523ffffff\" loading=\"lazy\" data-testid=\"dynamic-svg-base\" height=\"auto\" width=\"auto\" alt=\"pinterest\" class=\"css-4lml0h e1mlxuuw1\"\/><\/a><\/p>\n<p>Zara<\/p>\n<p>Zara Pantal\u00f3n ancho<\/p>\n<p><a target=\"_blank\" rel=\"nofollow noopener\" data-theme-key=\"product-image-wrapper\" href=\"https:\/\/www.zara.com\/es\/es\/pantalon-balloon-pliegue-zw-collection-p08307247.html?v1=485570603&amp;v2=2546081\" aria-label=\"40\u00a0\u20ac en ZARA for Pantal\u00f3n ancho\" data-href=\"https:\/\/www.zara.com\/es\/es\/pantalon-balloon-pliegue-zw-collection-p08307247.html?v1=485570603&amp;v2=2546081\" data-product-url=\"https:\/\/www.zara.com\/es\/es\/pantalon-balloon-pliegue-zw-collection-p08307247.html?v1=485570603&amp;v2=2546081\" data-affiliate=\"false\" data-affiliate-network=\"\" data-vars-ga-call-to-action=\"40\u00a0\u20ac en ZARA\" data-vars-ga-media-role=\"\" data-vars-ga-media-type=\"Single Product Embed\" data-vars-ga-outbound-link=\"https:\/\/www.zara.com\/es\/es\/pantalon-balloon-pliegue-zw-collection-p08307247.html?v1=485570603&amp;v2=2546081\" data-vars-ga-product-brand=\"Zara\" data-vars-ga-product-id=\"56734b7e-15ca-4b75-9727-14e2f99ee1df\" data-vars-ga-product-price=\"39,95\u00a0\u20ac\" data-vars-ga-product-retailer-id=\"7bca20f2-0e9d-4ccb-9dea-210c563a1ede\" data-vars-ga-product-sem3-brand=\"Zara\" data-vars-ga-link-treatment=\"(not set) | (not set)\" class=\"product-image-link ebgq4gw2 e1b8bpvs0 css-g6od0w e1c1bym14\" data-><img  alt=\"Pantal\u00f3n ancho\" title=\"Pantal\u00f3n ancho\" src=\"https:\/\/www.europesays.com\/es\/wp-content\/uploads\/2025\/09\/1756461024-08307247407-e1-68b177a399e2a.jpg\" width=\"750\" height=\"1125\" decoding=\"async\" loading=\"lazy\"\/><\/a><img src=\"https:\/\/www.europesays.com\/es\/wp-content\/uploads\/2025\/09\/fdb40614-5afb-491b-84a7-5d9b44b2dcde_1658480441.file\" alt=\"Headshot of Amanda Prado\" title=\"Headshot of Amanda Prado\" width=\"100%\" height=\"100%\" decoding=\"async\" loading=\"lazy\" class=\"css-o0wq4v ev8dhu53\"\/><\/p>\n<p>Amanda Prado es colaboradora de ELLE, experta en moda, tendencias y actualidad. Como buena defensora del periodismo multimedia, tambi\u00e9n es creadora de contenido para redes sociales (empez\u00f3 en Fotolog y ha terminado en TikTok). Su especialidad es localizar las nuevas tendencias de la pasarela y del street style. Amante del estilo boho, la ropa vintage y la moda sostenible. Especialista en transformar b\u00e1sicos en lookazos y en localizar joyitas textiles de donde crees que no se puede sacar nada. De las rom\u00e1nticas que a\u00fan compran en tienda f\u00edsica. \u00a0<\/p>\n<p>Descubrir qu\u00e9 llevan las famosas es otra de sus funciones. Adem\u00e1s de analizar qu\u00e9 prendas visten las celebrities (y, sobre todo, c\u00f3mo lo llevan, su estilo) tambi\u00e9n se encarga de cubrir todo lo que sucede en alfombras rojas y eventos de moda. No deja escapar ning\u00fan detalle del d\u00eda a d\u00eda que comparten las influencers y creadores de contenido en sus redes sociales o en los eventos a los que acuden. \u00a0<\/p>\n<p>Amanda Prado se gradu\u00f3 primero en Derecho y despu\u00e9s en Periodismo en la Universidad Rey Juan Carlos. En tercero de carrera result\u00f3 ganadora de la Superbeca Elle y trabaj\u00f3 durante un a\u00f1o en cuatro empresas: para el equipo de comunicaci\u00f3n de ZARA (Inditex), el departamento de Relaciones P\u00fablicas de Est\u00e9e Lauder, la agencia de comunicaci\u00f3n Equipo Singular y, por \u00faltimo, la redacci\u00f3n de la revista ELLE. Al terminar la beca comenz\u00f3 a colaborar en la revista Cosmopolitan cubriendo temas de belleza y moda y, tras varios a\u00f1os, regres\u00f3 a ELLE.\u00a0<\/p>\n","protected":false},"excerpt":{"rendered":"Todas tenemos clar\u00edsimo que si hay una prenda que nunca pasa de moda, esa es el vaquero. La&hellip;\n","protected":false},"author":2,"featured_media":119123,"comment_status":"","ping_status":"","sticky":false,"template":"","format":"standard","meta":{"footnotes":""},"categories":[91],"tags":[1655,253,146,147,25,24,8237,23],"class_list":{"0":"post-119122","1":"post","2":"type-post","3":"status-publish","4":"format-standard","5":"has-post-thumbnail","7":"category-entretenimiento","8":"tag-afiliacion","9":"tag-discover","10":"tag-entertainment","11":"tag-entretenimiento","12":"tag-es","13":"tag-espana","14":"tag-redis","15":"tag-spain"},"share_on_mastodon":{"url":"","error":""},"_links":{"self":[{"href":"https:\/\/www.europesays.com\/es\/wp-json\/wp\/v2\/posts\/119122","targetHints":{"allow":["GET"]}}],"collection":[{"href":"https:\/\/www.europesays.com\/es\/wp-json\/wp\/v2\/posts"}],"about":[{"href":"https:\/\/www.europesays.com\/es\/wp-json\/wp\/v2\/types\/post"}],"author":[{"embeddable":true,"href":"https:\/\/www.europesays.com\/es\/wp-json\/wp\/v2\/users\/2"}],"replies":[{"embeddable":true,"href":"https:\/\/www.europesays.com\/es\/wp-json\/wp\/v2\/comments?post=119122"}],"version-history":[{"count":0,"href":"https:\/\/www.europesays.com\/es\/wp-json\/wp\/v2\/posts\/119122\/revisions"}],"wp:featuredmedia":[{"embeddable":true,"href":"https:\/\/www.europesays.com\/es\/wp-json\/wp\/v2\/media\/119123"}],"wp:attachment":[{"href":"https:\/\/www.europesays.com\/es\/wp-json\/wp\/v2\/media?parent=119122"}],"wp:term":[{"taxonomy":"category","embeddable":true,"href":"https:\/\/www.europesays.com\/es\/wp-json\/wp\/v2\/categories?post=119122"},{"taxonomy":"post_tag","embeddable":true,"href":"https:\/\/www.europesays.com\/es\/wp-json\/wp\/v2\/tags?post=119122"}],"curies":[{"name":"wp","href":"https:\/\/api.w.org\/{rel}","templated":true}]}}