{"id":119132,"date":"2025-09-16T17:01:07","date_gmt":"2025-09-16T17:01:07","guid":{"rendered":"https:\/\/www.europesays.com\/es\/119132\/"},"modified":"2025-09-16T17:01:07","modified_gmt":"2025-09-16T17:01:07","slug":"el-video-viral-de-un-falso-torero-en-la-feria-de-albacete-se-ha-hecho-famoso-por-un-dia","status":"publish","type":"post","link":"https:\/\/www.europesays.com\/es\/119132\/","title":{"rendered":"El v\u00eddeo viral de un falso torero en la Feria de Albacete: \u00abSe ha hecho famoso por un d\u00eda\u00bb"},"content":{"rendered":"<p>Albacete vive estos d\u00edas su <a href=\"https:\/\/www.eldigitaldealbacete.com\/2025\/09\/16\/importante-novedad-en-albacete-para-facilitar-el-poder-despedir-como-se-merece-esta-feria\/\" rel=\"nofollow noopener\" target=\"_blank\">Feria<\/a>, de Inter\u00e9s Tur\u00edstico Internacional, con todo el esplendor que la caracteriza. M\u00fasica, luces, casetas, alegr\u00eda y, c\u00f3mo no, mucho humor. Y precisamente de humor va uno de los v\u00eddeos m\u00e1s virales del momento en TikTok, que ha conquistado a m\u00e1s de 350.000 personas en apenas un d\u00eda. El protagonista es un joven disfrazado de torero.<\/p>\n<p>El v\u00eddeo, publicado por el usuario @albertomatoque bajo el ir\u00f3nico t\u00edtulo \u00abSali\u00f3 a hombros por la puerta grande\u00bb, muestra una escena tan surrealista como divertida: un novio vestido con un llamativo traje de luces rosa (muy conseguido) aparece haciendo vida normal en la Feria de Albacete mientras la gente lo observa, se emociona, le pide fotos y le aplaude como si de un aut\u00e9ntico diestro se tratara.\u00a0<\/p>\n<blockquote class=\"tiktok-embed\" cite=\"https:\/\/www.tiktok.com\/@albertomatoque\/video\/7550035514754223363\" data-video-id=\"7550035514754223363\" style=\"max-width: 605px;min-width: 325px;\"><p>  <a target=\"_blank\" title=\"@albertomatoque\" href=\"https:\/\/www.tiktok.com\/@albertomatoque?refer=embed\" rel=\"nofollow noopener\">@albertomatoque<\/a> Sali\u00f3 a hombros por la puerta grande <a title=\"fyp\" target=\"_blank\" href=\"https:\/\/www.tiktok.com\/tag\/fyp?refer=embed\" rel=\"nofollow noopener\">#fyp<\/a> <a title=\"feriaalbacete\" target=\"_blank\" href=\"https:\/\/www.tiktok.com\/tag\/feriaalbacete?refer=embed\" rel=\"nofollow noopener\">#feriaalbacete<\/a> <a title=\"despedidasoltero\" target=\"_blank\" href=\"https:\/\/www.tiktok.com\/tag\/despedidasoltero?refer=embed\" rel=\"nofollow noopener\">#despedidasoltero<\/a> <a target=\"_blank\" title=\"\u266c sonido original - runbaportuguesa2022 \ud83d\udde3\ud83d\udc83\ud83c\uddf5\ud83c\uddf9\" href=\"https:\/\/www.tiktok.com\/music\/sonido-original-7056146653518121734?refer=embed\" rel=\"nofollow noopener\">\u266c sonido original \u2013 runbaportuguesa2022 \ud83d\udde3\ud83d\udc83\ud83c\uddf5\ud83c\uddf9<\/a>  <\/p><\/blockquote>\n<p>Todo comienza en un Mercadona, donde el falso torero hace cola para comprar una botella de agua. Una ni\u00f1a lo se\u00f1ala, sorprendida, y m\u00e1s de un cliente se queda boquiabierto. La escena contin\u00faa en una t\u00f3mbola del Paseo de la Feria, donde no solo vuelve a acaparar todas las miradas, sino que incluso lo invitan a subir. All\u00ed, micr\u00f3fono en mano, saluda al p\u00fablico entre aplausos y ovaciones.\u00a0<\/p>\n<p>Pero el momento cumbre llega cuando se acerca al entorno de la Plaza de Toros de Albacete. En un bar cercano, la escena se convierte en una aut\u00e9ntica sesi\u00f3n de fotos improvisada. La reacci\u00f3n de los presentes es tan entusiasta que, por momentos, uno duda si de verdad no se trata de una figura del toreo nacional.<\/p>\n<p><img loading=\"lazy\" decoding=\"async\" width=\"1200\" height=\"675\" src=\"https:\/\/www.europesays.com\/es\/wp-content\/uploads\/2025\/09\/photo_2025-09-16-18.39.30.jpeg\" alt=\"\" class=\"wp-image-1069913\"  \/>Foto: TikTok \/ Albacete<\/p>\n<p>\u00abEn Albacete somos muy aut\u00e9nticos\u00bb<\/p>\n<p>Los comentarios no se han hecho esperar. \u00abLo que no pase en la Feria de Albacete no pasa en ning\u00fan lugar del mundo. Somos muy aut\u00e9nticos\u00bb, resume a la perfecci\u00f3n uno de los usuarios. Otros a\u00f1aden: \u00abMe hizo re\u00edr un mont\u00f3n\u00bb, \u00abSoy su fan\u00bb, \u00abSe ha hecho famoso por un d\u00eda\u00bb, o \u00abMe encanta, porque adem\u00e1s la gente le sigue el rollo. M\u00e1s de un \u2018ol\u00e9\u2019 le habr\u00e1n soltado\u00bb.<\/p>\n<p>Si algo ha demostrado este v\u00eddeo es que en esta ciudad no hace falta mucho para pasarlo bien. Basta un disfraz, un poco de desparpajo y una feria llena de gente con ganas de pasarlo en grande.<\/p>\n<p>\t\t<script async src=\"\/\/www.tiktok.com\/embed.js\"><\/script><\/p>\n","protected":false},"excerpt":{"rendered":"Albacete vive estos d\u00edas su Feria, de Inter\u00e9s Tur\u00edstico Internacional, con todo el esplendor que la caracteriza. M\u00fasica,&hellip;\n","protected":false},"author":2,"featured_media":119133,"comment_status":"","ping_status":"","sticky":false,"template":"","format":"standard","meta":{"footnotes":""},"categories":[277],"tags":[2545,373,4091,168,25,24,16453,10,23,167,5889,374],"class_list":{"0":"post-119132","1":"post","2":"type-post","3":"status-publish","4":"format-standard","5":"has-post-thumbnail","7":"category-toreo","8":"tag-albacete","9":"tag-bullfighting","10":"tag-castilla-la-mancha","11":"tag-deportes","12":"tag-es","13":"tag-espana","14":"tag-feria-de-albacete","15":"tag-noticias","16":"tag-spain","17":"tag-sports","18":"tag-tiktok","19":"tag-toreo"},"share_on_mastodon":{"url":"","error":""},"_links":{"self":[{"href":"https:\/\/www.europesays.com\/es\/wp-json\/wp\/v2\/posts\/119132","targetHints":{"allow":["GET"]}}],"collection":[{"href":"https:\/\/www.europesays.com\/es\/wp-json\/wp\/v2\/posts"}],"about":[{"href":"https:\/\/www.europesays.com\/es\/wp-json\/wp\/v2\/types\/post"}],"author":[{"embeddable":true,"href":"https:\/\/www.europesays.com\/es\/wp-json\/wp\/v2\/users\/2"}],"replies":[{"embeddable":true,"href":"https:\/\/www.europesays.com\/es\/wp-json\/wp\/v2\/comments?post=119132"}],"version-history":[{"count":0,"href":"https:\/\/www.europesays.com\/es\/wp-json\/wp\/v2\/posts\/119132\/revisions"}],"wp:featuredmedia":[{"embeddable":true,"href":"https:\/\/www.europesays.com\/es\/wp-json\/wp\/v2\/media\/119133"}],"wp:attachment":[{"href":"https:\/\/www.europesays.com\/es\/wp-json\/wp\/v2\/media?parent=119132"}],"wp:term":[{"taxonomy":"category","embeddable":true,"href":"https:\/\/www.europesays.com\/es\/wp-json\/wp\/v2\/categories?post=119132"},{"taxonomy":"post_tag","embeddable":true,"href":"https:\/\/www.europesays.com\/es\/wp-json\/wp\/v2\/tags?post=119132"}],"curies":[{"name":"wp","href":"https:\/\/api.w.org\/{rel}","templated":true}]}}