{"id":119146,"date":"2025-09-16T17:08:08","date_gmt":"2025-09-16T17:08:08","guid":{"rendered":"https:\/\/www.europesays.com\/es\/119146\/"},"modified":"2025-09-16T17:08:08","modified_gmt":"2025-09-16T17:08:08","slug":"kepa-arrizabalaga-regresa-a-san-mames-y-se-funde-en-un-abrazo-con-unai-simon","status":"publish","type":"post","link":"https:\/\/www.europesays.com\/es\/119146\/","title":{"rendered":"Kepa Arrizabalaga regresa a San Mam\u00e9s y se funde en un abrazo con Unai Sim\u00f3n"},"content":{"rendered":"<p><a class=\"v-mdl-ath__fig-a\" href=\"https:\/\/www.elcorreo.com\/autor\/gabriel-cuesta-2310.html\" title=\"Gabriel Cuesta\" rel=\"nofollow noopener\" target=\"_blank\"><br \/>\n<img decoding=\"async\" class=\"v-mdl-ath__img\" src=\"https:\/\/www.europesays.com\/es\/wp-content\/uploads\/2025\/07\/autor-2310-foto-2.jpeg\" alt=\"Gabriel Cuesta\"\/><br \/>\n<\/a><\/p>\n<p class=\"v-mdl-ath__p v-mdl-ath__p--6\">\nMartes, 16 de septiembre 2025, 18:05<\/p>\n<p class=\"v-p\">Kepa Arrizabalaga vuelve este martes por primera vez a San Mam\u00e9s desde que abandonase el Athletic rumbo al Chelsea en el verano de 2018. Han pasado m\u00e1s de siete a\u00f1os. Lo hace como suplente de David Raya en el competitivo Arsenal de Mikel Arteta. Para el cancerbero de Ondarroa ha sido una tarde de reencuentros, con abrazo incluido a su sucesor en la porter\u00eda rojiblanca, Unai Sim\u00f3n. <\/p>\n<p class=\"v-p\">Se da la circunstancia de que Kepa no lleg\u00f3 a pisar La Catedral durante la temporada que estuvo cedido por el Chelsea en el Real Madrid, con el que disput\u00f3 en total 20 encuentros a ra\u00edz de la grave lesi\u00f3n de Courtois. Su pr\u00e9stamo se anunci\u00f3 precisamente dos d\u00edas despu\u00e9s de que el cuadro blanco visitase Bilbao en el arranque de la Liga 2023-24. \u00abKaixo, Kepa!Bienvenido de nuevo a San Mam\u00e9s\u00bb, la daba la bienvenida la entidad bilba\u00edna en las redes sociales.<\/p>\n<p class=\"v-p\">Arrizabalaga abandon\u00f3 el Athletic en el verano de 2018. Hizo las maletas a Londres para enrolarse en el Chelsea fruto de una operaci\u00f3n con la que Ibaigane se embolso 80 millones de euros al abonarse \u00edntegramente la cl\u00e1usula de rescisi\u00f3n. Desde entonces, nunca hab\u00eda vuelto a San Mam\u00e9s. <\/p>\n<p>Comenta<\/p>\n<p>Reporta un error<\/p>\n","protected":false},"excerpt":{"rendered":"Martes, 16 de septiembre 2025, 18:05 Kepa Arrizabalaga vuelve este martes por primera vez a San Mam\u00e9s desde&hellip;\n","protected":false},"author":2,"featured_media":119147,"comment_status":"","ping_status":"","sticky":false,"template":"","format":"standard","meta":{"footnotes":""},"categories":[268],"tags":[15919,39530,5958,168,25,24,280,282,39529,23980,2228,4800,57,281,23,167,15267],"class_list":{"0":"post-119146","1":"post","2":"type-post","3":"status-publish","4":"format-standard","5":"has-post-thumbnail","7":"category-futbol","8":"tag-abrazo","9":"tag-arrizabalaga","10":"tag-cesped","11":"tag-deportes","12":"tag-es","13":"tag-espana","14":"tag-football","15":"tag-futbol","16":"tag-kepa","17":"tag-mames","18":"tag-san","19":"tag-simon","20":"tag-sobre","21":"tag-soccer","22":"tag-spain","23":"tag-sports","24":"tag-unai"},"share_on_mastodon":{"url":"","error":""},"_links":{"self":[{"href":"https:\/\/www.europesays.com\/es\/wp-json\/wp\/v2\/posts\/119146","targetHints":{"allow":["GET"]}}],"collection":[{"href":"https:\/\/www.europesays.com\/es\/wp-json\/wp\/v2\/posts"}],"about":[{"href":"https:\/\/www.europesays.com\/es\/wp-json\/wp\/v2\/types\/post"}],"author":[{"embeddable":true,"href":"https:\/\/www.europesays.com\/es\/wp-json\/wp\/v2\/users\/2"}],"replies":[{"embeddable":true,"href":"https:\/\/www.europesays.com\/es\/wp-json\/wp\/v2\/comments?post=119146"}],"version-history":[{"count":0,"href":"https:\/\/www.europesays.com\/es\/wp-json\/wp\/v2\/posts\/119146\/revisions"}],"wp:featuredmedia":[{"embeddable":true,"href":"https:\/\/www.europesays.com\/es\/wp-json\/wp\/v2\/media\/119147"}],"wp:attachment":[{"href":"https:\/\/www.europesays.com\/es\/wp-json\/wp\/v2\/media?parent=119146"}],"wp:term":[{"taxonomy":"category","embeddable":true,"href":"https:\/\/www.europesays.com\/es\/wp-json\/wp\/v2\/categories?post=119146"},{"taxonomy":"post_tag","embeddable":true,"href":"https:\/\/www.europesays.com\/es\/wp-json\/wp\/v2\/tags?post=119146"}],"curies":[{"name":"wp","href":"https:\/\/api.w.org\/{rel}","templated":true}]}}