{"id":119156,"date":"2025-09-16T17:13:07","date_gmt":"2025-09-16T17:13:07","guid":{"rendered":"https:\/\/www.europesays.com\/es\/119156\/"},"modified":"2025-09-16T17:13:07","modified_gmt":"2025-09-16T17:13:07","slug":"muere-a-los-52-anos-tomas-lindberg-de-at-the-gates-icono-del-metal-europeo","status":"publish","type":"post","link":"https:\/\/www.europesays.com\/es\/119156\/","title":{"rendered":"Muere a los 52 a\u00f1os Tomas Lindberg de At the Gates, icono del metal europeo"},"content":{"rendered":"<p style=\"\">El cantante de <strong>At The Gates<\/strong>, el ic\u00f3nico<strong> Tomas Lindberg<\/strong> alias &#8216;Tompa&#8217;, ha fallecido a los 52 a\u00f1os tras una lucha de dos a\u00f1os contra un c\u00e1ncer muy agresivo en la boca. As\u00ed lo han comunicado en la ma\u00f1ana de este martes  &#8230; 16 de septiembre sus colegas de escena David Isberg, ex vocalista de Opeth, y Michael Amott, guitarrista de <a href=\"https:\/\/www.abc.es\/cultura\/musica\/abci-resurrection-fest-online-arranca-semana-entero-dedicado-rock-y-metal-202008282208_noticia.html\" target=\"_blank\" data-voc-vtm-id=\"in-text-traffic\" title=\"Arch Enemy\" data-mrf-link=\"www.abc.es\" rel=\"nofollow noopener\">Arch Enemy<\/a>, donde toca la bater\u00eda el hermano de Daniel Erlandsson, a su vez baterista de At The Gates. M\u00e1s tarde, la cadena de noticias sueca SVT Nyheter ha informado de que la familia de Lindberg ha confirmado su fallecimiento.<\/p>\n<p class=\"voc-p\" style=\"\">Hace un mes, la banda comparti\u00f3 un mensaje de Lindberg en el que revelaba la enfermedad que padec\u00eda. \u00abHola a todos. <strong>Supongo que algunos de vosotros os habr\u00e9is preguntado por qu\u00e9 \u00faltimamente ha habido tanto silencio<\/strong> en torno a At the Gates. Bueno, en diciembre de 2023 me diagnosticaron un carcinoma adenoide qu\u00edstico (un c\u00e1ncer en la boca y el paladar) y desde entonces he pasado por muchas cosas, ha sido un a\u00f1o muy duro\u00bb. <\/p>\n<p class=\"voc-p\" style=\"\">Formada en Goteborg en 1990, At the Gates fue banda pionera en el subg\u00e9nero del death metal mel\u00f3dico que se populariz\u00f3 a lo largo de la d\u00e9cada de los noventa, y alcanz\u00f3 una enorme fama entre los aficionados espa\u00f1oles al g\u00e9nero. Los caracter\u00edsticos riffs contundentes de la banda y la voz desesperada y afilada de Lindberg se conviertieron en referentes del g\u00e9nero en Europa, y tras sus dos primeros discos, &#8216;The Red in the Sky is Ours&#8217; (1992) y &#8216;With Fear I Kiss the Burning Darkness&#8217; (1993), <strong>alcanzaron una gran repercusi\u00f3n con &#8216;Terminal Spirit Disease&#8217;<\/strong> en 1994.<\/p>\n<p class=\"voc-p\" style=\"\">Pero fue con <strong>&#8216;Slaughter of the Soul&#8217;<\/strong>, la obra maestra del grupo publicada en 1995, cuando alcanzaron el estatus de leyenda al ser ampliamente reconocido como uno de los \u00e1lbumes m\u00e1s importantes del metal, adem\u00e1s de <strong>uno de los \u00e1lbumes de metal m\u00e1s influyentes de los \u00faltimos 30 a\u00f1os<\/strong> seg\u00fan multitud de medios especializados.<\/p>\n<p class=\"voc-p\" style=\"\">Aquel disco, sin embargo, supuso el final de la banda ya que a continuaci\u00f3n sus integrantes emprendieron caminos propios. Lindberg se dedic\u00f3 a trabajar en varios proyectos como The Great Deceiver, The Crown y Lock-up, <strong>alternando su trabajo de cantante con el de profesor de escuela<\/strong>, un oficio sobre el que coment\u00f3: \u00abMis estudiantes est\u00e1n muy emocionados porque estoy en una banda, ellos no son metaleros, tienen como 11 o 12 a\u00f1os. Pero ellos vinieron al show cuando tocamos en Gotemburgo, entraron a backstage y se tomaron fotos con la banda, as\u00ed que supongo que podr\u00eda ser el profesor cool, el cual no intento ser\u00bb.<\/p>\n<p class=\"voc-p\" style=\"\"> En 2007 se reuni\u00f3 la banda, y tras varios a\u00f1os de giras publicaron su quinto \u00e1lbum, &#8216;At War with Reality&#8217; (2014), al que siguieron &#8216;To Drink from the Night Itself&#8217; (2018) y &#8216;The Nightmare of Being&#8217; (2021). <strong>Dos a\u00f1os despu\u00e9s fue cuando Lindberg recibi\u00f3 el diagn\u00f3stico<\/strong>, tras el cual se someti\u00f3 a \u00abuna operaci\u00f3n importante, en la que me extirparon una gran parte del paladar\u00bb, explicaba en su comunicado. \u00abA esto le sigui\u00f3 una radioterapia de dos meses y, desde entonces, ha sido un largo y duro camino hacia la recuperaci\u00f3n. Ahora, a principios de 2025, han encontrado algunos restos del c\u00e1ncer, y es inaccesible mediante cirug\u00eda o radiaci\u00f3n. As\u00ed que veremos cu\u00e1l es el siguiente paso, pero probablemente sea alg\u00fan tipo de quimioterapia para mantener el c\u00e1ncer bajo control\u00bb.<\/p>\n<p class=\"voc-p\" style=\"\">Sin embargo, el cantante decidi\u00f3 mantener la banda activo y seguir con sus pr\u00f3ximos planes ya que como \u00e9l mismo aseguraba, \u00abpor suerte, grabamos las voces para las maquetas del nuevo \u00e1lbum antes de que todo esto sucediera\u00bb. Para ello tuvieron que darle la vuelta al proceso de grabaci\u00f3n: \u00abLa \u00faltima versi\u00f3n de las voces, las que acabar\u00e1n en el \u00e1lbum, se grabaron en un solo d\u00eda, en su mayor\u00eda en una sola toma, el d\u00eda antes de la operaci\u00f3n, solo para asegurarnos de que ten\u00edamos el \u00e1lbum, por as\u00ed decirlo. As\u00ed que<strong> las voces se grabaron antes que el resto del \u00e1lbum<\/strong>&#8230; algo diferente, pero nos sentimos bien al haberlo hecho. Ahora hemos decidido no esperar m\u00e1s para lanzar este nuevo \u00e1lbum. En un principio hab\u00edamos planeado esperar con el lanzamiento hasta saber si podr\u00eda volver a cantar y cu\u00e1ndo, y poder promocionar el \u00e1lbum con conciertos\u00bb.<\/p>\n<p class=\"voc-p\" style=\"\">Lindberg se desped\u00eda con optimismo asegurando que \u00abahora que todo lo relacionado con el futuro es un poco m\u00e1s incierto, nos alegra poder sacar este \u00e1lbum. Es un \u00e1lbum del que todos estamos muy orgullosos, y es la primera vez en 10 a\u00f1os que Jonas y yo hemos trabajado juntos con Anders escribiendo la m\u00fasica de un \u00e1lbum. Es m\u00e1s bien una vuelta a los \u00abor\u00edgenes\u00bb, probablemente se podr\u00eda describir como una mezcla entre los dos \u00faltimos \u00e1lbumes que hicimos con Anders (&#8216;Slaughter of the Soul&#8217; y &#8216;At War with Reality&#8217;). \u00a1Espero que lo disfrut\u00e9is!\u00bb.<\/p>\n","protected":false},"excerpt":{"rendered":"El cantante de At The Gates, el ic\u00f3nico Tomas Lindberg alias &#8216;Tompa&#8217;, ha fallecido a los 52 a\u00f1os&hellip;\n","protected":false},"author":2,"featured_media":119157,"comment_status":"","ping_status":"","sticky":false,"template":"","format":"standard","meta":{"footnotes":""},"categories":[170],"tags":[988,146,147,25,24,5824,9412,15228,39531,3963,8938,184,185,23,3498,14885],"class_list":{"0":"post-119156","1":"post","2":"type-post","3":"status-publish","4":"format-standard","5":"has-post-thumbnail","7":"category-musica","8":"tag-anos","9":"tag-entertainment","10":"tag-entretenimiento","11":"tag-es","12":"tag-espana","13":"tag-europeo","14":"tag-gates","15":"tag-icono","16":"tag-lindberg","17":"tag-metal","18":"tag-muere","19":"tag-music","20":"tag-musica","21":"tag-spain","22":"tag-the","23":"tag-thomas"},"share_on_mastodon":{"url":"","error":""},"_links":{"self":[{"href":"https:\/\/www.europesays.com\/es\/wp-json\/wp\/v2\/posts\/119156","targetHints":{"allow":["GET"]}}],"collection":[{"href":"https:\/\/www.europesays.com\/es\/wp-json\/wp\/v2\/posts"}],"about":[{"href":"https:\/\/www.europesays.com\/es\/wp-json\/wp\/v2\/types\/post"}],"author":[{"embeddable":true,"href":"https:\/\/www.europesays.com\/es\/wp-json\/wp\/v2\/users\/2"}],"replies":[{"embeddable":true,"href":"https:\/\/www.europesays.com\/es\/wp-json\/wp\/v2\/comments?post=119156"}],"version-history":[{"count":0,"href":"https:\/\/www.europesays.com\/es\/wp-json\/wp\/v2\/posts\/119156\/revisions"}],"wp:featuredmedia":[{"embeddable":true,"href":"https:\/\/www.europesays.com\/es\/wp-json\/wp\/v2\/media\/119157"}],"wp:attachment":[{"href":"https:\/\/www.europesays.com\/es\/wp-json\/wp\/v2\/media?parent=119156"}],"wp:term":[{"taxonomy":"category","embeddable":true,"href":"https:\/\/www.europesays.com\/es\/wp-json\/wp\/v2\/categories?post=119156"},{"taxonomy":"post_tag","embeddable":true,"href":"https:\/\/www.europesays.com\/es\/wp-json\/wp\/v2\/tags?post=119156"}],"curies":[{"name":"wp","href":"https:\/\/api.w.org\/{rel}","templated":true}]}}