{"id":119168,"date":"2025-09-16T17:19:08","date_gmt":"2025-09-16T17:19:08","guid":{"rendered":"https:\/\/www.europesays.com\/es\/119168\/"},"modified":"2025-09-16T17:19:08","modified_gmt":"2025-09-16T17:19:08","slug":"bancos-y-aseguradoras-caen-antes-decision-reserva-federal","status":"publish","type":"post","link":"https:\/\/www.europesays.com\/es\/119168\/","title":{"rendered":"bancos y aseguradoras caen antes decisi\u00f3n Reserva Federal"},"content":{"rendered":"\n<p class=\"yf-1090901\">Por Tristan Veyet y Johann M Cherian<\/p>\n<p class=\"yf-1090901\">16 sep (Reuters) &#8211; Las bolsas europeas cayeron m\u00e1s de un 1% el martes, arrastradas por los sectores sensibles a las tasas, ante la cautela de los inversores antes de la esperada decisi\u00f3n de pol\u00edtica monetaria de la Reserva Federal el mi\u00e9rcoles.<\/p>\n<p class=\"yf-1090901\">* El \u00edndice paneuropeo STOXX 600 cerr\u00f3 con una ca\u00edda del 1,15%, a 550,73 puntos, su m\u00ednimo en una semana. Los sectores financiero, bancario y de seguros registraron p\u00e9rdidas de entre el 2% y el 2,1%.<\/p>\n<p class=\"yf-1090901\">* El DAX alem\u00e1n, el CAC 40 franc\u00e9s y el FTSE 100 brit\u00e1nico tambi\u00e9n sufrieron fuertes p\u00e9rdidas.<\/p>\n<p class=\"yf-1090901\">* El mercado espera que la reuni\u00f3n de dos d\u00edas de la Fed concluya con un recorte de las tasas de inter\u00e9s de 25 puntos b\u00e1sicos el mi\u00e9rcoles, lo que podr\u00eda suponer la primera baja del a\u00f1o tras los indicios de debilidad del mercado laboral estadounidense. Algunos operadores ven incluso la posibilidad de un recorte de 50 puntos b\u00e1sicos.<\/p>\n<p class=\"yf-1090901\">* \u00abSi la Fed recorta 50 puntos b\u00e1sicos, se podr\u00eda interpretar que las cosas est\u00e1n peor de lo que pens\u00e1bamos, que el mercado laboral se est\u00e1 ralentizando o que est\u00e1 ocurriendo algo con las cifras econ\u00f3micas que no estamos viendo\u00bb, dijo Rebecca Chesworth, estratega de renta variable de State Street Investment Management.<\/p>\n<p class=\"yf-1090901\">* \u00abEso podr\u00eda interpretarse de cualquier manera, porque estamos en un mercado que puede cambiar muy r\u00e1pidamente\u00bb, dijo.<\/p>\n<p class=\"yf-1090901\">* La decisi\u00f3n tambi\u00e9n llega en un momento en que los inversores han estado preocupados por la interferencia pol\u00edtica en la independencia del banco central estadounidense.<\/p>\n<p class=\"yf-1090901\">* El nominado por el presidente de Estados Unidos, <a href=\"https:\/\/www.yahoo.com\/people\/donald-trump\/\" data-ylk=\"slk:Donald Trump;elm:context_link;itc:0;sec:content-canvas\" class=\"link \" rel=\"nofollow noopener\" target=\"_blank\">Donald Trump<\/a>, Stephen Miran, jur\u00f3 su cargo en la Junta de Gobernadores de la Fed el martes, mientras que Lisa Cook tambi\u00e9n asistir\u00e1 a la reuni\u00f3n, ya que un tribunal de apelaciones bloque\u00f3 los esfuerzos del republicano para despedirla.<\/p>\n<p class=\"yf-1090901\">* \u00abEl mercado ahora est\u00e1 ciertamente a la espera no tanto de la decisi\u00f3n de tasas de inter\u00e9s de ma\u00f1ana, sino que estar\u00e1 buscando respuestas sobre la futura pol\u00edtica monetaria\u00bb, dijo Teeuwe Mevissen, economista senior de mercado de Rabobank.<\/p>\n<p class=\"yf-1090901\">* El \u00edndice del lujo subi\u00f3 un 0,2%, a pesar de que L&#8217;Or\u00e9al cay\u00f3 un 2,9% despu\u00e9s de que Jefferies rebajara la calificaci\u00f3n del gigante de la cosm\u00e9tica de \u00abmantener\u00bb a \u00abdesempe\u00f1o por debajo del mercado\u00bb.<\/p>\n<p class=\"yf-1090901\">* Thyssenkrupp gan\u00f3 un 4,3% despu\u00e9s de que el conglomerado alem\u00e1n recibiera una oferta no vinculante por su unidad sider\u00fargica de una divisi\u00f3n del conglomerado indio Naveen Jindal Group.<\/p>\n<p class=\"yf-1090901\">(Reporte de Tristan Veyet en Gdansk, Johann M Cherian en Bengaluru; Editado en espa\u00f1ol por Javier Leira)<\/p>\n","protected":false},"excerpt":{"rendered":"Por Tristan Veyet y Johann M Cherian 16 sep (Reuters) &#8211; Las bolsas europeas cayeron m\u00e1s de un&hellip;\n","protected":false},"author":2,"featured_media":119169,"comment_status":"","ping_status":"","sticky":false,"template":"","format":"standard","meta":{"footnotes":""},"categories":[80],"tags":[22546,82,95,94,25,24,37486,14279,23,26454,37485],"class_list":{"0":"post-119168","1":"post","2":"type-post","3":"status-publish","4":"format-standard","5":"has-post-thumbnail","7":"category-economia","8":"tag-bolsas-europeas","9":"tag-business","10":"tag-economia","11":"tag-economy","12":"tag-es","13":"tag-espana","14":"tag-johann-m-cherian","15":"tag-presidente-de-estados-unidos","16":"tag-spain","17":"tag-tasas-de-interes","18":"tag-tristan-veyet"},"share_on_mastodon":{"url":"","error":""},"_links":{"self":[{"href":"https:\/\/www.europesays.com\/es\/wp-json\/wp\/v2\/posts\/119168","targetHints":{"allow":["GET"]}}],"collection":[{"href":"https:\/\/www.europesays.com\/es\/wp-json\/wp\/v2\/posts"}],"about":[{"href":"https:\/\/www.europesays.com\/es\/wp-json\/wp\/v2\/types\/post"}],"author":[{"embeddable":true,"href":"https:\/\/www.europesays.com\/es\/wp-json\/wp\/v2\/users\/2"}],"replies":[{"embeddable":true,"href":"https:\/\/www.europesays.com\/es\/wp-json\/wp\/v2\/comments?post=119168"}],"version-history":[{"count":0,"href":"https:\/\/www.europesays.com\/es\/wp-json\/wp\/v2\/posts\/119168\/revisions"}],"wp:featuredmedia":[{"embeddable":true,"href":"https:\/\/www.europesays.com\/es\/wp-json\/wp\/v2\/media\/119169"}],"wp:attachment":[{"href":"https:\/\/www.europesays.com\/es\/wp-json\/wp\/v2\/media?parent=119168"}],"wp:term":[{"taxonomy":"category","embeddable":true,"href":"https:\/\/www.europesays.com\/es\/wp-json\/wp\/v2\/categories?post=119168"},{"taxonomy":"post_tag","embeddable":true,"href":"https:\/\/www.europesays.com\/es\/wp-json\/wp\/v2\/tags?post=119168"}],"curies":[{"name":"wp","href":"https:\/\/api.w.org\/{rel}","templated":true}]}}