{"id":119179,"date":"2025-09-16T17:30:10","date_gmt":"2025-09-16T17:30:10","guid":{"rendered":"https:\/\/www.europesays.com\/es\/119179\/"},"modified":"2025-09-16T17:30:10","modified_gmt":"2025-09-16T17:30:10","slug":"amazon-prime-video-se-estrena-en-la-cobertura-televisiva-del-masters","status":"publish","type":"post","link":"https:\/\/www.europesays.com\/es\/119179\/","title":{"rendered":"Amazon Prime Video se estrena en la cobertura televisiva del Masters"},"content":{"rendered":"<p>&#13;<br \/>\n        &#13;<br \/>\n&#13;<br \/>\n        &#13;<\/p>\n<p>            <a href=\"https:\/\/ten-golf.com\/wp-content\/uploads\/2025\/09\/G0-Rhl4XcAAqipH.jpg\" data-caption=\"Augusta National \u00a9 The Masters\" rel=\"nofollow noopener\" target=\"_blank\"><img decoding=\"async\" loading=\"lazy\" width=\"444\" height=\"444\" class=\"entry-thumb td-modal-image\" src=\"https:\/\/www.europesays.com\/es\/wp-content\/uploads\/2025\/09\/G0-Rhl4XcAAqipH-444x444.jpg\"   alt=\"Augusta National \u00a9 The Masters\" title=\"Augusta National \u00a9 The Masters\"\/><\/a>Augusta National \u00a9 The Masters<\/p>\n<p data-start=\"170\" data-end=\"504\">El Masters de Augusta sumar\u00e1 un nuevo socio en su hist\u00f3rica cobertura televisiva. <strong>Fred Ridley<\/strong>, presidente del <strong>Augusta National Golf Club<\/strong> y del <strong>Masters Tournament<\/strong>, anunci\u00f3 que <strong data-start=\"345\" data-end=\"435\">Amazon Prime Video <\/strong>debutar\u00e1 en la cobertura nacional del torneo a partir de abril de 2026, complementando la retransmisi\u00f3n tradicional de <strong>CBS<\/strong> <strong>Sports<\/strong> y ESPN<strong>.<\/strong><\/p>\n<p data-start=\"506\" data-end=\"929\">\u00abTrabajar junto a <strong>Amazon<\/strong>\u00a0es una oportunidad emocionante para el <strong>Masters<\/strong> y sus aficionados\u00bb, se\u00f1al\u00f3 <strong>Ridley<\/strong> en el comunicado emitido hoy por el club. \u00abEstamos orgullosos de nuestras alianzas hist\u00f3ricas con <strong>CBS Sports<\/strong> y <strong>ESPN<\/strong>, que han marcado el est\u00e1ndar m\u00e1s alto en la cobertura del <strong>Masters<\/strong>. La incorporaci\u00f3n de <strong>Amazon<\/strong> solo reforzar\u00e1 nuestra capacidad de ampliar y mejorar la forma en que el torneo es presentado y disfrutado\u00bb.<\/p>\n<p data-start=\"931\" data-end=\"1263\">El acuerdo contempla que <strong>Prime Video<\/strong> ofrezca <strong data-start=\"977\" data-end=\"1026\">dos horas adicionales de cobertura en directo<\/strong> durante las dos primeras jornadas del torneo. Concretamente, el jueves 9 y el viernes 10 de abril de 2026 se podr\u00e1 seguir el <strong>Masters<\/strong> en <strong>Prime Video<\/strong> de 13:00 a 15:00 horas (horario de la Costa Este estadounidense), justo antes de la emisi\u00f3n de <strong>ESPN<\/strong> (15:00 a 19:30 horas).<\/p>\n<p><img fetchpriority=\"high\" decoding=\"async\" class=\"size-full wp-image-209299\" src=\"https:\/\/www.europesays.com\/es\/wp-content\/uploads\/2025\/09\/G0-RE9IWsAAe6uO.jpeg\" alt=\"Augusta National \u00a9 The Masters\" width=\"1638\" height=\"2048\"  \/>Augusta National \u00a9 The Masters<\/p>\n<p data-start=\"1265\" data-end=\"1514\">Por su parte, <strong>CBS<\/strong> mantendr\u00e1 la cobertura principal del fin de semana, retransmitiendo en directo el s\u00e1bado 11 y domingo 12 de abril de 14:00 a 19:00 horas. Antes, entre las 12:00 y las 14:00 horas, habr\u00e1 se\u00f1al en directo a trav\u00e9s de <strong>Paramount+<\/strong>.<\/p>\n<p data-start=\"1516\" data-end=\"1704\">Los responsables del torneo confirmaron que se anunciar\u00e1n m\u00e1s detalles de programaci\u00f3n y formatos adicionales en los meses previos al <strong>Masters<\/strong> 2026, que se disputar\u00e1 del 6 al 12 de abril.<\/p>\n<p>        &#13;<br \/>\n&#13;<br \/>\n        &#13;<br \/>\n            &#13;<br \/>\n            &#13;<br \/>\n&#13;<\/p>\n<p class=\"join-telegram\"><img decoding=\"async\" class=\"loading\" src=\"https:\/\/www.europesays.com\/es\/wp-content\/uploads\/2025\/09\/telegram-icon.png\" alt=\"\"\/> S\u00edguenos tambi\u00e9n en <a href=\"https:\/\/telegram.org\/\" target=\"_blank\" style=\"font-weight: normal;\" rel=\"nofollow noopener\">Telegram<\/a> en el canal <a href=\"https:\/\/t.me\/tengolf\" target=\"_blank\" rel=\"nofollow\">@tengolf<\/a><\/p>\n<p>        &#13;<br \/>\n        <a class=\"will-load\" name=\"end-article\" data-id=\"post-209297\"\/>&#13;<\/p>\n","protected":false},"excerpt":{"rendered":"&#13; &#13; &#13; &#13; Augusta National \u00a9 The Masters El Masters de Augusta sumar\u00e1 un nuevo socio en&hellip;\n","protected":false},"author":2,"featured_media":119180,"comment_status":"","ping_status":"","sticky":false,"template":"","format":"standard","meta":{"footnotes":""},"categories":[275],"tags":[912,168,25,24,329,28936,336,339,340,1909,1910,13086,23,167,28937],"class_list":{"0":"post-119179","1":"post","2":"type-post","3":"status-publish","4":"format-standard","5":"has-post-thumbnail","7":"category-golf","8":"tag-amazon","9":"tag-deportes","10":"tag-es","11":"tag-espana","12":"tag-golf","13":"tag-masters-of-augusta","14":"tag-notificacion","15":"tag-portada-america","16":"tag-portada-global","17":"tag-portada-top","18":"tag-portada-top-america","19":"tag-prime-video","20":"tag-spain","21":"tag-sports","22":"tag-the-masters-tournament"},"share_on_mastodon":{"url":"","error":""},"_links":{"self":[{"href":"https:\/\/www.europesays.com\/es\/wp-json\/wp\/v2\/posts\/119179","targetHints":{"allow":["GET"]}}],"collection":[{"href":"https:\/\/www.europesays.com\/es\/wp-json\/wp\/v2\/posts"}],"about":[{"href":"https:\/\/www.europesays.com\/es\/wp-json\/wp\/v2\/types\/post"}],"author":[{"embeddable":true,"href":"https:\/\/www.europesays.com\/es\/wp-json\/wp\/v2\/users\/2"}],"replies":[{"embeddable":true,"href":"https:\/\/www.europesays.com\/es\/wp-json\/wp\/v2\/comments?post=119179"}],"version-history":[{"count":0,"href":"https:\/\/www.europesays.com\/es\/wp-json\/wp\/v2\/posts\/119179\/revisions"}],"wp:featuredmedia":[{"embeddable":true,"href":"https:\/\/www.europesays.com\/es\/wp-json\/wp\/v2\/media\/119180"}],"wp:attachment":[{"href":"https:\/\/www.europesays.com\/es\/wp-json\/wp\/v2\/media?parent=119179"}],"wp:term":[{"taxonomy":"category","embeddable":true,"href":"https:\/\/www.europesays.com\/es\/wp-json\/wp\/v2\/categories?post=119179"},{"taxonomy":"post_tag","embeddable":true,"href":"https:\/\/www.europesays.com\/es\/wp-json\/wp\/v2\/tags?post=119179"}],"curies":[{"name":"wp","href":"https:\/\/api.w.org\/{rel}","templated":true}]}}