{"id":119193,"date":"2025-09-16T17:37:12","date_gmt":"2025-09-16T17:37:12","guid":{"rendered":"https:\/\/www.europesays.com\/es\/119193\/"},"modified":"2025-09-16T17:37:12","modified_gmt":"2025-09-16T17:37:12","slug":"dominga-nicolasnicolas-archdaily-en-espanol","status":"publish","type":"post","link":"https:\/\/www.europesays.com\/es\/119193\/","title":{"rendered":"Dominga \/ nicolas&#038;nicolas | ArchDaily en Espa\u00f1ol"},"content":{"rendered":"<p><a class=\"js-image-size__link \" href=\"https:\/\/www.archdaily.cl\/cl\/1034099\/dominga-nicolas-and-nicolas\/68c5fc41d84f6b63a0609742-dominga-nicolas-and-nicolas-foto\" rel=\"attachment nofollow noopener\" style=\"width: 100%; height: 100%;\" target=\"_blank\"><img decoding=\"async\" alt=\"Dominga \/ nicolas&amp;nicolas - Imagen 1 de 31\" data-nr-picture-id=\"68c5fc41d84f6b63a0609742\" fetchpriority=\"high\" height=\"426\" itemprop=\"image\" loading=\"eager\" longdesc=\"https:\/\/www.archdaily.cl\/cl\/1034099\/dominga-nicolas-and-nicolas\/68c5fc41d84f6b63a0609742-dominga-nicolas-and-nicolas-foto\" src=\"https:\/\/www.europesays.com\/es\/wp-content\/uploads\/2025\/09\/dominga-nicolas-and-nicolas_22.jpg\" style=\"min-height: var(--featured-height, auto); aspect-ratio: auto 640 \/ 426\" width=\"640\"\/><\/a>\u00a9 JAG Studio<\/p>\n<p class=\"thumbs afd-desktop-e clearfix\"><a class=\"thumbs__link\" data-nr-picture-id=\"68c5fc418791b773ec1703dc\" href=\"https:\/\/www.archdaily.cl\/cl\/1034099\/dominga-nicolas-and-nicolas\/68c5fc418791b773ec1703dc-dominga-nicolas-and-nicolas-foto\" rel=\"attachment nofollow noopener\" target=\"_blank\"><img loading=\"lazy\" decoding=\"async\" alt=\"Dominga \/ nicolas&amp;nicolas - Imagen 2 de 31\" class=\"thumbs__img b-lazy\" data-nr-picture-id=\"68c5fc418791b773ec1703dc\" data-pin-nopin=\"true\" src=\"https:\/\/www.europesays.com\/es\/wp-content\/uploads\/2025\/09\/dominga-nicolas-and-nicolas_26.jpg\" height=\"125\" longdesc=\"https:\/\/www.archdaily.cl\/cl\/1034099\/dominga-nicolas-and-nicolas\/68c5fc418791b773ec1703dc-dominga-nicolas-and-nicolas-foto\" title=\"\u00a9 JAG Studio\" width=\"125\"\/><\/a><a class=\"thumbs__link\" data-nr-picture-id=\"68c5fc418791b773ec1703db\" href=\"https:\/\/www.archdaily.cl\/cl\/1034099\/dominga-nicolas-and-nicolas\/68c5fc418791b773ec1703db-dominga-nicolas-and-nicolas-foto\" rel=\"attachment nofollow noopener\" target=\"_blank\"><img loading=\"lazy\" decoding=\"async\" alt=\"Dominga \/ nicolas&amp;nicolas - Fotograf\u00eda interior, Cocina, Encimera, Madera, Iluminaci\u00f3n\" class=\"thumbs__img b-lazy\" data-nr-picture-id=\"68c5fc418791b773ec1703db\" data-pin-nopin=\"true\" src=\"https:\/\/www.europesays.com\/es\/wp-content\/uploads\/2025\/09\/dominga-nicolas-and-nicolas_30.jpg\" height=\"125\" longdesc=\"https:\/\/www.archdaily.cl\/cl\/1034099\/dominga-nicolas-and-nicolas\/68c5fc418791b773ec1703db-dominga-nicolas-and-nicolas-foto\" title=\"\u00a9 JAG Studio\" width=\"125\"\/><\/a><a class=\"thumbs__link\" data-nr-picture-id=\"68c5fc41d84f6b63a0609744\" href=\"https:\/\/www.archdaily.cl\/cl\/1034099\/dominga-nicolas-and-nicolas\/68c5fc41d84f6b63a0609744-dominga-nicolas-and-nicolas-foto\" rel=\"attachment nofollow noopener\" target=\"_blank\"><img loading=\"lazy\" decoding=\"async\" alt=\"Dominga \/ nicolas&amp;nicolas - Imagen 4 de 31\" class=\"thumbs__img b-lazy\" data-nr-picture-id=\"68c5fc41d84f6b63a0609744\" data-pin-nopin=\"true\" src=\"https:\/\/www.europesays.com\/es\/wp-content\/uploads\/2025\/09\/dominga-nicolas-and-nicolas_32.jpg\" height=\"125\" longdesc=\"https:\/\/www.archdaily.cl\/cl\/1034099\/dominga-nicolas-and-nicolas\/68c5fc41d84f6b63a0609744-dominga-nicolas-and-nicolas-foto\" title=\"\u00a9 JAG Studio\" width=\"125\"\/><\/a><a class=\"thumbs__link\" data-nr-picture-id=\"68c5fc408791b773ec1703d9\" href=\"https:\/\/www.archdaily.cl\/cl\/1034099\/dominga-nicolas-and-nicolas\/68c5fc408791b773ec1703d9-dominga-nicolas-and-nicolas-foto\" rel=\"attachment nofollow noopener\" target=\"_blank\"><img loading=\"lazy\" decoding=\"async\" alt=\"Dominga \/ nicolas&amp;nicolas - Imagen 5 de 31\" class=\"thumbs__img b-lazy\" data-nr-picture-id=\"68c5fc408791b773ec1703d9\" data-pin-nopin=\"true\" src=\"https:\/\/www.europesays.com\/es\/wp-content\/uploads\/2025\/09\/dominga-nicolas-and-nicolas_37.jpg\" height=\"125\" longdesc=\"https:\/\/www.archdaily.cl\/cl\/1034099\/dominga-nicolas-and-nicolas\/68c5fc408791b773ec1703d9-dominga-nicolas-and-nicolas-foto\" title=\"\u00a9 JAG Studio\" width=\"125\"\/><\/a><a class=\"gallery-link afd-desktop-e\" href=\"https:\/\/www.archdaily.cl\/cl\/1034099\/dominga-nicolas-and-nicolas\/68c5fc41d84f6b63a0609742-dominga-nicolas-and-nicolas-foto\" rel=\"nofollow noopener\" target=\"_blank\"><img decoding=\"async\" alt=\"Dominga \/ nicolas&amp;nicolas - M\u00e1s Im\u00e1genes\" class=\"thumbs__img b-lazy\" src=\"https:\/\/www.europesays.com\/es\/wp-content\/uploads\/2025\/09\/dominga-nicolas-and-nicolas_22.jpg\" itemprop=\"image\" bad-src=\"data:image\/gif;base64,R0lGODlhAQABAIAAAAUEBAAAACwAAAAAAQABAAACAkQBADs=\"\/>+ 26<\/a><\/p>\n<p>    Compartir<\/p>\n<p>Compartir<\/p>\n<ul class=\"afd-share__networks clearfix\">\n<li class=\"afd-share__social\"><a aria-label=\"Facebook\" class=\"afd-share__button\" data-insights-category=\"share\" data-insights-label=\"facebook_sharing_options\" data-insights-value=\"1034099\" data-social=\"facebook\" href=\"https:\/\/www.facebook.com\/sharer\/sharer.php?u=https:\/\/www.archdaily.cl\/cl\/1034099\/dominga-nicolas-and-nicolas\" rel=\"nofollow noopener\" target=\"_blank\"><\/a>\n<p>Facebook<\/p>\n<\/li>\n<li class=\"afd-share__social\"><a aria-label=\"Twitter\" class=\"afd-share__button\" data-insights-category=\"share\" data-insights-label=\"twitter_sharing_options\" data-insights-value=\"1034099\" data-social=\"twitter\" href=\"https:\/\/twitter.com\/intent\/tweet?text=Dominga%20%2F%20nicolas%26nicolas&amp;url=https:\/\/www.archdaily.cl\/cl\/1034099\/dominga-nicolas-and-nicolas&amp;via=parq\" rel=\"nofollow noopener\" target=\"_blank\"><\/a>\n<p>Twitter<\/p>\n<\/li>\n<li class=\"afd-share__social\"><a class=\"afd-share__button\" data-insights-category=\"share\" data-insights-label=\"email_sharing_options\" data-insights-value=\"1034099\" data-social=\"email\" href=\"mailto:?subject=Dominga \/ nicolas&amp;nicolas&amp;body=https:\/\/www.archdaily.cl\/cl\/1034099\/dominga-nicolas-and-nicolas\"><\/a>\n<p>Mail<\/p>\n<\/li>\n<li class=\"afd-share__social\"><a aria-label=\"Pinterest\" class=\"afd-share__button\" data-insights-category=\"share\" data-insights-label=\"pinterest_sharing_options\" data-insights-value=\"1034099\" data-social=\"pinterest\" href=\"https:\/\/pinterest.com\/pin\/create\/button\/?url=https%3A%2F%2Fwww.archdaily.cl%2Fcl%2F1034099%2Fdominga-nicolas-and-nicolas&amp;media=https%3A%2F%2Fimages.adsttc.com%2Fmedia%2Fimages%2F68c5%2Ffc41%2Fd84f%2F6b63%2Fa060%2F9742%2Flarge_jpg%2Fdominga-nicolas-and-nicolas_22.jpg%3F1757805653&amp;description=Dominga%20%2F%20nicolas%26nicolas\" rel=\"nofollow noopener\" target=\"_blank\"><\/a>\n<p>Pinterest<\/p>\n<\/li>\n<li class=\"afd-share__social\"><a aria-label=\"Whatsapp\" class=\"afd-share__button\" data-action=\"share\/whatsapp\/share\" data-insights-category=\"share\" data-insights-label=\"whatsapp_sharing_options\" data-insights-value=\"1034099\" data-social=\"whatsapp\" href=\"whatsapp:\/\/send?text=Dominga+%2F+nicolas%26nicolas+%7C+https%3A%2F%2Fwww.archdaily.cl%2Fcl%2F1034099%2Fdominga-nicolas-and-nicolas%3Futm_source%3DWhatsapp%26utm_medium%3DIM%26utm_campaign%3Dshare-button\" rel=\"nofollow\"><\/a>\n<p>Whatsapp<\/p>\n<\/li>\n<\/ul>\n<p>O<\/p>\n<p>https:\/\/www.archdaily.cl\/cl\/1034099\/dominga-nicolas-and-nicolas<\/p>\n<p>  Portapapeles<\/p>\n<p>              \u00abCOPY\u00bb<\/p>\n<p>Copiar<\/p>\n<ul class=\"afd-char-list afd-specs__item-container js-char-list\">\n<li class=\"afd-specs__item\">\n<\/li>\n<li class=\"afd-specs__item\">\n  \u00c1rea<br \/>\n  \u00c1rea del proyecto de arquitectura <\/p>\n<p>\u00c1rea:\u00a0<br \/>\n        <a href=\"https:\/\/www.archdaily.cl\/search\/cl\/projects\/min_area\/360\/max_area\/540?ad_name=project-specs&amp;ad_medium=single\" rel=\"nofollow noopener\" target=\"_blank\">450<\/a> m\u00b2<\/li>\n<li class=\"afd-specs__item\">\n<p>  A\u00f1o<br \/>\n  A\u00f1o del Proyecto de arquitectura<\/p>\n<p>            A\u00f1o:\u00a0<\/p>\n<p>                    <a href=\"https:\/\/www.archdaily.cl\/search\/cl\/projects\/year\/2025?ad_name=project-specs&amp;ad_medium=single\" rel=\"nofollow noopener\" target=\"_blank\"><br \/>\n          2025<br \/>\n        <\/a><\/p>\n<\/li>\n<li class=\"afd-specs__item\">\n<p>  Fot\u00f3grafos<\/p>\n<\/li>\n<\/ul>\n<p><a class=\"js-image-size__link lazy-anchor\" href=\"https:\/\/www.archdaily.cl\/cl\/1034099\/dominga-nicolas-and-nicolas\/68c5fc40d84f6b63a060973e-dominga-nicolas-and-nicolas-foto\" rel=\"nofollow noopener\" target=\"_blank\"><img decoding=\"async\" alt=\"Dominga \/ nicolas&amp;nicolas - Imagen 7 de 31\" data-nr-picture-id=\"68c5fc40d84f6b63a060973e\" height=\"427\" itemprop=\"image\" loading=\"lazy\" longdesc=\"https:\/\/www.archdaily.cl\/cl\/1034099\/dominga-nicolas-and-nicolas\/68c5fc40d84f6b63a060973e-dominga-nicolas-and-nicolas-foto\" src=\"https:\/\/www.europesays.com\/es\/wp-content\/uploads\/2025\/09\/dominga-nicolas-and-nicolas_28.jpg\" width=\"640\"\/>\u00a9 JAG Studio<\/a><\/p>\n<p>Descripci\u00f3n enviada por el equipo del proyecto. Dominga est\u00e1 emplazada en un fraccionamiento de tierra de 1000m2, t\u00edpico del desarrollo inmobiliario actual en la zona de <a href=\"https:\/\/www.archdaily.cl\/cl\/tag\/puembo\" rel=\"nofollow noopener\" target=\"_blank\">Puembo<\/a> a las afueras de Quito. Este lugar, que hace aproximadamente 20 a\u00f1os todav\u00eda no sufr\u00eda de la saturaci\u00f3n actual, era conocido por su naturaleza suburbana, muros de tapial y artesanos que fabricaban ladrillos de arcilla cocidos en hornos artesanales, elementos que poco a poco han ido desapareciendo a ra\u00edz del crecimiento urbano. Un contexto que desde una perspectiva hist\u00f3rica, tiene mucho que recordar.<\/p>\n<p><a class=\"js-image-size__link lazy-anchor\" href=\"https:\/\/www.archdaily.cl\/cl\/1034099\/dominga-nicolas-and-nicolas\/68c5fc41d84f6b63a0609744-dominga-nicolas-and-nicolas-foto\" rel=\"nofollow noopener\" target=\"_blank\"><img decoding=\"async\" alt=\"Dominga \/ nicolas&amp;nicolas - Imagen 4 de 31\" data-nr-picture-id=\"68c5fc41d84f6b63a0609744\" height=\"427\" itemprop=\"image\" loading=\"lazy\" longdesc=\"https:\/\/www.archdaily.cl\/cl\/1034099\/dominga-nicolas-and-nicolas\/68c5fc41d84f6b63a0609744-dominga-nicolas-and-nicolas-foto\" src=\"https:\/\/www.europesays.com\/es\/wp-content\/uploads\/2025\/09\/1758044230_623_dominga-nicolas-and-nicolas_32.jpg\" width=\"640\"\/>\u00a9 JAG Studio<\/a><\/p>\n<p>El requerimiento del cliente fue hacer una vivienda con 3 habitaciones y todos los espacios complementarios necesarios para su buen funcionamiento. Nada fuera de lo com\u00fan. Las particularidades del proyecto arquitect\u00f3nico fueron por un lado llevar a cabo la exploraci\u00f3n del dise\u00f1o desde una mirada de territorio y darle valor a todo lo que est\u00e1 en un proceso de extinci\u00f3n; y por otro, entender el proyecto desde la intimidad de los pr\u00f3ximos habitantes de la casa y la historia de su vida.<\/p>\n<p><a class=\"js-image-size__link lazy-anchor\" href=\"https:\/\/www.archdaily.cl\/cl\/1034099\/dominga-nicolas-and-nicolas\/68c5fc40d84f6b63a060973d-dominga-nicolas-and-nicolas-foto\" rel=\"nofollow noopener\" target=\"_blank\"><img decoding=\"async\" alt=\"Dominga \/ nicolas&amp;nicolas - Fotograf\u00eda exterior, Balc\u00f3n, Patio interior\" data-nr-picture-id=\"68c5fc40d84f6b63a060973d\" height=\"427\" itemprop=\"image\" loading=\"lazy\" longdesc=\"https:\/\/www.archdaily.cl\/cl\/1034099\/dominga-nicolas-and-nicolas\/68c5fc40d84f6b63a060973d-dominga-nicolas-and-nicolas-foto\" src=\"https:\/\/www.europesays.com\/es\/wp-content\/uploads\/2025\/09\/dominga-nicolas-and-nicolas_25.jpg\" width=\"640\"\/>\u00a9 JAG Studio<\/a><a class=\"js-image-size__link lazy-anchor\" href=\"https:\/\/www.archdaily.cl\/cl\/1034099\/dominga-nicolas-and-nicolas\/68c5fc41d84f6b63a0609741-dominga-nicolas-and-nicolas-foto\" rel=\"nofollow noopener\" target=\"_blank\"><img decoding=\"async\" alt=\"Dominga \/ nicolas&amp;nicolas - Imagen 9 de 31\" data-nr-picture-id=\"68c5fc41d84f6b63a0609741\" height=\"427\" itemprop=\"image\" loading=\"lazy\" longdesc=\"https:\/\/www.archdaily.cl\/cl\/1034099\/dominga-nicolas-and-nicolas\/68c5fc41d84f6b63a0609741-dominga-nicolas-and-nicolas-foto\" src=\"https:\/\/www.europesays.com\/es\/wp-content\/uploads\/2025\/09\/dominga-nicolas-and-nicolas_23.jpg\" width=\"640\"\/>\u00a9 JAG Studio<\/a><\/p>\n<p>Dominga fue proyectada para ser el refugio de una familia reci\u00e9n formada y con una tercera integrante en camino. Sin embargo, abuela materna, madre y otros integrantes de la familia fueron participes del proceso en diferentes etapas, <strong>haciendo de este un proyecto con una memoria familiar importante.<\/strong><\/p>\n<p><a class=\"js-image-size__link lazy-anchor\" href=\"https:\/\/www.archdaily.cl\/cl\/1034099\/dominga-nicolas-and-nicolas\/68c48aafd84f6b63a06096a2-dominga-nicolas-and-nicolas-planta-baja\" rel=\"nofollow noopener\" target=\"_blank\"><img decoding=\"async\" alt=\"Dominga \/ nicolas&amp;nicolas - Imagen 21 de 31\" data-nr-picture-id=\"68c48aafd84f6b63a06096a2\" height=\"427\" itemprop=\"image\" loading=\"lazy\" longdesc=\"https:\/\/www.archdaily.cl\/cl\/1034099\/dominga-nicolas-and-nicolas\/68c48aafd84f6b63a06096a2-dominga-nicolas-and-nicolas-planta-baja\" src=\"https:\/\/www.europesays.com\/es\/wp-content\/uploads\/2025\/09\/a-planta-baja-7.jpg\" width=\"640\"\/>Planta Baja<\/a><a class=\"js-image-size__link lazy-anchor\" href=\"https:\/\/www.archdaily.cl\/cl\/1034099\/dominga-nicolas-and-nicolas\/68c48aaed84f6b63a060969e-dominga-nicolas-and-nicolas-planta-alta\" rel=\"nofollow noopener\" target=\"_blank\"><img decoding=\"async\" alt=\"Dominga \/ nicolas&amp;nicolas - Imagen 22 de 31\" data-nr-picture-id=\"68c48aaed84f6b63a060969e\" height=\"427\" itemprop=\"image\" loading=\"lazy\" longdesc=\"https:\/\/www.archdaily.cl\/cl\/1034099\/dominga-nicolas-and-nicolas\/68c48aaed84f6b63a060969e-dominga-nicolas-and-nicolas-planta-alta\" src=\"https:\/\/www.europesays.com\/es\/wp-content\/uploads\/2025\/09\/a-planta-alta-6.jpg\" width=\"640\"\/>Planta Alta<\/a><\/p>\n<p>Esta casa <strong>es ante todo una exploraci\u00f3n de sistemas constructivos tradicionales que se contraponen con los contempor\u00e1neos. Una b\u00fasqueda de lo actual mirando hacia el pasado, creando un paralelismo con la historia familiar de sus due\u00f1os<\/strong>. Su composici\u00f3n espacial y volum\u00e9trica est\u00e1 tambi\u00e9n llena de contrastes. Vol\u00famenes ciegos y altos de arcilla que se asemejan a nuestra arquitectura andina tradicional y a los hornos de ladrillos que est\u00e1n desapareciendo en el contexto inmediato y son tan representativos de la zona, mientras que un anillo perimetral que abraza todo el interior y el paisaje, es una estructura ultraligera en voladizo fabricada en sistemas contempor\u00e1neos de construcci\u00f3n, muy t\u00edpica de la actualidad.<\/p>\n<p><a class=\"js-image-size__link lazy-anchor\" href=\"https:\/\/www.archdaily.cl\/cl\/1034099\/dominga-nicolas-and-nicolas\/68c5fc418791b773ec1703db-dominga-nicolas-and-nicolas-foto\" rel=\"nofollow noopener\" target=\"_blank\"><img decoding=\"async\" alt=\"Dominga \/ nicolas&amp;nicolas - Fotograf\u00eda interior, Cocina, Encimera, Madera, Iluminaci\u00f3n\" data-nr-picture-id=\"68c5fc418791b773ec1703db\" height=\"427\" itemprop=\"image\" loading=\"lazy\" longdesc=\"https:\/\/www.archdaily.cl\/cl\/1034099\/dominga-nicolas-and-nicolas\/68c5fc418791b773ec1703db-dominga-nicolas-and-nicolas-foto\" src=\"https:\/\/www.europesays.com\/es\/wp-content\/uploads\/2025\/09\/1758044231_75_dominga-nicolas-and-nicolas_30.jpg\" width=\"640\"\/>\u00a9 JAG Studio<\/a><\/p>\n<p>Es justamente la composici\u00f3n volum\u00e9trica la que se convierte en una alegor\u00eda de la formaci\u00f3n de una nueva familia y su nuevo hogar. El anillo que gira alrededor de toda la casa y aglutina los diferentes espacios internos, representa la uni\u00f3n. Es un elemento suavizado de color blanco que brinda protecci\u00f3n visual y solar a los espacios internos y sus ocupantes. Los vol\u00famenes del segundo nivel construidos con una estructura de acero ligera, pero con un recubrimiento s\u00f3lido de ladrillos de arcilla cocidos y tejas artesanales, representan por otro lado, a los integrantes de la familia y su unicidad.<\/p>\n<p><a class=\"js-image-size__link lazy-anchor\" href=\"https:\/\/www.archdaily.cl\/cl\/1034099\/dominga-nicolas-and-nicolas\/68c48aafd84f6b63a06096a0-dominga-nicolas-and-nicolas-seccion-3\" rel=\"nofollow noopener\" target=\"_blank\"><img decoding=\"async\" alt=\"Dominga \/ nicolas&amp;nicolas - Imagen 26 de 31\" data-nr-picture-id=\"68c48aafd84f6b63a06096a0\" height=\"427\" itemprop=\"image\" loading=\"lazy\" longdesc=\"https:\/\/www.archdaily.cl\/cl\/1034099\/dominga-nicolas-and-nicolas\/68c48aafd84f6b63a06096a0-dominga-nicolas-and-nicolas-seccion-3\" src=\"https:\/\/www.europesays.com\/es\/wp-content\/uploads\/2025\/09\/a-seccion-3-11.jpg\" width=\"640\"\/>Secci\u00f3n 3<\/a><a class=\"js-image-size__link lazy-anchor\" href=\"https:\/\/www.archdaily.cl\/cl\/1034099\/dominga-nicolas-and-nicolas\/68c48aaed84f6b63a060969d-dominga-nicolas-and-nicolas-alzado-frontal\" rel=\"nofollow noopener\" target=\"_blank\"><img decoding=\"async\" alt=\"Dominga \/ nicolas&amp;nicolas - Imagen 27 de 31\" data-nr-picture-id=\"68c48aaed84f6b63a060969d\" height=\"427\" itemprop=\"image\" loading=\"lazy\" longdesc=\"https:\/\/www.archdaily.cl\/cl\/1034099\/dominga-nicolas-and-nicolas\/68c48aaed84f6b63a060969d-dominga-nicolas-and-nicolas-alzado-frontal\" src=\"https:\/\/www.europesays.com\/es\/wp-content\/uploads\/2025\/09\/a-alzado-frontal-2.jpg\" width=\"640\"\/>Alzado Frontal<\/a><\/p>\n<p>La materialidad es simple, pisos de hormig\u00f3n pulido, estructura de hormig\u00f3n en la planta baja y acero en el segundo piso. Muros de ladrillos de arcilla artesanales y tejas recicladas obtenidas de los artesanos locales que dispon\u00edan de lotes peque\u00f1os de material sin vender.<\/p>\n<p><a class=\"js-image-size__link lazy-anchor\" href=\"https:\/\/www.archdaily.cl\/cl\/1034099\/dominga-nicolas-and-nicolas\/68c5fc3fd84f6b63a060973a-dominga-nicolas-and-nicolas-foto\" rel=\"nofollow noopener\" target=\"_blank\"><img decoding=\"async\" alt=\"Dominga \/ nicolas&amp;nicolas - Imagen 16 de 31\" data-nr-picture-id=\"68c5fc3fd84f6b63a060973a\" height=\"427\" itemprop=\"image\" loading=\"lazy\" longdesc=\"https:\/\/www.archdaily.cl\/cl\/1034099\/dominga-nicolas-and-nicolas\/68c5fc3fd84f6b63a060973a-dominga-nicolas-and-nicolas-foto\" src=\"https:\/\/www.europesays.com\/es\/wp-content\/uploads\/2025\/09\/dominga-nicolas-and-nicolas_38.jpg\" width=\"640\"\/>\u00a9 JAG Studio<\/a><a class=\"js-image-size__link lazy-anchor\" href=\"https:\/\/www.archdaily.cl\/cl\/1034099\/dominga-nicolas-and-nicolas\/68c5fc408791b773ec1703d9-dominga-nicolas-and-nicolas-foto\" rel=\"nofollow noopener\" target=\"_blank\"><img decoding=\"async\" alt=\"Dominga \/ nicolas&amp;nicolas - Imagen 5 de 31\" data-nr-picture-id=\"68c5fc408791b773ec1703d9\" height=\"427\" itemprop=\"image\" loading=\"lazy\" longdesc=\"https:\/\/www.archdaily.cl\/cl\/1034099\/dominga-nicolas-and-nicolas\/68c5fc408791b773ec1703d9-dominga-nicolas-and-nicolas-foto\" src=\"https:\/\/www.europesays.com\/es\/wp-content\/uploads\/2025\/09\/1758044232_401_dominga-nicolas-and-nicolas_37.jpg\" width=\"640\"\/>\u00a9 JAG Studio<\/a><a class=\"js-image-size__link lazy-anchor\" href=\"https:\/\/www.archdaily.cl\/cl\/1034099\/dominga-nicolas-and-nicolas\/68c5fc41d84f6b63a0609743-dominga-nicolas-and-nicolas-foto\" rel=\"nofollow noopener\" target=\"_blank\"><img decoding=\"async\" alt=\"Dominga \/ nicolas&amp;nicolas - Fotograf\u00eda exterior\" data-nr-picture-id=\"68c5fc41d84f6b63a0609743\" height=\"427\" itemprop=\"image\" loading=\"lazy\" longdesc=\"https:\/\/www.archdaily.cl\/cl\/1034099\/dominga-nicolas-and-nicolas\/68c5fc41d84f6b63a0609743-dominga-nicolas-and-nicolas-foto\" src=\"https:\/\/www.europesays.com\/es\/wp-content\/uploads\/2025\/09\/dominga-nicolas-and-nicolas_31.jpg\" width=\"640\"\/>\u00a9 JAG Studio<\/a><\/p>\n<p>La casa Dominga es <strong>un homenaje a la memoria familiar y del lugar. Lo nuevo y lo preexistente<\/strong>, en un momento hist\u00f3rico en el que la cultura contempor\u00e1nea gira en torno a ideas globalizadas, nos hace bien en regresar a lo esencial.<\/p>\n<p><a class=\"js-image-size__link lazy-anchor\" href=\"https:\/\/www.archdaily.cl\/cl\/1034099\/dominga-nicolas-and-nicolas\/68c5fc40d84f6b63a060973c-dominga-nicolas-and-nicolas-foto\" rel=\"nofollow noopener\" target=\"_blank\"><img decoding=\"async\" alt=\"Dominga \/ nicolas&amp;nicolas - Fotograf\u00eda exterior\" data-nr-picture-id=\"68c5fc40d84f6b63a060973c\" height=\"427\" itemprop=\"image\" loading=\"lazy\" longdesc=\"https:\/\/www.archdaily.cl\/cl\/1034099\/dominga-nicolas-and-nicolas\/68c5fc40d84f6b63a060973c-dominga-nicolas-and-nicolas-foto\" src=\"https:\/\/www.europesays.com\/es\/wp-content\/uploads\/2025\/09\/dominga-nicolas-and-nicolas_27.jpg\" width=\"640\"\/>\u00a9 JAG Studio<\/a><script async src=\"https:\/\/platform.twitter.com\/widgets.js\" charset=\"utf-8\"><\/script><\/p>\n","protected":false},"excerpt":{"rendered":"\u00a9 JAG Studio + 26 Compartir Compartir Facebook Twitter Mail Pinterest Whatsapp O https:\/\/www.archdaily.cl\/cl\/1034099\/dominga-nicolas-and-nicolas Portapapeles \u00abCOPY\u00bb Copiar \u00c1rea&hellip;\n","protected":false},"author":2,"featured_media":119194,"comment_status":"","ping_status":"","sticky":false,"template":"","format":"standard","meta":{"footnotes":""},"categories":[173],"tags":[801,802,229,233,231,230,3738,232,234,146,147,25,24,39536,23],"class_list":{"0":"post-119193","1":"post","2":"type-post","3":"status-publish","4":"format-standard","5":"has-post-thumbnail","7":"category-arte-y-diseno","8":"tag-arquitectura","9":"tag-arquitectura-residencial","10":"tag-arte","11":"tag-arte-y-diseno","12":"tag-arts","13":"tag-arts-and-design","14":"tag-casas","15":"tag-design","16":"tag-diseno","17":"tag-entertainment","18":"tag-entretenimiento","19":"tag-es","20":"tag-espana","21":"tag-puembo","22":"tag-spain"},"share_on_mastodon":{"url":"","error":""},"_links":{"self":[{"href":"https:\/\/www.europesays.com\/es\/wp-json\/wp\/v2\/posts\/119193","targetHints":{"allow":["GET"]}}],"collection":[{"href":"https:\/\/www.europesays.com\/es\/wp-json\/wp\/v2\/posts"}],"about":[{"href":"https:\/\/www.europesays.com\/es\/wp-json\/wp\/v2\/types\/post"}],"author":[{"embeddable":true,"href":"https:\/\/www.europesays.com\/es\/wp-json\/wp\/v2\/users\/2"}],"replies":[{"embeddable":true,"href":"https:\/\/www.europesays.com\/es\/wp-json\/wp\/v2\/comments?post=119193"}],"version-history":[{"count":0,"href":"https:\/\/www.europesays.com\/es\/wp-json\/wp\/v2\/posts\/119193\/revisions"}],"wp:featuredmedia":[{"embeddable":true,"href":"https:\/\/www.europesays.com\/es\/wp-json\/wp\/v2\/media\/119194"}],"wp:attachment":[{"href":"https:\/\/www.europesays.com\/es\/wp-json\/wp\/v2\/media?parent=119193"}],"wp:term":[{"taxonomy":"category","embeddable":true,"href":"https:\/\/www.europesays.com\/es\/wp-json\/wp\/v2\/categories?post=119193"},{"taxonomy":"post_tag","embeddable":true,"href":"https:\/\/www.europesays.com\/es\/wp-json\/wp\/v2\/tags?post=119193"}],"curies":[{"name":"wp","href":"https:\/\/api.w.org\/{rel}","templated":true}]}}