{"id":119213,"date":"2025-09-16T17:47:06","date_gmt":"2025-09-16T17:47:06","guid":{"rendered":"https:\/\/www.europesays.com\/es\/119213\/"},"modified":"2025-09-16T17:47:06","modified_gmt":"2025-09-16T17:47:06","slug":"la-uer-responde-a-espana-tras-la-decision-de-rtve-de-no-ir-a-eurovision-si-va-israel-se-ha-tomado-nota-lasexta","status":"publish","type":"post","link":"https:\/\/www.europesays.com\/es\/119213\/","title":{"rendered":"La UER responde a Espa\u00f1a tras la decisi\u00f3n de RTVE de no ir a Eurovisi\u00f3n si va Israel: &quot;Se ha tomado nota &#8211; LaSexta"},"content":{"rendered":"<ol>\n<li><a href=\"https:\/\/news.google.com\/rss\/articles\/CBMi_AFBVV95cUxQWm0zWEU4YjJxdUlodG9ZUnpiTGJYNjBGTTdQVzB0R2ZSMUtqRkh4YzgyT2VIeFBDNlJOSERRb2U5Y2hMTl9USTBrTktXQW90a1pBQ0QzUU5FR1BaaW9tbnNhRzllQk90RnVRMlpUMndSWTBha3huMUxhb3R0VXJwSlRqWW9OYkJsRHZkY0puX3ZrSDJfZ0t3anh0cGR1d0VrSlhkaXpja1l5Y0FHVUFiYnpGZ0RlXzNwd1pzYzl0bGNWcmtMQmY2SXNIYVhYbUp0eEYwRkdHYWZqaFBxeWZnd2JKaVpHMzNIT0FPU0FPOTNmZGJCUXVZaGxQOUnSAfwBQVVfeXFMTjhHSkIyQUVoZkFLcVM0ckJxbHF1bmxfNDRuVUVvVUpxc1R1NUpHTW9FNWZQRmhleGN6MlpKOTBwSGd0MlJEQWdlTWZhM2ZNTGpOejBQYklkN3FVdWN1VFlZQW9KQWE4OVUtdkowdUUydDdtaENNeWoyT2RabGpUODhOV1BsY2hfQVVzcUVXc0tkWHJMLUp2akQwbmM1b0IyR1dVbXBPdFB6WVBka1NyaThDU1FyM3d4RkJ5ZVB1Ml93cnRNdUh6M3AxWWZWTHVXQnRtNlJpS1dzMF83SThZZHBhZDhYV2sxVGdEWm1HWGd5c2tlamJHV0hCQ2Fa?oc=5\" target=\"_blank\" rel=\"nofollow noopener\">La UER responde a Espa\u00f1a tras la decisi\u00f3n de RTVE de no ir a Eurovisi\u00f3n si va Israel: \u00abSe ha tomado nota<\/a>&nbsp;&nbsp;LaSexta<\/li>\n<li><a href=\"https:\/\/news.google.com\/rss\/articles\/CBMizgFBVV95cUxQV2cwQ09pTjRRT3VvZldJeVZfVzRleHh3dzBCektEX3AyRVFYUVYzQ2t5OVpPeWFPNWRkVUNmVk1QTFVzZ0xwS296OXpWeWFfRWRyVXVYU1hkSzFYVjU5TUsxRU41c1JQNTBOdldSOVlvODAyMlVOZHdPWVl0Wm4yRjlMd3NMU0N3NWhLUGlPS1B4cUNrRzFYbTBqeXp6ZnVtVkJMQllobUs0YXV1ckRTbzZtR2lxZzMyVlVQQ0lhWUJwYk92a3BjQ0tQLWVIUdIB0wFBVV95cUxQTkh1d09GSmFPWDl1M1pkWnZWNDRTQnV6d3cyMUgwOUZEbncta1ZXU0YzSWFkVWh6OFhnNERtN1h5X2dPQl81NlphQWhLMEw3LVFjY2tVNzQ2SHI0eHYzTkJWR3ItWVBMcU1JNWNObm83T0xRMDFGOXVtajRYVzk0YU55UzhqZDlud2RmanBWZFpQdkJKY2RZY0Y2QVlqOU40SVE0VWhVcWVVeUpJelBha0xnY0o1U2xPdHBRT2hJd0pGaExObFZrZTZ4eWpMM2xsSUE4?oc=5\" target=\"_blank\" rel=\"nofollow noopener\">La Generalitat deja en el aire el apoyo al Benidorm Fest que RTVE quiere hacer al margen de Eurovisi\u00f3n<\/a>&nbsp;&nbsp;El Confidencial<\/li>\n<li><a href=\"https:\/\/news.google.com\/rss\/articles\/CBMif0FVX3lxTFBqQTlZN25CT3M0OVRjOEpPVEVkbVp4SzlxbzVzbnFYTEc3S2tlel81YjBJNGc2SzV1R2ppOTZlSndFWXZPbjFCOVpEUmdwYVRWN2pxNFUxMVhyNmRDbDBiX01BZmdmTjJHb1Fjb29aakFDSXFBSHZhaGFqR3h1Y1nSAX9BVV95cUxPRXdlVEhIU2RnRTdhMVJhZTNIRllyQWk3Y1pxOUhtUUEyRE5LNzVsZG81M0pNUnJKUkJ1ZnMzdktlNjZycndqdDYtaUN1MVB1VFJIbVpJSkotOVV1V3dlNDhnc2l0OTlsY3hBcWRTazJWdDdIc3gtZUc2RGgyaHA4?oc=5\" target=\"_blank\" rel=\"nofollow noopener\">El presidente de RTVE, sobre la retirada de Espa\u00f1a de Eurovisi\u00f3n: \u00abEl Festival tiene much\u00edsimas consideraciones pol\u00edticas e Israel tambi\u00e9n lo sabe y por eso lo utiliza\u00bb<\/a>&nbsp;&nbsp;El Mundo<\/li>\n<li><a href=\"https:\/\/news.google.com\/rss\/articles\/CBMiywFBVV95cUxOSmZGUGFxdmJQWTE1YjRNX25HVkVKWGxkM192b3RUMHVRTV9Oa2pxb0k1R09zY19IQThjRDVnYW5RS1B5MC01NFRrekpMVS1NQTg4UEE2NUZLSUJTUDI4WWppS19VaFhDVTlPVlloRVpEZ3E0a0V2SWZTZElWajBMcTFlM1BkaWVyNEJGU1BXQVhzdGpoVjg1bnpLa2xIZ3R5ZHZVdGIzLU1wa0UzWENrZW9nU2VsZUQyZFZsaFRXbWtiQmFxOW5KVkxQdw?oc=5\" target=\"_blank\" rel=\"nofollow noopener\">Gonzalo Bernardos explica qu\u00e9 supondr\u00eda para la econom\u00eda espa\u00f1ola no participar en Eurovisi\u00f3n<\/a>&nbsp;&nbsp;ABC<\/li>\n<li><a href=\"https:\/\/news.google.com\/rss\/articles\/CBMigAFBVV95cUxQMm5XMTBrQmE2d3hKWXV0T016SFQwbXVRNmNnTkZmbWltMDNYYXhUUmc1RHd4a1JxUm1kbndxTmlHb0dVMmF4TjFMak1tbmczUzZ4LUFQWEQwSjAtMlM1b1pvYzhhTTBtR3NDazVpUm51dldfX0kxMDFsb1lzR1FoSg?oc=5\" target=\"_blank\" rel=\"nofollow noopener\">El presidente de RTVE propondr\u00e1 retirar a Espa\u00f1a de Eurovisi\u00f3n si Israel participa<\/a>&nbsp;&nbsp;Expansi\u00f3n<\/li>\n<\/ol>\n","protected":false},"excerpt":{"rendered":"La UER responde a Espa\u00f1a tras la decisi\u00f3n de RTVE de no ir a Eurovisi\u00f3n si va Israel:&hellip;\n","protected":false},"author":2,"featured_media":113496,"comment_status":"","ping_status":"","sticky":false,"template":"","format":"standard","meta":{"footnotes":""},"categories":[42],"tags":[17,18,13,14,11,61,62,63,64,19,20,9,10,15,16,12,21,22,65,66,67],"class_list":{"0":"post-119213","1":"post","2":"type-post","3":"status-publish","4":"format-standard","5":"has-post-thumbnail","7":"category-internacional","8":"tag-breaking-news","9":"tag-breakingnews","10":"tag-featured-news","11":"tag-featurednews","12":"tag-headlines","13":"tag-internacional","14":"tag-international","15":"tag-international-news","16":"tag-internationalnews","17":"tag-latest-news","18":"tag-latestnews","19":"tag-news","20":"tag-noticias","21":"tag-noticias-destacadas","22":"tag-noticiasdestacadas","23":"tag-titulares","24":"tag-ultimas-noticias","25":"tag-ultimasnoticias","26":"tag-world","27":"tag-world-news","28":"tag-worldnews"},"share_on_mastodon":{"url":"","error":""},"_links":{"self":[{"href":"https:\/\/www.europesays.com\/es\/wp-json\/wp\/v2\/posts\/119213","targetHints":{"allow":["GET"]}}],"collection":[{"href":"https:\/\/www.europesays.com\/es\/wp-json\/wp\/v2\/posts"}],"about":[{"href":"https:\/\/www.europesays.com\/es\/wp-json\/wp\/v2\/types\/post"}],"author":[{"embeddable":true,"href":"https:\/\/www.europesays.com\/es\/wp-json\/wp\/v2\/users\/2"}],"replies":[{"embeddable":true,"href":"https:\/\/www.europesays.com\/es\/wp-json\/wp\/v2\/comments?post=119213"}],"version-history":[{"count":0,"href":"https:\/\/www.europesays.com\/es\/wp-json\/wp\/v2\/posts\/119213\/revisions"}],"wp:featuredmedia":[{"embeddable":true,"href":"https:\/\/www.europesays.com\/es\/wp-json\/wp\/v2\/media\/113496"}],"wp:attachment":[{"href":"https:\/\/www.europesays.com\/es\/wp-json\/wp\/v2\/media?parent=119213"}],"wp:term":[{"taxonomy":"category","embeddable":true,"href":"https:\/\/www.europesays.com\/es\/wp-json\/wp\/v2\/categories?post=119213"},{"taxonomy":"post_tag","embeddable":true,"href":"https:\/\/www.europesays.com\/es\/wp-json\/wp\/v2\/tags?post=119213"}],"curies":[{"name":"wp","href":"https:\/\/api.w.org\/{rel}","templated":true}]}}