{"id":119215,"date":"2025-09-16T17:54:08","date_gmt":"2025-09-16T17:54:08","guid":{"rendered":"https:\/\/www.europesays.com\/es\/119215\/"},"modified":"2025-09-16T17:54:08","modified_gmt":"2025-09-16T17:54:08","slug":"bada-con-necesidad-de-caracter-y-liderazgo","status":"publish","type":"post","link":"https:\/\/www.europesays.com\/es\/119215\/","title":{"rendered":"Bada, con necesidad de car\u00e1cter y liderazgo"},"content":{"rendered":"<p class=\"paragraph\">El Bada Huesca comenz\u00f3 con mal pie la liga en Valladolid, no solo por la derrota, sino por <b>una  imagen de un equipo que se frustr\u00f3 pronto y al que le falt\u00f3 reacci\u00f3n para sobreponerse a las adversidades de sus errores. <\/b>Fue m\u00e1s una cuesti\u00f3n de car\u00e1cter y de liderazgo que de juego, campo en el que hubo tambi\u00e9n aspectos positivos, aunque quedaran empa\u00f1ados por el final.<\/p>\n<p class=\"paragraph\"><b>Fallando much\u00edsimo en lanzamientos de 6 y 7 metros y no estando lo suficientemente duro en defensa, el equipo entr\u00f3 en los \u00faltimos quince minutos con opciones<\/b> de pelear. Fue entonces cuando se vino abajo.<\/p>\n<p class=\"paragraph\"><b>El t\u00e9cnico del equipo, Jos\u00e9 Nolasco, fue cr\u00edtico en sus declaraciones tras el partido<\/b> y lament\u00f3 la falta de lucha y deseo, as\u00ed como la falta de esp\u00edritu. Coment\u00f3 que se hab\u00edan sentido derrotados demasiado pronto y que en el tramo final no hab\u00edan estado. Tambi\u00e9n record\u00f3 que no se puede ganar si no se iguala la intensidad del rival. Y exige de los suyos otra actitud para afrontar las dificultades que se van a encontrar en cada partido.<\/p>\n<p class=\"paragraph\"><b>Despu\u00e9s de un a\u00f1o en el que tuvo que pelear lo indecible para conseguir la salvaci\u00f3n, en el estreno de la temporada no se vio esa rebeld\u00eda <\/b>que permiti\u00f3 la remontada del pasado a\u00f1o.<\/p>\n<p class=\"paragraph\"><b>El equipo se ha mantenido en gran medida respecto a aquel, pero hay que recordar que los que se fueron eran pesos pesados en el vestuario.<\/b> Se ha perdido poso de experiencia, pero tambi\u00e9n el empuje y el tir\u00f3n de Dani Arguillas, Adri\u00e1 P\u00e9rez, Miguel Malo o Javi Borrag\u00e1n, jugadores que tiraban del carro en los malos momentos, asum\u00edan la responsabilidad y daban ejemplo con su entrega y a la vez frialdad en los momentos m\u00e1s duros.<\/p>\n<p class=\"paragraph\"><b>Encontrar nuevos liderazgos es una de las tareas pendientes para el equipo. <\/b>El equipo tuvo una situaci\u00f3n para ponerse a cuatro y estar totalmente en partido con m\u00e1s de un cuarto de hora por jugarse y fall\u00f3 y se vino abajo, en lugar de intentarlo hasta el final pese a la dificultad que ten\u00eda la empresa.<\/p>\n<p class=\"paragraph\">Hubo mucho fallo de lanzamiento, pero tambien falt\u00f3 en los momentos del final de partido ser m\u00e1s rigurosos en el juego y ce\u00f1irse al plan o no caer en exclusiones absurdas. Nolasco lament\u00f3 enredarse en batallas individuales. Y en esos momentos es cuando se notan m\u00e1s los l\u00edderes.<\/p>\n<p class=\"paragraph\"><b>En la defensa est\u00e1 claro que el liderazgo est\u00e1 bien cubierto con Drasko Nenadic o con Frank Cordi\u00e9s.<\/b><\/p>\n<p class=\"paragraph\"><b>Pero en el ataque no queda tan claro por ahora. El puesto de central es esencial porque marca el juego y los ritmos y decide. <\/b>Miguel Malo asum\u00eda ese liderato y la pasada temporada Javi Borrag\u00e1n fue tambi\u00e9n de los que tir\u00f3 del grupo.<\/p>\n<p class=\"paragraph\">Tchitombi est\u00e1 a\u00fan haci\u00e9ndose al grupo y en Valladolid le penalizaron los errores en el lanzamiento y algunas p\u00e9rdidas. Y en el tramo final del partido el equipo perdi\u00f3 algo de orden y se equivoc\u00f3 demasiado.<\/p>\n<p class=\"paragraph\">Frank Cordi\u00e9s fue el que m\u00e1s claridad puso, adem\u00e1s de lanzamiento. Y hubo otras notas positivas como la aportaci\u00f3n durante mucho rato de Parera, el buen papel de Samuel Cordi\u00e9s o acciones de contraataque.<\/p>\n<p class=\"paragraph\">En definitiva, el equipo tiene que ganar consistencia competitiva y  necesitar\u00e1 del paso adelante de los jugadores para conseguirlo desde este mismo s\u00e1bado.<\/p>\n","protected":false},"excerpt":{"rendered":"El Bada Huesca comenz\u00f3 con mal pie la liga en Valladolid, no solo por la derrota, sino por&hellip;\n","protected":false},"author":2,"featured_media":119216,"comment_status":"","ping_status":"","sticky":false,"template":"","format":"standard","meta":{"footnotes":""},"categories":[278],"tags":[2321,376,5969,168,25,24,375,15562,2181,23,167],"class_list":{"0":"post-119215","1":"post","2":"type-post","3":"status-publish","4":"format-standard","5":"has-post-thumbnail","7":"category-balonmano","8":"tag-bada","9":"tag-balonmano","10":"tag-caracter","11":"tag-deportes","12":"tag-es","13":"tag-espana","14":"tag-handball","15":"tag-liderazgo","16":"tag-necesidad","17":"tag-spain","18":"tag-sports"},"share_on_mastodon":{"url":"","error":""},"_links":{"self":[{"href":"https:\/\/www.europesays.com\/es\/wp-json\/wp\/v2\/posts\/119215","targetHints":{"allow":["GET"]}}],"collection":[{"href":"https:\/\/www.europesays.com\/es\/wp-json\/wp\/v2\/posts"}],"about":[{"href":"https:\/\/www.europesays.com\/es\/wp-json\/wp\/v2\/types\/post"}],"author":[{"embeddable":true,"href":"https:\/\/www.europesays.com\/es\/wp-json\/wp\/v2\/users\/2"}],"replies":[{"embeddable":true,"href":"https:\/\/www.europesays.com\/es\/wp-json\/wp\/v2\/comments?post=119215"}],"version-history":[{"count":0,"href":"https:\/\/www.europesays.com\/es\/wp-json\/wp\/v2\/posts\/119215\/revisions"}],"wp:featuredmedia":[{"embeddable":true,"href":"https:\/\/www.europesays.com\/es\/wp-json\/wp\/v2\/media\/119216"}],"wp:attachment":[{"href":"https:\/\/www.europesays.com\/es\/wp-json\/wp\/v2\/media?parent=119215"}],"wp:term":[{"taxonomy":"category","embeddable":true,"href":"https:\/\/www.europesays.com\/es\/wp-json\/wp\/v2\/categories?post=119215"},{"taxonomy":"post_tag","embeddable":true,"href":"https:\/\/www.europesays.com\/es\/wp-json\/wp\/v2\/tags?post=119215"}],"curies":[{"name":"wp","href":"https:\/\/api.w.org\/{rel}","templated":true}]}}