{"id":119217,"date":"2025-09-16T17:55:08","date_gmt":"2025-09-16T17:55:08","guid":{"rendered":"https:\/\/www.europesays.com\/es\/119217\/"},"modified":"2025-09-16T17:55:08","modified_gmt":"2025-09-16T17:55:08","slug":"sebastian-fernandez-y-paco-velasquez-en-hombros-a-plaza-llena-en-el-barraco","status":"publish","type":"post","link":"https:\/\/www.europesays.com\/es\/119217\/","title":{"rendered":"Sebasti\u00e1n Fern\u00e1ndez y Paco Velasquez, en hombros a plaza llena en El Barraco"},"content":{"rendered":"<p><strong>El Barraco (\u00c1vila).<\/strong> Novillos de <strong>La Laguna. Sebasti\u00e1n Fern\u00e1ndez,<\/strong> dos orejas y ovaci\u00f3n; y <strong>Paco Velasquez,<\/strong> oreja y oreja. <strong>Entrada<\/strong>: Lleno.<\/p>\n<p><strong>Jadraque (Guadalajara).<\/strong> Festival. Reses de Juan Barriopedro para S\u00e1nchez Vara, Mario Palacios, Diego Garc\u00eda\u00a0y el novillero\u00a0Rub\u00e9n Vara.<\/p>\n<p><strong>Candeleda (\u00c1vila).<\/strong> Festival. Astados de Toros de Castilla para Jorge Molina, Trist\u00e1n Barroso, Julio M\u00e9ndez e Israel Guirao.<\/p>\n","protected":false},"excerpt":{"rendered":"El Barraco (\u00c1vila). Novillos de La Laguna. Sebasti\u00e1n Fern\u00e1ndez, dos orejas y ovaci\u00f3n; y Paco Velasquez, oreja y&hellip;\n","protected":false},"author":2,"featured_media":119218,"comment_status":"","ping_status":"","sticky":false,"template":"","format":"standard","meta":{"footnotes":""},"categories":[277],"tags":[39540,45,373,168,39541,25,24,30296,1226,1227,23,167,625,374],"class_list":{"0":"post-119217","1":"post","2":"type-post","3":"status-publish","4":"format-standard","5":"has-post-thumbnail","7":"category-toreo","8":"tag-16-septiembre","9":"tag-45","10":"tag-bullfighting","11":"tag-deportes","12":"tag-el-barraco","13":"tag-es","14":"tag-espana","15":"tag-mas-festejos","16":"tag-noticias-de-toros","17":"tag-noticias-taurinas","18":"tag-spain","19":"tag-sports","20":"tag-tauromaquia","21":"tag-toreo"},"share_on_mastodon":{"url":"","error":""},"_links":{"self":[{"href":"https:\/\/www.europesays.com\/es\/wp-json\/wp\/v2\/posts\/119217","targetHints":{"allow":["GET"]}}],"collection":[{"href":"https:\/\/www.europesays.com\/es\/wp-json\/wp\/v2\/posts"}],"about":[{"href":"https:\/\/www.europesays.com\/es\/wp-json\/wp\/v2\/types\/post"}],"author":[{"embeddable":true,"href":"https:\/\/www.europesays.com\/es\/wp-json\/wp\/v2\/users\/2"}],"replies":[{"embeddable":true,"href":"https:\/\/www.europesays.com\/es\/wp-json\/wp\/v2\/comments?post=119217"}],"version-history":[{"count":0,"href":"https:\/\/www.europesays.com\/es\/wp-json\/wp\/v2\/posts\/119217\/revisions"}],"wp:featuredmedia":[{"embeddable":true,"href":"https:\/\/www.europesays.com\/es\/wp-json\/wp\/v2\/media\/119218"}],"wp:attachment":[{"href":"https:\/\/www.europesays.com\/es\/wp-json\/wp\/v2\/media?parent=119217"}],"wp:term":[{"taxonomy":"category","embeddable":true,"href":"https:\/\/www.europesays.com\/es\/wp-json\/wp\/v2\/categories?post=119217"},{"taxonomy":"post_tag","embeddable":true,"href":"https:\/\/www.europesays.com\/es\/wp-json\/wp\/v2\/tags?post=119217"}],"curies":[{"name":"wp","href":"https:\/\/api.w.org\/{rel}","templated":true}]}}