{"id":119298,"date":"2025-09-16T18:38:08","date_gmt":"2025-09-16T18:38:08","guid":{"rendered":"https:\/\/www.europesays.com\/es\/119298\/"},"modified":"2025-09-16T18:38:08","modified_gmt":"2025-09-16T18:38:08","slug":"una-cubana-que-vive-en-espana-tajante-sobre-sus-ganas-de-regresar-a-su-pais-tras-asentarse-en-el-nuestro-me-siento-culpable","status":"publish","type":"post","link":"https:\/\/www.europesays.com\/es\/119298\/","title":{"rendered":"Una cubana que vive en Espa\u00f1a, tajante sobre sus ganas de regresar a su pa\u00eds tras asentarse en el nuestro: \u00abMe siento culpable\u00bb"},"content":{"rendered":"<p>15\/09\/2025<br \/>\n<br \/><strong><br \/>\nActualizado 16\/09\/2025 a las 12:47h.<br \/>\n<\/strong><\/p>\n<p class=\"voc-p\" style=\"\">Miles de ciudadanos emigran cada a\u00f1o de <strong>Cuba<\/strong> para buscar una <strong>mejor calidad de vida.<\/strong> El sistema econ\u00f3mico de ese pa\u00eds, controlado por el Gobierno, tiene <a href=\"https:\/\/www.abc.es\/recreo\/cubana-vive-espana-explica-siente-segura-comer-20250829130927-nt.html\" target=\"_self\" data-voc-vtm-id=\"in-text-traffic\" title=\"ahogada a su poblaci\u00f3n\" data-mrf-link=\"www.abc.es\" rel=\"nofollow noopener\">ahogada a su poblaci\u00f3n<\/a> y deja incontables problemas en el d\u00eda a d\u00eda, pasando por escasez de productos b\u00e1sicos pero tambi\u00e9n dificultades en los hospitales y cortes de electricidad.<\/p>\n<p class=\"voc-p\" style=\"\">Es habitual que quienes se marchen aprovechen las redes sociales, ya sin censura ni limitaciones, para explicar su <a href=\"https:\/\/www.abc.es\/recreo\/cubana-enumera-espana-vivir-liberador-20240129110756-nt.html\" target=\"_self\" data-voc-vtm-id=\"in-text-traffic\" title=\"vida fuera de la isla\" data-mrf-link=\"www.abc.es\" rel=\"nofollow noopener\">vida fuera de la isla<\/a>. Anita Mateu, por ejemplo, es un joven que lleva a\u00f1os viviendo en Galicia y explicando desde su <strong>TikTok (@anita.mateu)<\/strong> que le supuso a ella emigrar y qu\u00e9 ha encontrado en su nuevo destino. En su caso hay mucho m\u00e1s que choques culturales.<\/p>\n<p class=\"voc-p\" style=\"\">Ahora se ha viralizado precisamente un v\u00eddeo suyo, que supera las 140.000 visualizaciones, sobre una dura reflexi\u00f3n que ha hecho sobre sus pensamientos sobre volver a su pa\u00eds. \u00abEs una contradicci\u00f3n\u00bb, confiesa ella que reconoce abiertamente que \u00ab<strong>me siento culpable<\/strong>\u00bb por su sentimiento al respecto.<\/p>\n<p>\n\u00abHacer algo \u00fatil\u00bb\n<\/p>\n<p class=\"voc-p\" style=\"\">\u00abNo s\u00e9 si ser\u00e9 la \u00fanica que siente una culpa muy grande por esto pero no tengo ganas de ir a Cuba\u00bb, confiesa ella al inicio de su publicaci\u00f3n. Anita explica que el a\u00f1o pasado, en julio, regres\u00f3 a su pa\u00eds \u00aby ten\u00eda much\u00edsima ilusi\u00f3n\u00bb por ir tras un a\u00f1o en Espa\u00f1a y que este a\u00f1o se reserv\u00f3 tambi\u00e9n d\u00edas para repetir viaje pero reconoce que \u00abalgo me dec\u00eda que <strong>no quer\u00eda<\/strong>\u00bb.<\/p>\n<p class=\"voc-p\" style=\"\"> As\u00ed, expone que \u00ablas cosas est\u00e1n tan mal que no quer\u00eda y me siento culpable\u00bb por pensar as\u00ed. Anita recuerda que su familia est\u00e1 all\u00e1 y que \u00ab<strong>ellos tienen ganas de verme<\/strong> y de pasar tiempo conmigo\u00bb pero ella destaca que \u00abcuando voy all\u00e1 lo paso mal y no quiero ir a pasarlo mal\u00bb.<\/p>\n<p class=\"voc-p\" style=\"\">Adem\u00e1s, ella recuerda que volar a Cuba es caro y que ha llegado a la conclusi\u00f3n de que \u00abese dinero que me gasto prefiero guardarlo o <strong>hacer algo \u00fatil<\/strong> por mi porque yo tambi\u00e9n tengo que progresar en esta vida\u00bb. La cubana ejemplifica en aprovechar ese dinero para poder ayudar a sus familiares cuando puedan viajar a Espa\u00f1a.<\/p>\n<p class=\"voc-p\" style=\"\">En una l\u00ednea similar, Anita confiesa que tampoco quiere crear contenido de Cuba y \u00ab<strong>no quiero saber nada de es<\/strong>o\u00bb. \u00abMe siento, sin embargo, muy orgullosa de ser cubana, muy feliz, muy orgullosa&#8230;\u00bb, puntualiza la joven para evitar &#8216;hate&#8217;. Con todo, no puede parar de insistir en que \u00abno tengo ganas de ir all\u00e1 porque la cosa est\u00e1 horrible\u00bb.<\/p>\n<p class=\"voc-p\" style=\"\">\u00abLas conversaciones con mi familia son <strong>pura desgracia<\/strong>\u00bb, lamenta ella, que menciona que siempre acaban hablando de problemas de comida o de la corriente. Por todo ello, insiste, se siente culpable y da por hecho que otros compatriotas tienen sentimientos similares. Adem\u00e1s, a\u00f1ade que cuando ella ha ido a su pa\u00eds natal \u00abme deprimo, me siento mal\u00bb. <\/p>\n<p class=\"voc-p\" style=\"\">\u00abEn vez de <strong>recargarme de energ\u00eda<\/strong>, como mucha gente que va dice, yo viro m\u00e1s deprimida por ver la situaci\u00f3n c\u00f3mo est\u00e1 tan horrible\u00bb, acaba ella su v\u00eddeo, que m\u00e1s de medio millar de seguidores han comentado con opiniones de todo tipo.<\/p>\n<p>Reportar un error<\/p>\n","protected":false},"excerpt":{"rendered":"15\/09\/2025 Actualizado 16\/09\/2025 a las 12:47h. Miles de ciudadanos emigran cada a\u00f1o de Cuba para buscar una mejor&hellip;\n","protected":false},"author":2,"featured_media":119299,"comment_status":"","ping_status":"","sticky":false,"template":"","format":"standard","meta":{"footnotes":""},"categories":[8],"tags":[17,18,39562,24649,25,24,13,14,12835,11,19,20,9,10,15,16,698,5778,8019,57,23,7725,12,21,22,1343],"class_list":{"0":"post-119298","1":"post","2":"type-post","3":"status-publish","4":"format-standard","5":"has-post-thumbnail","7":"category-espana","8":"tag-breaking-news","9":"tag-breakingnews","10":"tag-cubana","11":"tag-culpable","12":"tag-es","13":"tag-espana","14":"tag-featured-news","15":"tag-featurednews","16":"tag-ganas","17":"tag-headlines","18":"tag-latest-news","19":"tag-latestnews","20":"tag-news","21":"tag-noticias","22":"tag-noticias-destacadas","23":"tag-noticiasdestacadas","24":"tag-pais","25":"tag-regresar","26":"tag-siento","27":"tag-sobre","28":"tag-spain","29":"tag-tajante","30":"tag-titulares","31":"tag-ultimas-noticias","32":"tag-ultimasnoticias","33":"tag-vive"},"share_on_mastodon":{"url":"","error":""},"_links":{"self":[{"href":"https:\/\/www.europesays.com\/es\/wp-json\/wp\/v2\/posts\/119298","targetHints":{"allow":["GET"]}}],"collection":[{"href":"https:\/\/www.europesays.com\/es\/wp-json\/wp\/v2\/posts"}],"about":[{"href":"https:\/\/www.europesays.com\/es\/wp-json\/wp\/v2\/types\/post"}],"author":[{"embeddable":true,"href":"https:\/\/www.europesays.com\/es\/wp-json\/wp\/v2\/users\/2"}],"replies":[{"embeddable":true,"href":"https:\/\/www.europesays.com\/es\/wp-json\/wp\/v2\/comments?post=119298"}],"version-history":[{"count":0,"href":"https:\/\/www.europesays.com\/es\/wp-json\/wp\/v2\/posts\/119298\/revisions"}],"wp:featuredmedia":[{"embeddable":true,"href":"https:\/\/www.europesays.com\/es\/wp-json\/wp\/v2\/media\/119299"}],"wp:attachment":[{"href":"https:\/\/www.europesays.com\/es\/wp-json\/wp\/v2\/media?parent=119298"}],"wp:term":[{"taxonomy":"category","embeddable":true,"href":"https:\/\/www.europesays.com\/es\/wp-json\/wp\/v2\/categories?post=119298"},{"taxonomy":"post_tag","embeddable":true,"href":"https:\/\/www.europesays.com\/es\/wp-json\/wp\/v2\/tags?post=119298"}],"curies":[{"name":"wp","href":"https:\/\/api.w.org\/{rel}","templated":true}]}}