{"id":119300,"date":"2025-09-16T18:39:15","date_gmt":"2025-09-16T18:39:15","guid":{"rendered":"https:\/\/www.europesays.com\/es\/119300\/"},"modified":"2025-09-16T18:39:15","modified_gmt":"2025-09-16T18:39:15","slug":"el-consejo-superior-de-deportes-pide-al-coi-la-exclusion-de-israel-de-las-competiciones-deportivas-deportes","status":"publish","type":"post","link":"https:\/\/www.europesays.com\/es\/119300\/","title":{"rendered":"El Consejo Superior de Deportes pide al COI la exclusi\u00f3n de Israel de las competiciones deportivas | Deportes"},"content":{"rendered":"<p class=\"\">La Vuelta ciclista a Espa\u00f1a sigue rodando, no ya en el asfalto pero s\u00ed en la arena pol\u00edtica. La suspensi\u00f3n este pasado domingo de la \u00faltima etapa de la ronda debido a las multitudinarias protestas en Madrid por la participaci\u00f3n del equipo Israel-Premier Tech ha desatado <a href=\"https:\/\/elpais.com\/deportes\/ciclismo\/2025-09-15\/comparecencia-del-director-de-la-vuelta-a-espana-tras-la-cancelacion-de-la-ultima-etapa-por-las-protestas-pro-palestina.html\" target=\"_blank\" rel=\"noreferrer nofollow noopener\" title=\"https:\/\/elpais.com\/deportes\/ciclismo\/2025-09-15\/comparecencia-del-director-de-la-vuelta-a-espana-tras-la-cancelacion-de-la-ultima-etapa-por-las-protestas-pro-palestina.html\">un cruce de opiniones y acusaciones <\/a>sobre el papel del deporte en el conflicto y los l\u00edmites de la intervenci\u00f3n de las mayores instituciones deportivas. <\/p>\n<p class=\"\">La Uni\u00f3n Ciclista Internacional acus\u00f3 el lunes al presidente del Gobierno espa\u00f1ol, Pedro S\u00e1nchez, de \u201crespaldar acciones\u201d que obstaculizaran el desarrollo de la prueba y de \u201cexpresar su admiraci\u00f3n hacia los manifestantes\u201d a favor de Palestina. <a href=\"https:\/\/elpais.com\/deportes\/ciclismo\/2025-09-15\/comparecencia-del-director-de-la-vuelta-a-espana-tras-la-cancelacion-de-la-ultima-etapa-por-las-protestas-pro-palestina.html\" target=\"_blank\" rel=\"noreferrer nofollow noopener\" title=\"https:\/\/elpais.com\/deportes\/ciclismo\/2025-09-15\/comparecencia-del-director-de-la-vuelta-a-espana-tras-la-cancelacion-de-la-ultima-etapa-por-las-protestas-pro-palestina.html\">El Consejo Superior de Deportes (CSD) respondi\u00f3 horas despu\u00e9s al ataque de la UCI <\/a>y este martes su presidente, Jos\u00e9 Manuel Rodr\u00edguez Uribes, argument\u00f3 la postura del ejecutivo y del deporte espa\u00f1ol. \u201cEl Gobierno de Espa\u00f1a est\u00e1 liderando en la comunidad internacional un planteamiento, una posici\u00f3n de remover conciencias frente a algo que es absolutamente intolerable, que es un genocidio, como dice Naciones Unidas. El deporte no puede ser ajeno a eso, igual que la cultura, no podemos vivir en una isla como si no estuviera sucediendo una tragedia de dimensiones extraordinarias. El deporte tiene que remover conciencias. Espa\u00f1a va a liderar y va a plantear en los espacios internacionales, tanto deportivos como de la Uni\u00f3n Europea, la necesidad de avanzar por la l\u00ednea marcada por el presidente espa\u00f1ol de no poder hacer compatible la normalidad de competiciones con Israel mientras siga este genocidio\u201d, explic\u00f3 Uribes tras asistir a la presentaci\u00f3n de la Liga femenina Endesa de baloncesto.<\/p>\n<p class=\"\">El presidente del CSD consider\u00f3 <a href=\"https:\/\/elpais.com\/deportes\/ciclismo\/2025-09-15\/comparecencia-del-director-de-la-vuelta-a-espana-tras-la-cancelacion-de-la-ultima-etapa-por-las-protestas-pro-palestina.html\" target=\"_blank\" rel=\"noreferrer nofollow noopener\" title=\"https:\/\/elpais.com\/deportes\/ciclismo\/2025-09-15\/comparecencia-del-director-de-la-vuelta-a-espana-tras-la-cancelacion-de-la-ultima-etapa-por-las-protestas-pro-palestina.html\">\u201cinjusto y falso\u201d el comunicado de la UCI<\/a> y pidi\u00f3 al Comit\u00e9 Ol\u00edmpico Internacional (COI) que d\u00e9 el paso al frente necesario para que otras instituciones deportivas se unan a una posible exclusi\u00f3n de Israel de las competiciones. \u201cEstamos haciendo lo que se hizo con Rusia, o en la Sud\u00e1frica del apartheid. No estamos hablando de un conflicto menor, que hay muchos en el mundo y el deporte no se paraliza, estamos hablando de un genocidio, de un crimen de lesa humanidad, de los que se llaman imprescriptibles, imperdonables, y por tanto el deporte tiene que actuar en consecuencia. Vamos a hablar con las federaciones y con los comit\u00e9s ol\u00edmpicos para que los valores del deporte sirvan para parar esta guerra. El deporte se tiene que plantar y tiene que expulsar a esos pa\u00edses. Yo voy a hablar con todas las federaciones deportivas en Espa\u00f1a, para que empujen en el Comit\u00e9 Ol\u00edmpico Espa\u00f1ol y en el Comit\u00e9 Ol\u00edmpico Internacional, que es el que tiene que tomar la decisi\u00f3n como la tom\u00f3 con Rusia. Solo estamos pidiendo que se haga lo mismo. Yo estuve de embajador en la UNESCO un tiempo y all\u00ed defend\u00edamos esa posici\u00f3n com\u00fan de Europa frente a la invasi\u00f3n de Rusia en Ucrania. Pues hagamos lo mismo con este genocidio insoportable e inaceptable\u201d, apunt\u00f3 Uribes.<\/p>\n<p class=\"\">El COI, sin embargo, afirm\u00f3 este martes que \u201ctanto el comit\u00e9 ol\u00edmpico nacional de Israel como el de Palestina cumplen con la Carta Ol\u00edmpica\u201d. \u201cSeguimos trabajando con ellos para intentar mitigar el impacto del actual conflicto en los atletas. Equipos de ambas delegaciones participaron en los Juegos Ol\u00edmpicos de Par\u00eds y sus atletas convivieron pac\u00edficamente bajo un mismo techo en la Villa Ol\u00edmpica\u201d.<\/p>\n<p class=\"\">En el mismo sentido que Uribes, el portavoz del PSOE en el Congreso, Patxi L\u00f3pez, se ha mostrado a favor de presionar a \u201ctodas las sociedades deportivas\u201d para extender el veto a Israel a todos los eventos que se puedan organizar en los pr\u00f3ximos meses, incluido el pr\u00f3ximo Mundial de F\u00fatbol, que se organizar\u00e1 en Estados Unidos, Canad\u00e1 y M\u00e9xico en 2026. Esta posici\u00f3n de m\u00e1ximos es compartida por otros socios del Gobierno, como Sumar, seg\u00fan informa <b>Javier Casqueiro.<\/b><\/p>\n","protected":false},"excerpt":{"rendered":"La Vuelta ciclista a Espa\u00f1a sigue rodando, no ya en el asfalto pero s\u00ed en la arena pol\u00edtica.&hellip;\n","protected":false},"author":2,"featured_media":119301,"comment_status":"","ping_status":"","sticky":false,"template":"","format":"standard","meta":{"footnotes":""},"categories":[5],"tags":[17,18,68,20533,168,25,24,13,14,73,248,11,74,39563,19,20,9,10,15,16,76,23,12,21,22,7603],"class_list":{"0":"post-119300","1":"post","2":"type-post","3":"status-publish","4":"format-standard","5":"has-post-thumbnail","7":"category-titulares","8":"tag-breaking-news","9":"tag-breakingnews","10":"tag-conflicto-arabe-israeli","11":"tag-consejo-superior-deportes","12":"tag-deportes","13":"tag-es","14":"tag-espana","15":"tag-featured-news","16":"tag-featurednews","17":"tag-franja-gaza","18":"tag-gobierno-de-espana","19":"tag-headlines","20":"tag-israel","21":"tag-jose-manuel-rodriguez-uribes","22":"tag-latest-news","23":"tag-latestnews","24":"tag-news","25":"tag-noticias","26":"tag-noticias-destacadas","27":"tag-noticiasdestacadas","28":"tag-palestina","29":"tag-spain","30":"tag-titulares","31":"tag-ultimas-noticias","32":"tag-ultimasnoticias","33":"tag-vuelta-espana"},"share_on_mastodon":{"url":"","error":""},"_links":{"self":[{"href":"https:\/\/www.europesays.com\/es\/wp-json\/wp\/v2\/posts\/119300","targetHints":{"allow":["GET"]}}],"collection":[{"href":"https:\/\/www.europesays.com\/es\/wp-json\/wp\/v2\/posts"}],"about":[{"href":"https:\/\/www.europesays.com\/es\/wp-json\/wp\/v2\/types\/post"}],"author":[{"embeddable":true,"href":"https:\/\/www.europesays.com\/es\/wp-json\/wp\/v2\/users\/2"}],"replies":[{"embeddable":true,"href":"https:\/\/www.europesays.com\/es\/wp-json\/wp\/v2\/comments?post=119300"}],"version-history":[{"count":0,"href":"https:\/\/www.europesays.com\/es\/wp-json\/wp\/v2\/posts\/119300\/revisions"}],"wp:featuredmedia":[{"embeddable":true,"href":"https:\/\/www.europesays.com\/es\/wp-json\/wp\/v2\/media\/119301"}],"wp:attachment":[{"href":"https:\/\/www.europesays.com\/es\/wp-json\/wp\/v2\/media?parent=119300"}],"wp:term":[{"taxonomy":"category","embeddable":true,"href":"https:\/\/www.europesays.com\/es\/wp-json\/wp\/v2\/categories?post=119300"},{"taxonomy":"post_tag","embeddable":true,"href":"https:\/\/www.europesays.com\/es\/wp-json\/wp\/v2\/tags?post=119300"}],"curies":[{"name":"wp","href":"https:\/\/api.w.org\/{rel}","templated":true}]}}