{"id":119308,"date":"2025-09-16T18:44:10","date_gmt":"2025-09-16T18:44:10","guid":{"rendered":"https:\/\/www.europesays.com\/es\/119308\/"},"modified":"2025-09-16T18:44:10","modified_gmt":"2025-09-16T18:44:10","slug":"una-ex-n1-del-mundo-regreso-al-tenis-sin-ranking-y-debuto-con-victoria-en-un-torneo-menor-de-la-wta","status":"publish","type":"post","link":"https:\/\/www.europesays.com\/es\/119308\/","title":{"rendered":"Una ex N\u00b01 del mundo regres\u00f3 al tenis sin ranking y debut\u00f3 con victoria en un torneo menor de la WTA"},"content":{"rendered":"<p>15  de  sep, 2025, 15:26 ET<\/p>\n<p>Despu\u00e9s de poner su carrera en pausa por poco m\u00e1s de un a\u00f1o, <strong>Karolina Pliskova<\/strong> regres\u00f3 a las canchas de tenis. La ex N\u00b01 del mundo super\u00f3 sus problemas f\u00edsicos y compiti\u00f3 en el <strong>WTA 125 de Caldas da Rainha<\/strong>, en Portugal. Y tras dos horas y media de juego, la jugadora que actualmente no tiene ranking super\u00f3 a la francesa Tessah Andrianjafitrimo (N\u00b0279) por 6-1, 4-6 y 7-5.<\/p>\n<p><img class=\" lazyload lazyload\" data-image-container=\".inline-photo\" height=\"320\" width=\"570\"\/>Karolina Pliskova volvi\u00f3 a pisar una cancha de tenis tras poco m\u00e1s de un a\u00f1o de inactividad.\u00a0Getty<\/p>\n<p>El problema que aquejaba a la checa de 33 a\u00f1os era una lesi\u00f3n en la espalda,<a href=\"https:\/\/espndeportes.espn.com\/tenis\/nota\/_\/id\/14101211\/insolito-momento-en-el-us-open-fue-numero-uno-del-mundo-jugo-tres-puntos-y-abandono-el-torneo-jasmine-paolini-karolina-pliskova\" rel=\"nofollow noopener\" target=\"_blank\"> que la oblig\u00f3 a retirarse en la segunda ronda del US Open 2024 tras disputar solamente tres puntos ante Jasmine Paolini. <\/a>Como si fuera poco, tambi\u00e9n sufri\u00f3 complicaciones con su tobillo izquierdo, lo que la oblig\u00f3 a pasar por el quir\u00f3fano en mayo de 2025.<\/p>\n<p>Si bien ten\u00eda planeado retornar en el circuito ITF, finalmente Pliskova esper\u00f3 y regres\u00f3 en un WTA 125. Un torneo en el que, en la previa, avis\u00f3 que si \u00absobreviv\u00eda\u00bb, viajar\u00eda directamente a Asia para seguir compitiendo.<\/p>\n<p>Selecciones Editoriales<\/p>\n<p>2 Relacionado<\/p>\n<p><strong>\u00abEspero que no me pase nada antes. Estoy un poco paranoica, pero quiz\u00e1 no. Ten\u00eda pensado jugar esta semana, pero tengo problemas de espalda&#8230; Si sobrevivo f\u00edsica y mentalmente a mi primer partido la semana que viene, iremos a Asia, donde me gustar\u00eda jugar algo\u00bb <\/strong>manifest\u00f3 hace una semana al podcast Rakety de Rep\u00fablica Checa.<\/p>\n<p>Pliskova ingres\u00f3 al torneo portugu\u00e9s con ranking protegido (N\u00b044 del mundo). Por lo que, en caso de querer, podr\u00eda disputar alg\u00fan certamen a nivel 1000 (Beijing o Wuhan), 500 (Ningbo) o 125 (Jingshan, Suzhou o Huzhou) en suelo asi\u00e1tico.<\/p>\n<p>Por lo pronto, su camino en el WTA 125 de Caldas da Rainha seguir\u00e1 en la segunda ronda, donde chocar\u00e1 frente a la joven rusa de 21 a\u00f1os, Polina Iatcenko. La oriunda de Vor\u00f3nezh viene de cargarse a una de las principales preclasificadas del certamen, Matilde Jorge, por doble 6-1.<\/p>\n","protected":false},"excerpt":{"rendered":"15 de sep, 2025, 15:26 ET Despu\u00e9s de poner su carrera en pausa por poco m\u00e1s de un&hellip;\n","protected":false},"author":2,"featured_media":119309,"comment_status":"","ping_status":"","sticky":false,"template":"","format":"standard","meta":{"footnotes":""},"categories":[274],"tags":[168,25,24,23,167,327,326],"class_list":{"0":"post-119308","1":"post","2":"type-post","3":"status-publish","4":"format-standard","5":"has-post-thumbnail","7":"category-tenis","8":"tag-deportes","9":"tag-es","10":"tag-espana","11":"tag-spain","12":"tag-sports","13":"tag-tenis","14":"tag-tennis"},"share_on_mastodon":{"url":"","error":""},"_links":{"self":[{"href":"https:\/\/www.europesays.com\/es\/wp-json\/wp\/v2\/posts\/119308","targetHints":{"allow":["GET"]}}],"collection":[{"href":"https:\/\/www.europesays.com\/es\/wp-json\/wp\/v2\/posts"}],"about":[{"href":"https:\/\/www.europesays.com\/es\/wp-json\/wp\/v2\/types\/post"}],"author":[{"embeddable":true,"href":"https:\/\/www.europesays.com\/es\/wp-json\/wp\/v2\/users\/2"}],"replies":[{"embeddable":true,"href":"https:\/\/www.europesays.com\/es\/wp-json\/wp\/v2\/comments?post=119308"}],"version-history":[{"count":0,"href":"https:\/\/www.europesays.com\/es\/wp-json\/wp\/v2\/posts\/119308\/revisions"}],"wp:featuredmedia":[{"embeddable":true,"href":"https:\/\/www.europesays.com\/es\/wp-json\/wp\/v2\/media\/119309"}],"wp:attachment":[{"href":"https:\/\/www.europesays.com\/es\/wp-json\/wp\/v2\/media?parent=119308"}],"wp:term":[{"taxonomy":"category","embeddable":true,"href":"https:\/\/www.europesays.com\/es\/wp-json\/wp\/v2\/categories?post=119308"},{"taxonomy":"post_tag","embeddable":true,"href":"https:\/\/www.europesays.com\/es\/wp-json\/wp\/v2\/tags?post=119308"}],"curies":[{"name":"wp","href":"https:\/\/api.w.org\/{rel}","templated":true}]}}