{"id":119318,"date":"2025-09-16T18:49:06","date_gmt":"2025-09-16T18:49:06","guid":{"rendered":"https:\/\/www.europesays.com\/es\/119318\/"},"modified":"2025-09-16T18:49:06","modified_gmt":"2025-09-16T18:49:06","slug":"rosa-clara-y-su-hijo-dani-clara-revelan-el-secreto-con-el-que-la-firma-ha-conseguido-cumplir-30-anos-mas-solida-que-nunca","status":"publish","type":"post","link":"https:\/\/www.europesays.com\/es\/119318\/","title":{"rendered":"Rosa Clar\u00e1 y su hijo, Dani Clar\u00e1, revelan el secreto con el que la firma ha conseguido cumplir 30 a\u00f1os m\u00e1s s\u00f3lida que nunca"},"content":{"rendered":"<p data-journey-content=\"true\" data-node-id=\"3\" class=\"css-i9p093 emevuu60\">No es f\u00e1cil mantenerse <strong data-node-id=\"3.1\">30 a\u00f1os<\/strong> como una de las firmas de <strong data-node-id=\"3.3\">moda nupcial<\/strong> m\u00e1s punteras, no s\u00f3lo de Espa\u00f1a, sino tambi\u00e9n del extranjero, pero <strong data-node-id=\"3.5\">Rosa Clar\u00e1 puede decirlo con la boca bien grande<\/strong>. La fundadora de su marca hom\u00f3nima est\u00e1 este septiembre de <strong data-node-id=\"3.7\">celebraci\u00f3n<\/strong>, y con motivo de esta efem\u00e9ride ha querido compartir <strong data-node-id=\"3.9\">una conversaci\u00f3n con su hijo, Dani Clar\u00e1, sobre el futuro de la misma<\/strong>, ya que es la segunda generaci\u00f3n al frente de la firma junto a ella, en la que ambos han querido, tambi\u00e9n,<strong data-node-id=\"3.11\"> repasar los hitos de sus tres d\u00e9cadas en la industria y echan una mirada optimista al futuro<\/strong>.<\/p>\n<p data-journey-content=\"true\" data-node-id=\"6\" class=\"css-i9p093 emevuu60\">C\u00f3mplices y entusiastas, tanto Rosa como Dani Clar\u00e1 han compartido<strong data-node-id=\"6.1\"> su visi\u00f3n para el futuro<\/strong>, pero tambi\u00e9n <strong data-node-id=\"6.3\">con la vista puesta atr\u00e1s, orgullosos de todo lo que han logrado<\/strong>, no s\u00f3lo por sus dise\u00f1os, sino por su apuesta clara y su<strong data-node-id=\"6.5\"> \u00abobsesi\u00f3n por la calidad\u00bb<\/strong>, tal y como confirma Dani, que <strong data-node-id=\"6.7\">ya en 1995 era su m\u00e1xima, y lo sigue siendo en 2025<\/strong>. Un punto clave de la firma que les ha hecho crecer como las ramas de un frondoso \u00e1rbol,<strong data-node-id=\"6.9\"> desde su primera boutique en el Paseo de Gracia de Barcelona a los m\u00e1s de 4.000 puntos de venta en 83 pa\u00edses diferentes<\/strong>.<\/p>\n<p><img draggable=\"true\" alt=\"rosa clara y su hijo, dani clara\" title=\"Rosa Clara y su hijo, Dani Clara\" loading=\"lazy\" width=\"3000\" height=\"2000\" decoding=\"async\" data-nimg=\"1\" style=\"color:transparent;width:100%;height:auto;\"   src=\"https:\/\/www.europesays.com\/es\/wp-content\/uploads\/2025\/09\/rosa-y-dani-clara-68c977cb59ef5.jpg\" class=\"css-0 e1g79fud0\"\/><\/p>\n<p>Imagen cedida por la firma Rosa Clar\u00e1<\/p>\n<p>Rosa Clar\u00e1 celebra 30 a\u00f1os creciendo m\u00e1s que nunca<\/p>\n<p data-journey-content=\"true\" data-node-id=\"10\" class=\"css-i9p093 emevuu60\">Esta historia, que comenz\u00f3 con la visi\u00f3n pionera de Rosa Clar\u00e1, contin\u00faa hoy con <strong data-node-id=\"10.1\">Dani Clar\u00e1 preparado para asumir el futuro de la firma<\/strong>. Lo har\u00e1 en un momento dulce para el Grupo Rosa Clar\u00e1, consolidado como la mayor compa\u00f1\u00eda espa\u00f1ola de moda nupcial, y en plena <strong data-node-id=\"10.3\">expansi\u00f3n en Estados Unidos<\/strong> y con la nueva sede de 22.000 metros cuadrados en l\u2019Hospitalet de Llobregat (Barcelona) en construcci\u00f3n. <strong data-node-id=\"10.5\">Ahora Rosa ve orgullosa c\u00f3mo su hijo no s\u00f3lo sigue sus pasos, sino que su visi\u00f3n globalista est\u00e1 llevando a la firma a niveles inimaginables hace 30 a\u00f1os<\/strong>: \u00abMi reto no es solo seguir evolucionando la empresa, sino hacerlo manteniendo su ADN\u00bb, afirma \u00e9l.<\/p>\n<p data-journey-content=\"true\" data-node-id=\"14\" class=\"css-i9p093 emevuu60\"><strong data-node-id=\"14.0\">Inimaginable, quiz\u00e1 s\u00ed, pero no inalcanzable<\/strong>, porque el trabajo duro siempre tiene su recompensa: \u00ab<strong data-node-id=\"14.2\">Esfuerzo, esfuerzo, esfuerzo. No solo m\u00edo, sino de todo un equipo de personas que han estado luchando por este proyecto familiar tan importante para nosotros<\/strong>\u00ab, cuenta Rosa Clar\u00e1. Y es que, tal y como dicen desde la firma, \u00abeste aniversario no solo celebra tres d\u00e9cadas de innovaci\u00f3n y compromiso con la calidad, sino tambi\u00e9n la misi\u00f3n que ha guiado a la firma desde el primer d\u00eda: <strong data-node-id=\"14.4\">acompa\u00f1ar a cada novia en uno de los d\u00edas m\u00e1s felices de su vida y vestir sus sue\u00f1os con dise\u00f1os \u00fanicos, elegantes y llenos de magia nupcial<\/strong>\u00ab. \u00a1Brindamos por otros 30, como m\u00ednimo!<\/p>\n<p><img draggable=\"true\" alt=\"imagen de archivo de una modelo desfilando con vestido de novia de la firma rosa clara\" title=\"imagen de archivo de una modelo desfilando con vestido de novia de la firma Rosa Clara\" loading=\"lazy\" width=\"3000\" height=\"4559\" decoding=\"async\" data-nimg=\"1\" style=\"color:transparent;width:100%;height:auto;\"   src=\"https:\/\/www.europesays.com\/es\/wp-content\/uploads\/2025\/09\/vestido-novia-desfile-rosa-clara-68c977fc496c9.jpg\" class=\"css-0 e1g79fud0\"\/><\/p>\n<p>Gtres<\/p>\n<p><img src=\"https:\/\/www.europesays.com\/es\/wp-content\/uploads\/2025\/09\/1758048546_190_efed3e56-411c-4c5f-aad1-8194ce4fe362_1700500172.file\" alt=\"Headshot of Redacci\u00f3n Diez Minutos\" title=\"Headshot of Redacci\u00f3n Diez Minutos\" width=\"100%\" height=\"100%\" decoding=\"async\" loading=\"lazy\" class=\"css-o0wq4v ev8dhu53\"\/><\/p>\n<p>\u00a0En Diez Minutos somos especialistas en cubrir todas las noticias del coraz\u00f3n y de la monarqu\u00eda para acercarte a las vidas de todos esos personajes a los que admiras.<\/p>\n<p>Descubre con nosotros la \u00faltima hora de los famosos nacionales e internacionales m\u00e1s relevantes: sus pol\u00e9micas, sus historias amorosas y familiares y sus proyectos profesionales con nuestras entrevistas, videos y reportajes. Tambi\u00e9n te mostramos el d\u00eda a d\u00eda de la realeza, cont\u00e1ndote con especial detalle la vida personal y familiar de nuestros Reyes: Felipe VI y Letizia y sus hijas Leonor y Sof\u00eda.<\/p>\n<p>Diez Minutos es mucho m\u00e1s que cr\u00f3nica social. Queremos hacerte la vida m\u00e1s f\u00e1cil y cuidar de ti. Por eso, publicamos una amplia selecci\u00f3n de contenidos pr\u00e1cticos para ayudarte en tu econom\u00eda dom\u00e9stica, en la decoraci\u00f3n de tu casa o en tu bienestar f\u00edsico y emocional. Tambi\u00e9n encontrar\u00e1s todo tipo de noticias y reportajes sobre el embarazo y la maternidad para facilitarte este proceso de la vida.<\/p>\n<p>La cocina es otra parte fundamental de esta gu\u00eda pr\u00e1ctica con la mejor selecci\u00f3n de recetas y consejos para llevar una dieta saludable y variada. Y todo ello sin olvidarnos de los contenidos de moda y belleza que te har\u00e1n estar a la \u00faltima en las tendencias del momento con numerosas propuestas, ofertas y novedades.<\/p>\n<p>Te lo contamos todo con la misma rigurosidad y cercan\u00eda con la que te llevamos acompa\u00f1ando desde hace 72 a\u00f1os, cuando un 1 de septiembre de 1951 la revista vio la luz por primera vez. Muchas cosas han cambiado en lo que se refiere a la parte t\u00e9cnica, pero lo que te aseguramos es que el equipo que forma esta redacci\u00f3n realiza su trabajo con entusiasmo y entrega pensando en cada uno de vosotros para que encontr\u00e9is aqu\u00ed el sitio ideal donde disfrutar de la vida.<\/p>\n<p>El equipo digital de Diez Minutos est\u00e1 formado por:<\/p>\n<p><a href=\"https:\/\/www.diezminutos.es\/author\/15369\/rosa-prieto\/\" rel=\"nofollow noopener\" target=\"_blank\">Rosa Prieto:<\/a> Directora digital.<\/p>\n<p><a href=\"https:\/\/www.diezminutos.es\/author\/18095\/silvia-criado\/\" rel=\"nofollow noopener\" target=\"_blank\">Silvia Criado:<\/a> Jefa de secci\u00f3n digital.<\/p>\n<p><a href=\"https:\/\/www.diezminutos.es\/author\/16262\/magdalena-pinero\/\" rel=\"nofollow noopener\" target=\"_blank\">Magdalena Pi\u00f1ero:<\/a> redactora digital.\u00a0<\/p>\n<p><a href=\"https:\/\/www.diezminutos.es\/author\/16270\/daniel-reyes\/\" rel=\"nofollow noopener\" target=\"_blank\">Daniel Reyes:<\/a> redactor digital.<\/p>\n<p><a href=\"https:\/\/www.diezminutos.es\/author\/221934\/ignacio-herruzo\/\" rel=\"nofollow noopener\" target=\"_blank\">Ignacio Herruzo<\/a>: redactor digital.<\/p>\n<p><a href=\"https:\/\/www.diezminutos.es\/author\/740003\/nora-camara\/\" rel=\"nofollow noopener\" target=\"_blank\">Nora C\u00e1mara<\/a>: redactora digital.\u00a0<\/p>\n","protected":false},"excerpt":{"rendered":"No es f\u00e1cil mantenerse 30 a\u00f1os como una de las firmas de moda nupcial m\u00e1s punteras, no s\u00f3lo&hellip;\n","protected":false},"author":2,"featured_media":119319,"comment_status":"","ping_status":"","sticky":false,"template":"","format":"standard","meta":{"footnotes":""},"categories":[174],"tags":[255,253,146,147,25,24,256,23],"class_list":{"0":"post-119318","1":"post","2":"type-post","3":"status-publish","4":"format-standard","5":"has-post-thumbnail","7":"category-famosos","8":"tag-celebrities","9":"tag-discover","10":"tag-entertainment","11":"tag-entretenimiento","12":"tag-es","13":"tag-espana","14":"tag-famosos","15":"tag-spain"},"share_on_mastodon":{"url":"","error":""},"_links":{"self":[{"href":"https:\/\/www.europesays.com\/es\/wp-json\/wp\/v2\/posts\/119318","targetHints":{"allow":["GET"]}}],"collection":[{"href":"https:\/\/www.europesays.com\/es\/wp-json\/wp\/v2\/posts"}],"about":[{"href":"https:\/\/www.europesays.com\/es\/wp-json\/wp\/v2\/types\/post"}],"author":[{"embeddable":true,"href":"https:\/\/www.europesays.com\/es\/wp-json\/wp\/v2\/users\/2"}],"replies":[{"embeddable":true,"href":"https:\/\/www.europesays.com\/es\/wp-json\/wp\/v2\/comments?post=119318"}],"version-history":[{"count":0,"href":"https:\/\/www.europesays.com\/es\/wp-json\/wp\/v2\/posts\/119318\/revisions"}],"wp:featuredmedia":[{"embeddable":true,"href":"https:\/\/www.europesays.com\/es\/wp-json\/wp\/v2\/media\/119319"}],"wp:attachment":[{"href":"https:\/\/www.europesays.com\/es\/wp-json\/wp\/v2\/media?parent=119318"}],"wp:term":[{"taxonomy":"category","embeddable":true,"href":"https:\/\/www.europesays.com\/es\/wp-json\/wp\/v2\/categories?post=119318"},{"taxonomy":"post_tag","embeddable":true,"href":"https:\/\/www.europesays.com\/es\/wp-json\/wp\/v2\/tags?post=119318"}],"curies":[{"name":"wp","href":"https:\/\/api.w.org\/{rel}","templated":true}]}}