{"id":119324,"date":"2025-09-16T18:52:11","date_gmt":"2025-09-16T18:52:11","guid":{"rendered":"https:\/\/www.europesays.com\/es\/119324\/"},"modified":"2025-09-16T18:52:11","modified_gmt":"2025-09-16T18:52:11","slug":"la-promesa-avance-del-capitulo-del-miercoles-17-de-septiembre-valladares-cruza-una-linea-roja-con-catalina-el-mundo","status":"publish","type":"post","link":"https:\/\/www.europesays.com\/es\/119324\/","title":{"rendered":"&#039;La Promesa&#039;, avance del cap\u00edtulo del mi\u00e9rcoles 17 de septiembre: Valladares cruza una l\u00ednea roja con Catalina &#8211; El Mundo"},"content":{"rendered":"<ol>\n<li><a href=\"https:\/\/news.google.com\/rss\/articles\/CBMiiAFBVV95cUxQZXN2VHNneEFvOU9xVktKNjFUR0V1X0ZhcDdzTm5fOE5KLTZqbnJSRjJaWWtIQ3hweXFvX0dBSU16OGJnQkJVWFBiRUVSR1l4SFg4WE5ScFAxcVByUEtoZGVXdzFBVXR2blJKN1FxY3V5M0gwRDVxcmhrZTdhSHJUT0pPS3NneHlP0gGIAUFVX3lxTFBqbWR5bXhzSXhCT0lnejJ6Yi1YWmlsanY2RmsyQkhXZVhHWko1bldKV25PZWF6V1AydjJfUWV1bmUwQVRTVkxvR2ozTklZQTdidHJLWGlHSHpRQ1Q0V0RTYVBYcFdvblBOWFhWcWkxSEZoYmliMFIyTjJXdk9rS3hMT1FRNFdsQ1I?oc=5\" target=\"_blank\" rel=\"nofollow noopener\">&#8216;La Promesa&#8217;, avance del cap\u00edtulo del mi\u00e9rcoles 17 de septiembre: Valladares cruza una l\u00ednea roja con Catalina<\/a>&nbsp;&nbsp;El Mundo<\/li>\n<li><a href=\"https:\/\/news.google.com\/rss\/articles\/CBMixAFBVV95cUxNMmlNQkpKaE9LWXdaM3hMREY4RTJNaUo3YmtSUXZPTFBmN2FYU0FiWGkxZTJNVmtDeUx1ZVhOYVpoNjhtREszMU9zMGVoZ2gtbkVFOVVEeHNXU3NjcmtBaXNlU1Q0NEJvNUtZYkYycVg4UmR6SF9obXo0Z0ZlTTBwbWJBUjlCM25ibDEzMjdkNG9WVUJtUXF6T000QmpzUmc5dzFsc2FTbFBic1RGam12S1h3aVB3aWZNdTBlejBIcHNJLXhK0gHKAUFVX3lxTFBzMjUtTHFIN3E1VFZPTGhLWmRFdzl1dmdEMlVjc2ZybUtLT1FhQTJiRzBWclJGWHpucWhlR1BLZzZHbV85a09Sa19zZHVqMWZXbkFqOEJ5UGdEU1U2WGR4WkwxVjR5ZUF3REFtb1FGS1kzaFFSbmNFVkhyMGRZVjk3VEZMUTkyUXhxMWxzaS1UNk1iRmhCMzI0eEhiVEJSNnBqOFBzZVZNcE5rQWVOQkp5cERhYmhLQWswazk5UjBfTTJzX0tSaEswZXc?oc=5\" target=\"_blank\" rel=\"nofollow noopener\">Avance del cap\u00edtulo de &#8216;La Promesa&#8217; del mi\u00e9rcoles, 17 de septiembre: la peor amenaza de Valladares hasta la fecha<\/a>&nbsp;&nbsp;El Confidencial<\/li>\n<li><a href=\"https:\/\/news.google.com\/rss\/articles\/CBMiiAFBVV95cUxOUFFyR0hVYXdud2pDTTF1YThTcnB4Q0hjb2FRWThqUE9kd3lSOUdOTWkyLVYwNzI0NjV3LVhsMXFxYkh2ZEtPX1h1UU82dHhfdFk1QUltNm5YdFktOFRQaXoybnE3clB6d2RaSDg3MDJMN1JfM0VaWHZHVUpoNEhXVUJudnZSRkVS0gGIAUFVX3lxTE5Md2V4aFBXWGJiLU8wdzA1UENfU0F0TXUyMGRJWHdhRDc4eTBNcjlkVkxaMklmQ1Y4V1lTajBKT0JNOG9yMW8xdGIxX3BfX0Y5TmJFMlU2cHBFMk5jdl9RbEVpVjB6UXFTTHNLV1I2WFpBZndRQUJIbjJ2SWpYdlNlUTJWRFN2VzA?oc=5\" target=\"_blank\" rel=\"nofollow noopener\">Avance de &#8216;La Promesa&#8217; del cap\u00edtulo 676 de hoy, martes 16 de septiembre: Samuel est\u00e1 roto por P\u00eda<\/a>&nbsp;&nbsp;El Mundo<\/li>\n<li><a href=\"https:\/\/news.google.com\/rss\/articles\/CBMiuAFBVV95cUxQR3pJT000RmxjY3pSZFAyaGVyUWRFcmNmdDY5Y2xpWENnQ0V4M2VxcndvZVU5X3lZdG1TWTAwLVRvYlRSQUJfM0lpN0NxQnhITDZmRzVRUHRyanNUckRjSGZkV0NOcEdmOGExREhEbEFBUUtKWDBFaWItYmZrakRwZ0FaUFB3QmI5aHRvWDh5ai12b3NHVU1OUFEtQ0VZQTREYkZ4ME81ZldQWndwSTR1eVUtUTdrbWN4?oc=5\" target=\"_blank\" rel=\"nofollow noopener\">&#8216;La Promesa&#8217; avanza el plan de Lorenzo para casarse con \u00c1ngela y Catalina se enfrenta a Valladares en RTVE<\/a>&nbsp;&nbsp;elDiario.es<\/li>\n<li><a href=\"https:\/\/news.google.com\/rss\/articles\/CBMimgFBVV95cUxNZzJJdnNuck1kSFozaXBjQUx3dzRnM2dKLUI4WlZFNnpNM3dmWFA3OGc0VlpFczZUYXBFZnE1SkhtY0xGdjQydE03TFJUYzVTVkJIVHlTZmZ0UnIzc3RFajAyV19DUHQtNGtwQ2JRZWJEX2xfZUFDckV1YklSUG80cHNFTWU0MVA4Y1BFcTFMTEpsU3JWUGVhTzdB?oc=5\" target=\"_blank\" rel=\"nofollow noopener\">&#8216;La Promesa&#8217; decide dar una \u00faltima hora sobre Carmen Asecas: es muy preocupante<\/a>&nbsp;&nbsp;xcatalunya.cat<\/li>\n<\/ol>\n","protected":false},"excerpt":{"rendered":"&#8216;La Promesa&#8217;, avance del cap\u00edtulo del mi\u00e9rcoles 17 de septiembre: Valladares cruza una l\u00ednea roja con Catalina&nbsp;&nbsp;El Mundo&hellip;\n","protected":false},"author":2,"featured_media":119325,"comment_status":"","ping_status":"","sticky":false,"template":"","format":"standard","meta":{"footnotes":""},"categories":[171],"tags":[11030,146,147,25,24,11031,805,23,807,11029,6761,214],"class_list":{"0":"post-119324","1":"post","2":"type-post","3":"status-publish","4":"format-standard","5":"has-post-thumbnail","7":"category-tv","8":"tag-cineseries","9":"tag-entertainment","10":"tag-entretenimiento","11":"tag-es","12":"tag-espana","13":"tag-la-promesa","14":"tag-series","15":"tag-spain","16":"tag-television","17":"tag-television-series","18":"tag-tresb","19":"tag-tv"},"share_on_mastodon":{"url":"","error":""},"_links":{"self":[{"href":"https:\/\/www.europesays.com\/es\/wp-json\/wp\/v2\/posts\/119324","targetHints":{"allow":["GET"]}}],"collection":[{"href":"https:\/\/www.europesays.com\/es\/wp-json\/wp\/v2\/posts"}],"about":[{"href":"https:\/\/www.europesays.com\/es\/wp-json\/wp\/v2\/types\/post"}],"author":[{"embeddable":true,"href":"https:\/\/www.europesays.com\/es\/wp-json\/wp\/v2\/users\/2"}],"replies":[{"embeddable":true,"href":"https:\/\/www.europesays.com\/es\/wp-json\/wp\/v2\/comments?post=119324"}],"version-history":[{"count":0,"href":"https:\/\/www.europesays.com\/es\/wp-json\/wp\/v2\/posts\/119324\/revisions"}],"wp:featuredmedia":[{"embeddable":true,"href":"https:\/\/www.europesays.com\/es\/wp-json\/wp\/v2\/media\/119325"}],"wp:attachment":[{"href":"https:\/\/www.europesays.com\/es\/wp-json\/wp\/v2\/media?parent=119324"}],"wp:term":[{"taxonomy":"category","embeddable":true,"href":"https:\/\/www.europesays.com\/es\/wp-json\/wp\/v2\/categories?post=119324"},{"taxonomy":"post_tag","embeddable":true,"href":"https:\/\/www.europesays.com\/es\/wp-json\/wp\/v2\/tags?post=119324"}],"curies":[{"name":"wp","href":"https:\/\/api.w.org\/{rel}","templated":true}]}}