{"id":119326,"date":"2025-09-16T18:53:06","date_gmt":"2025-09-16T18:53:06","guid":{"rendered":"https:\/\/www.europesays.com\/es\/119326\/"},"modified":"2025-09-16T18:53:06","modified_gmt":"2025-09-16T18:53:06","slug":"cronica-y-fotos-de-rage-iron-savior-leo-jimenez-sakata-en-fuenlabrada-madrid","status":"publish","type":"post","link":"https:\/\/www.europesays.com\/es\/119326\/","title":{"rendered":"Cr\u00f3nica y fotos de RAGE + IRON SAVIOR + LEO JIMENEZ + SAKATA en Fuenlabrada, Madrid"},"content":{"rendered":"<p>\u00a0<\/p>\n<tr>\n<td>\n<img fetchpriority=\"high\" decoding=\"async\" src=\"https:\/\/www.europesays.com\/es\/wp-content\/uploads\/2025\/09\/logo2021.png\" alt=\"RAGE\" width=\"400\" height=\"163\"\/>\n<\/td>\n<\/tr>\n<p><strong>+ IRON SAVIOR + LEO JIMENEZ + SAKATA<\/strong><br \/>\n<strong>Jueves 11 de septiembre \u2013 Auditorio Joaqu\u00edn Sabina \u2013 Fuenlabrada \u2013 Madrid<\/strong><\/p>\n<p>Fue una tarde noche estupenda. Un a\u00f1o m\u00e1s, el Ayuntamiento de Fuenlabrada sigui\u00f3 apoyando el rock y el metal, organizando un festival gratuito, esta vez en el nuevo recinto ferial, -el Auditorio Joaqu\u00edn Sabina -, curiosamente muy cerca de mi casa. Tengo que hacer menci\u00f3n especial a Edu Fern\u00e1ndez, ex bajista de Leo, -quien trabaja en el Ayuntamiento y empuj\u00f3 para que esta noche fuera posible-, Jos\u00e9 Antonio Gallardo, Jos\u00e9 Luis Carnes y el equipo de Last Tour por hacerlo f\u00e1cil. Vale que los horarios no era los mejores, al ser jueves, pero eso no fue \u00f3bice para que fuera una gran fiesta, en la que tuve el placer de pinchar en video desde la apertura de puertas y entre banda y banda.<\/p>\n<p><strong>SAKATA<\/strong><\/p>\n<p>Los locales <strong>SAKATA<\/strong> fueron los primeros.<\/p>\n<p>Le pusieron pundonor y ganas y fueron calentando la velada con temas como \u00abCreador\u00bb, \u00abEn alg\u00fan lugar\u00bb o \u00abS\u00edgueme\u00bb.<\/p>\n<p>Lo de apoyar a las bandas locales siempre est\u00e1 bien, y en este caso el Ayuntamiento de Fuenlabrada cumpli\u00f3.<\/p>\n<p>Desde <a href=\"http:\/\/Rafabasa.com\" rel=\"nofollow noopener\" target=\"_blank\">Rafabasa.com<\/a> deseamos a <strong>SAKATA<\/strong> el m\u00e1s prometedor futuro.<\/p>\n<p><strong>LEO JIM\u00c9NEZ<\/strong><\/p>\n<p><strong><a href=\"https:\/\/www.leojimenez.net\/\" target=\"_blank\" rel=\"noopener nofollow\">Leo Jim\u00e9nez<\/a><\/strong> , curiosamente tambi\u00e9n vive en Fuenlabrada, por lo que en parte, se podr\u00eda considerar como \u00abartista local\u00bb. Leo siempre se enorgullece decir que es \u00abde Fuenla\u00bb, por lo que fue un premio para todos que tocara. Leo se hizo acompa\u00f1ar por \u00abLos Leos\u00bb habituales: Carlos Exp\u00f3sito a la bater\u00eda, Rufo Cantero a la guitarra, Christian Ju\u00e1rez a la guitarra y voces y Patricio Babasasa al bajo.<\/p>\n<p>Dado el gran nombre que <strong>Leo<\/strong> posee, congreg\u00f3 a una buena multitud, interesada mayoritariamente en ver y escuchar al cantante. Una parte de la audiencia quer\u00eda comprobar si el estado del vocalista, era \u00f3ptimo\u2026 Pues yo creo que qued\u00f3 muy claro que Leo Jim\u00e9nez ha vuelto, Leo estuvo vocal y esc\u00e9nicamente en plena forma, cantando muy bien y dej\u00e1ndose la piel en el escenario, al lado de una banda con plenas garant\u00edas y mucho nivel. Es claro que Leo estuvo colosal, sin duda.<\/p>\n<p><strong>Leo<\/strong>\u00a0 pis\u00f3 el escenario llamando la atenci\u00f3n del p\u00fablico dando palmas, entregad\u00edsimo, movi\u00e9ndose a punta a punta, agitando su otra vez larga melena, y con la\u00a0 \u00a0voz en plena forma, cantando en todos los tonos habituales, y tirando de agudos, como en sus mejores tiempos.<\/p>\n<p>El repertorio arranc\u00f3 con \u201cDesde Ni\u00f1o\u201d y \u201cCon raz\u00f3n y sin raz\u00f3n\u201d, haciendo las delicias de la asistencia, volcada con el grupo, donde toda la banda demostr\u00f3 su gran status. Esta noche rompo una lanza por el bajista Patricia, quien estuvo muy tranquilo, pero toc\u00f3 como el gran maestro que es. \u00a1\u00a1\u00a1Incre\u00edble bajista!!!<\/p>\n<p>Pronto sali\u00f3 el primer invitado;<strong> Ruben Kelsen de DEBLER<\/strong>, para cantar a d\u00fao con Leo una afilad\u00edsima \u201cVolar\u201d. <strong>Kelsen<\/strong> cant\u00f3 muy bien, y defendi\u00f3 de maravilla las partes m\u00e1s altas al un\u00edsono y en solitario.<\/p>\n<p>La apisonadora vocal y humana de <strong>Korpa<\/strong> sali\u00f3 a escena por primera vez para hacer las voces m\u00e1s rudas junto a Leo en \u201cSoy Libertad\u201d. A partir de este instante, Leo se relaj\u00f3 un poco, agarr\u00f3 su guitarra para interpretar \u201cMisantrop\u00eda\u201d y \u201cCondenado\u201d, hasta que volvi\u00f3 a escena <strong>Korpa<\/strong> para marcarse un brutal \u201cMessias\u201d.<\/p>\n<p>Leo y todo el grupo nos deleit\u00f3 con el gran \u201cLl\u00e9vame\u201d y su melod\u00eda y sentimiento supremo, donde Leo realiz\u00f3 una gran interpretaci\u00f3n.<\/p>\n<p>Tocaron \u201cCielo e Infierno\u201d y sali\u00f3 a escena el gran <strong>Niko del Hierro<\/strong> para marcarse una explosiva versi\u00f3n de \u201cVientos de Guerra\u201d de <strong>SARATOGA<\/strong>, con dos bajistas, y <strong><a href=\"https:\/\/www.leojimenez.net\/\" target=\"_blank\" rel=\"noopener nofollow\">Leo Jim\u00e9nez<\/a><\/strong> cantando inmejorablemente bien. A <strong>Niko<\/strong> y <strong>Leo<\/strong> se les vio felices.<\/p>\n<p>Y cerraron la lata con \u201cGrande\u201d al que se sum\u00f3 a la guitarra \u00a0<strong>Migueloud de WORMED y STRAVAGANZZA\u00a0<\/strong>.<\/p>\n<p>El p\u00fablico pidi\u00f3 \u201cOtra\u201d, por lo que tocaron la versi\u00f3n de \u201cEs Por ti\u2026\u201d original de COMPLICES, tema que Leo lleva tocando desde hace tiempo.<\/p>\n<p>Un gran concierto. Un gran <strong><a href=\"https:\/\/www.leojimenez.net\/\" target=\"_blank\" rel=\"noopener nofollow\">Leo Jim\u00e9nez<\/a><\/strong>.<\/p>\n<p><strong>RAGE<\/strong><\/p>\n<p>El tr\u00edo estuvo demoledor. \u00a1\u00a1\u00a1Conciertazo de <a href=\"https:\/\/www.rage-official.com\/\" target=\"_blank\" rel=\"noopener nofollow\"><strong>RAGE<\/strong><\/a>!!!<\/p>\n<p>Peavy y sus dos compinches la liaron, y \u00a1\u00a1C\u00f3mo la liaron!!<\/p>\n<p><strong>Peter \u00abPeavy\u00bb Wagner<\/strong> estuvo plet\u00f3rico, bien respaldado por su amigo y bater\u00eda <strong>Vassilios \u00abLucky\u00bb Maniatopoulos <\/strong>y el \u00abnuevo\u00bb guitarrista <strong>Jean Bormann<\/strong>, que con mis respetos a sus predecesores, estuvo colosal, tanto musical, como esc\u00e9nicamente. Lo de Jean fue bestial.<\/p>\n<p>Desde el principio hasta el final \u201cHigher Than the Sky\u201d fue un viaje sonoro acojonante (perd\u00f3n por la palabra).<\/p>\n<p><strong>Peavy<\/strong> se dirigi\u00f3 varias veces al p\u00fablico en castellano. La palabra \u201cAmigos\u201d fue habitual casi en todas las presentaciones de las canciones.<\/p>\n<p>Sonaron potentes, perfectos, con la portada de su \u00faltimo trabajo \u201cA New World Rising\u201d de fondo.<\/p>\n<p>Empezaron con \u201cSent by the Devil\u201d de su \u00e1lbum \u201cBlack in Mind\u201d, sonando como en sus mejores tiempos y con Peavy al bajo y la voz, perfecto. Para seguir eligieron \u201c Shadow Out of Time\u201d del mismo \u00e1lbum y la impresionante \u201cSolitary Man\u201d de \u201cTrapped!\u201d.<\/p>\n<p><strong>Lucky<\/strong> estuvo feroz a los tambores y guitarrista <strong>Jean Bormann <\/strong>no par\u00f3 de hacer riffs, solos y moverse \u201ca tope\u201d, d\u00e1ndole a la banda una escena llena y muy intensa, algo de lo que para mi adolec\u00eda a\u00f1os anteriores, ya que <strong>Peavy<\/strong> apenas se mueve.<\/p>\n<p>Tras un correcto \u201cUnder a Black Crown\u201d lleg\u00f3 el bomb\u00e1stico \u201cStraight to Hell\u201d\u00a0 y \u201cFreedom\u201d del nuevo \u00e1lbum \u201cA New World Rising\u201d, que fue su primer single de\u00a0 adelanto, como claro alegato a la libertad.<\/p>\n<p>Siguieron con \u201cDays of December\u201d, que siempre me gusto y lo considero su mejor tema de su \u00e1lbum \u201cXIII\u201d. Me encanta su melod\u00eda. Pero caus\u00f3 m\u00e1s revoluci\u00f3n \u201cBlack in Mind\u201d, viajando a aquel gran disco de ese t\u00edtulo, y \u201cUntil I Die\u201d tambi\u00e9n del mismo.<\/p>\n<p><strong>Peavy <\/strong>segu\u00eda a lo suyo, cantando con su voz personal, \u00e1cida y profunda, <strong>Lucky<\/strong> dando ca\u00f1a a la bater\u00eda con pegada y mucha t\u00e9cnica y el \u00abnuevo\u00bb guitarrista<strong> Jean Bormann <\/strong>a mi me encant\u00f3 dejando claro que toca de maravilla, le da a <a href=\"https:\/\/www.rage-official.com\/\" target=\"_blank\" rel=\"noopener nofollow\"><strong>RAGE<\/strong><\/a> todo esc\u00e9nicamente y en cuanto a actitud estuvo sobresaliente.<\/p>\n<tr>\n<td width=\"50%\">\n<a href=\"https:\/\/www.europesays.com\/es\/wp-content\/uploads\/2025\/09\/1758048785_771_13.jpg\" title=\"RAGE - Auditorio Joaqu\u00edn Sabina - Fuenlabrada\" rel=\"lightbox[rage]\" data-slb-active=\"1\" data-slb-asset=\"285533358\" data-slb-internal=\"0\" data-slb-group=\"177800\"><img decoding=\"async\" src=\"https:\/\/www.europesays.com\/es\/wp-content\/uploads\/2025\/09\/1758048785_771_13.jpg\" alt=\"RAGE - Auditorio Joaqu\u00edn Sabina - Fuenlabrada\" width=\"200\"\/><\/a>\n<\/td>\n<td width=\"50%\">\n<a href=\"https:\/\/www.europesays.com\/es\/wp-content\/uploads\/2025\/09\/1758048785_312_14.jpg\" title=\"RAGE - Auditorio Joaqu\u00edn Sabina - Fuenlabrada\" rel=\"lightbox[rage]\" data-slb-active=\"1\" data-slb-asset=\"171744265\" data-slb-internal=\"0\" data-slb-group=\"177800\"><img decoding=\"async\" src=\"https:\/\/www.europesays.com\/es\/wp-content\/uploads\/2025\/09\/1758048785_312_14.jpg\" alt=\"RAGE - Auditorio Joaqu\u00edn Sabina - Fuenlabrada\" width=\"200\"\/><\/a>\n<\/td>\n<\/tr>\n<p>Tras \u201cBack In Time\u201d, del \u00e1lbum \u201cGhost\u201d \u00a0y \u201cRefuge\u201d \u00a0de \u201cThe Missing Link\u201d, uno de mis discos favoritos de RAGE, lleg\u00f3 la traca final, con las imprescindibles \u00abDon\u2019t Fear the Winter\u00bb y un \u00abHigher Than the Sky\u00bb, donde Peavy estuvo feliz, muy feliz, ante las reacci\u00f3n del p\u00fablico, que a la vez que el, cantaba desaforadamente su estribillo.<\/p>\n<p>El final fue apote\u00f3sico.<\/p>\n<p><strong>IRON SAVIOR<\/strong><\/p>\n<p>Y el cierre al festival lo pusieron <strong>IRON SAVIOR<\/strong>. Dado que las horas eran un tanto intempestivas, la mayor\u00eda de los asistentes optaron por marcharse, dado que muchos ten\u00edan que madrugar, y al ser jueves, pues imaginaos\u2026<\/p>\n<tr>\n<td width=\"50%\">\n<a href=\"https:\/\/www.europesays.com\/es\/wp-content\/uploads\/2025\/09\/15.jpg\" title=\"IRON SAVIOR - Auditorio Joaqu\u00edn Sabina - Fuenlabrada\" rel=\"lightbox[iron_savior]\" data-slb-active=\"1\" data-slb-asset=\"677474678\" data-slb-internal=\"0\" data-slb-group=\"177800\"><img decoding=\"async\" src=\"https:\/\/www.europesays.com\/es\/wp-content\/uploads\/2025\/09\/15.jpg\" alt=\"IRON SAVIOR - Auditorio Joaqu\u00edn Sabina - Fuenlabrada\" width=\"200\"\/><\/a>\n<\/td>\n<td width=\"50%\">\n<a href=\"https:\/\/www.europesays.com\/es\/wp-content\/uploads\/2025\/09\/16.jpg\" title=\"IRON SAVIOR - Auditorio Joaqu\u00edn Sabina - Fuenlabrada\" rel=\"lightbox[iron_savior]\" data-slb-active=\"1\" data-slb-asset=\"1928653891\" data-slb-internal=\"0\" data-slb-group=\"177800\"><img decoding=\"async\" src=\"https:\/\/www.europesays.com\/es\/wp-content\/uploads\/2025\/09\/16.jpg\" alt=\"IRON SAVIOR - Auditorio Joaqu\u00edn Sabina - Fuenlabrada\" width=\"200\"\/><\/a>\n<\/td>\n<\/tr>\n<p>Yo aguant\u00e9 hasta la mitad del show.<\/p>\n<p>Estuvieron muy bien, sonando poderosos, y entregados a la causa. Lo cierto es que<strong> IRON SAVIOR<\/strong> nunca han sido una banda de mayor\u00edas en este pa\u00eds, pero merecen mucho la pena.<\/p>\n<p>El grupo liderado por <strong>Piet Sielck <\/strong>siguen viviendo un gran momento, aunque ya lejos que sus inicios. Los alemanes fueron pioneros de alguna forma en el power metal, y Piet Sielck se rode\u00f3 de sus amigos\u00a0 Kai Hansen y\u00a0 Thomen Stauch de BLIND GUARDIAN, adem\u00e1s de las colaboraciones en su debut de\u00a0 Dirk Schl\u00e4chter\u00a0 y Hansi K\u00fcrsch; pero esos tiempos ya han pasado y la banda se ha quedado en lo que actualmente son, y en Fuenlabrada tiraron de cl\u00e1sicos y temas de su m\u00e1s reciente \u00e1lbum.<\/p>\n<p>Junto a <strong>Sielck<\/strong> sigue <strong>Joachim \u201cPiesel\u201d K\u00fcstner<\/strong>, guitarrista\u00a0 quien hace meses fue sometido a una cirug\u00eda de bypass coronario de urgencia en Hamburgo, pero toc\u00f3 \u00abde lujo\u00bb y lo dio todo, junto al resto del grupo teut\u00f3n.<\/p>\n<p>Lo que vi de su descarga me gust\u00f3. Todo gir\u00f3 alrededor de <strong>Piet<\/strong>, eso es claro.<\/p>\n<p>Abrieron su actuaci\u00f3n con un directo\u00a0 \u00abWay of the Blade\u00bb. Fueron momentos excelentes los marcados por \u00abSouleater\u00bb, de su disco \u00abSkycrest\u00bb, \u00abNever Stop Believing\u00bb y \u00abIn the Realm of Heavy Metal\u00bb.<\/p>\n<p>Poco m\u00e1s vi. pero disfrut\u00e9 plenamente de su himno \u00abHeavy Metal Never Dies\u00bb con su estribillo altamente pegadizo.<\/p>\n<p>En definitiva, un gran festival. \u00a0Animo \u00a0a los responsables del Ayuntamiento de Fuenlabrada para que el pr\u00f3ximo a\u00f1o sigan apostando por el rock y metal\u2026. Por favor\u2026.<\/p>\n<tr>\n<td width=\"50%\">\n<a href=\"https:\/\/www.europesays.com\/es\/wp-content\/uploads\/2025\/09\/1758048785_455_13.jpg\" title=\"IRON SAVIOR - Auditorio Joaqu\u00edn Sabina - Fuenlabrada\" rel=\"lightbox[iron_savior]\" data-slb-active=\"1\" data-slb-asset=\"420352828\" data-slb-internal=\"0\" data-slb-group=\"177800\"><img decoding=\"async\" src=\"https:\/\/www.europesays.com\/es\/wp-content\/uploads\/2025\/09\/1758048785_455_13.jpg\" alt=\"IRON SAVIOR - Auditorio Joaqu\u00edn Sabina - Fuenlabrada\" width=\"200\"\/><\/a>\n<\/td>\n<td width=\"50%\">\n<a href=\"https:\/\/www.europesays.com\/es\/wp-content\/uploads\/2025\/09\/1758048786_174_14.jpg\" title=\"IRON SAVIOR - Auditorio Joaqu\u00edn Sabina - Fuenlabrada\" rel=\"lightbox[iron_savior]\" data-slb-active=\"1\" data-slb-asset=\"1007853986\" data-slb-internal=\"0\" data-slb-group=\"177800\"><img decoding=\"async\" src=\"https:\/\/www.europesays.com\/es\/wp-content\/uploads\/2025\/09\/1758048786_174_14.jpg\" alt=\"IRON SAVIOR - Auditorio Joaqu\u00edn Sabina - Fuenlabrada\" width=\"200\"\/><\/a>\n<\/td>\n<\/tr>\n<p>El fin de la noche la cerr\u00f3 la <strong>DJ Wolf A<\/strong>, a la que saludo desde RafaBasa.com<\/p>\n<p><strong>Texto: Rafa Basa<\/strong><\/p>\n<p><strong>Fotos: Manu Arcas<\/strong><\/p>\n<p><strong>Para ver las fotos a mayor tama\u00f1o, pinchar sobre ellas.<\/strong><\/p>\n<p>\u00a0<\/p>\n<p><strong>M\u00e1s fotos de LEO JIMENEZ<\/strong><\/p>\n<p>\u00a0<\/p>\n<p>\u00a0<\/p>\n<p><strong>M\u00e1s fotos de SAKATA<\/strong><\/p>\n<p>\u00a0<\/p>\n<p>\u00a0<\/p>\n","protected":false},"excerpt":{"rendered":"\u00a0 + IRON SAVIOR + LEO JIMENEZ + SAKATA Jueves 11 de septiembre \u2013 Auditorio Joaqu\u00edn Sabina \u2013&hellip;\n","protected":false},"author":2,"featured_media":119327,"comment_status":"","ping_status":"","sticky":false,"template":"","format":"standard","meta":{"footnotes":""},"categories":[170],"tags":[146,147,25,24,27689,39568,184,185,37703,23],"class_list":{"0":"post-119326","1":"post","2":"type-post","3":"status-publish","4":"format-standard","5":"has-post-thumbnail","7":"category-musica","8":"tag-entertainment","9":"tag-entretenimiento","10":"tag-es","11":"tag-espana","12":"tag-iron-savior","13":"tag-leo-jimenez","14":"tag-music","15":"tag-musica","16":"tag-rage","17":"tag-spain"},"share_on_mastodon":{"url":"","error":""},"_links":{"self":[{"href":"https:\/\/www.europesays.com\/es\/wp-json\/wp\/v2\/posts\/119326","targetHints":{"allow":["GET"]}}],"collection":[{"href":"https:\/\/www.europesays.com\/es\/wp-json\/wp\/v2\/posts"}],"about":[{"href":"https:\/\/www.europesays.com\/es\/wp-json\/wp\/v2\/types\/post"}],"author":[{"embeddable":true,"href":"https:\/\/www.europesays.com\/es\/wp-json\/wp\/v2\/users\/2"}],"replies":[{"embeddable":true,"href":"https:\/\/www.europesays.com\/es\/wp-json\/wp\/v2\/comments?post=119326"}],"version-history":[{"count":0,"href":"https:\/\/www.europesays.com\/es\/wp-json\/wp\/v2\/posts\/119326\/revisions"}],"wp:featuredmedia":[{"embeddable":true,"href":"https:\/\/www.europesays.com\/es\/wp-json\/wp\/v2\/media\/119327"}],"wp:attachment":[{"href":"https:\/\/www.europesays.com\/es\/wp-json\/wp\/v2\/media?parent=119326"}],"wp:term":[{"taxonomy":"category","embeddable":true,"href":"https:\/\/www.europesays.com\/es\/wp-json\/wp\/v2\/categories?post=119326"},{"taxonomy":"post_tag","embeddable":true,"href":"https:\/\/www.europesays.com\/es\/wp-json\/wp\/v2\/tags?post=119326"}],"curies":[{"name":"wp","href":"https:\/\/api.w.org\/{rel}","templated":true}]}}