{"id":119346,"date":"2025-09-16T19:09:09","date_gmt":"2025-09-16T19:09:09","guid":{"rendered":"https:\/\/www.europesays.com\/es\/119346\/"},"modified":"2025-09-16T19:09:09","modified_gmt":"2025-09-16T19:09:09","slug":"los-patas-blancas-de-monteviejo-regresan-a-las-ventas-20-anos-despues","status":"publish","type":"post","link":"https:\/\/www.europesays.com\/es\/119346\/","title":{"rendered":"Los \u201cpatas blancas\u201d de Monteviejo regresan a Las Ventas 20 a\u00f1os despu\u00e9s"},"content":{"rendered":"<p>Los \u201cotros victorinos\u201d, las reses con el hierro de <strong>Monteviejo<\/strong> propiedad de <strong>Victorino Mart\u00edn,<\/strong> regresan este domingo 14 a <strong>Las Ventas<\/strong> en el que ser\u00e1 el segundo desaf\u00edo ganadero del mes de septiembre junto a la divisa de Partido de Resina. Lo hacen con toda la responsabilidad tras veinte temporadas de ausencia en el coso madrile\u00f1o en un cartel en el que se anuncian <strong>Seraf\u00edn Mar\u00edn, Juan Pablo S\u00e1nchez y Luis Gerpe<\/strong> (18:00h.).<\/p>\n<p><strong>\u201cSabemos que es una apuesta muy cara el volver a Madrid as\u00ed, porque nos van a exigir mucho, pero a veces hay que dar el paso\u201d, <\/strong>explica<strong>\u00a0Victorino Mart\u00edn<\/strong>\u00a0en la entrevista concedida a esta plaza para la\u00a0revista T(O)RO, la revista oficial del abonado, del mes de septiembre.<\/p>\n<p><strong>Victorino padre e hijo<\/strong> apostaron desde\u00a0finales\u00a0del siglo pasado\u00a0por otro\u00a0encaste distinto\u00a0al\u00a0<strong>Albaserrada<\/strong>\u00a0de la A coronada, el encaste\u00a0<strong>Vega-Villar<\/strong>, los patas blancas de <strong>Monteviejo<\/strong>, que desde entonces conviven en \u00abLas Tiesas\u00bb.<\/p>\n<p>Con\u00a0esta nueva adquisici\u00f3n, no tardaron en\u00a0lidiar en <strong>Madrid<\/strong>\u00a0dos corridas de toros en un mismo verano\u2026 y hasta debutaron en San Isidro: <strong>\u201cDebutamos directamente en Las Ventas tomando antig\u00fcedad con lo que vino de las vacas paridas de Barcial. Fue el 20 de junio del 99 y nosotros adquirimos las vacas en San Isidro del 95. Ese mismo a\u00f1o lidiamos otra, a principios de septiembre. Al a\u00f1o siguiente lidiamos tambi\u00e9n un par de corridas en Madrid. La Uni\u00f3n de Criadores de Toros de Lidia ten\u00eda estipulado, para que los hierros aspirantes ingresaran en lo que ahora es la RUCTL, que hab\u00eda que lidiar seis festejos mayores, daba igual donde, y nosotros debutamos con seis corridas en Madrid. Eso creo que es hist\u00f3rico tambi\u00e9n\u201d,<\/strong> explica\u00a0<strong>Victorino<\/strong>.<\/p>\n<p>Despu\u00e9s de una\u00a0\u00faltima tarde en 2005,\u00a0no han vuelto a lidiar en <strong>Madrid<\/strong>, porque as\u00ed lo han decidido ellos, cuenta\u00a0<strong>Victorino<\/strong>. Unos a\u00f1os que han servido de proceso para\u00a0formar la ganader\u00eda\u00a0y un tiempo, en el a\u00f1o 2018, en el que tambi\u00e9n se sum\u00f3 a esta casa la sangre <strong>Galache<\/strong> en la compra junto a <strong>Ferrera<\/strong>. No han estado presentes en <strong>Madrid<\/strong>, pero s\u00ed en otras plazas, adem\u00e1s cosechando varios \u00e9xitos.<\/p>\n<p><strong>\u201cEste toro en un futuro se va a buscar porque es un toro con una profundidad, un ritmo y una forma de embestir que hoy es muy raro encontrarlo\u201d, dice\u00a0Victorino<\/strong>\u00a0al preguntarle sobre el\u00a0futuro\u00a0de los\u00a0\u201cpatas blancas\u201d. Y muy seguro aclara, a pesar de ser un encaste <strong>\u201ca contracorriente\u201d<\/strong>, que: <strong>\u201cEl toreo va a evolucionar, sobre todo porque ha llegado Morante. La carrera de Morante ha sido una evoluci\u00f3n constante, y ha llegado a un punto de conocimientos y de profundizar en la profesi\u00f3n tremendos. Y piensa que, por momentos, mat\u00f3 la ganader\u00eda de Galache, y tuvo resultados important\u00edsimos\u201d.\u00a0<\/strong><\/p>\n<p>Este\u00a0domingo 21 de septiembre\u00a0regresa a <strong>Madrid<\/strong> en una apuesta may\u00fascula deseando todos, junto a Victorino, que se vea esa evoluci\u00f3n en este\u00a0legendario encaste: <strong>\u201cSabemos que la lidia es muy exigente y m\u00e1s con nosotros. Porque claro, a nosotros m\u00e1s que mirar o no el trabajo que se est\u00e1 haciendo, de que podamos estar buscando la recuperaci\u00f3n o mantenimiento de un encaste, a nosotros cuando lidiamos en Madrid se nos exige como a Victorino, \u00bfeh? Entonces sabemos que es una apuesta muy cara, el volver a Madrid as\u00ed, porque nos van a exigir mucho, pero a veces hay que dar el paso\u201d,<\/strong> concluye <strong>Victorino<\/strong> alto y claro.<\/p>\n<p><strong>VENTA DE ENTRADAS<\/strong><\/p>\n<p>Las entradas para este festejo est\u00e1n disponibles en la web oficial\u00a0www.las-ventas.com\u00a0y en las taquillas de la plaza de 10 a 14 y de 17 a 20h. Los abonados, tanto de feria como de temporada, podr\u00e1n adquirir hasta 4 entradas con descuento por titular en cualquier ubicaci\u00f3n de la plaza hasta las 14:00h. del d\u00eda de festejo. Los j\u00f3venes hasta 25 a\u00f1os contar\u00e1n con precio de abonado.<\/p>\n","protected":false},"excerpt":{"rendered":"Los \u201cotros victorinos\u201d, las reses con el hierro de Monteviejo propiedad de Victorino Mart\u00edn, regresan este domingo 14&hellip;\n","protected":false},"author":2,"featured_media":119347,"comment_status":"","ping_status":"","sticky":false,"template":"","format":"standard","meta":{"footnotes":""},"categories":[277],"tags":[373,168,25,24,3728,39572,1226,1227,39573,2596,23,167,625,374,35034],"class_list":{"0":"post-119346","1":"post","2":"type-post","3":"status-publish","4":"format-standard","5":"has-post-thumbnail","7":"category-toreo","8":"tag-bullfighting","9":"tag-deportes","10":"tag-es","11":"tag-espana","12":"tag-las-ventas","13":"tag-monteviejo","14":"tag-noticias-de-toros","15":"tag-noticias-taurinas","16":"tag-patas-blancas","17":"tag-regreso","18":"tag-spain","19":"tag-sports","20":"tag-tauromaquia","21":"tag-toreo","22":"tag-victorino-martin"},"share_on_mastodon":{"url":"","error":""},"_links":{"self":[{"href":"https:\/\/www.europesays.com\/es\/wp-json\/wp\/v2\/posts\/119346","targetHints":{"allow":["GET"]}}],"collection":[{"href":"https:\/\/www.europesays.com\/es\/wp-json\/wp\/v2\/posts"}],"about":[{"href":"https:\/\/www.europesays.com\/es\/wp-json\/wp\/v2\/types\/post"}],"author":[{"embeddable":true,"href":"https:\/\/www.europesays.com\/es\/wp-json\/wp\/v2\/users\/2"}],"replies":[{"embeddable":true,"href":"https:\/\/www.europesays.com\/es\/wp-json\/wp\/v2\/comments?post=119346"}],"version-history":[{"count":0,"href":"https:\/\/www.europesays.com\/es\/wp-json\/wp\/v2\/posts\/119346\/revisions"}],"wp:featuredmedia":[{"embeddable":true,"href":"https:\/\/www.europesays.com\/es\/wp-json\/wp\/v2\/media\/119347"}],"wp:attachment":[{"href":"https:\/\/www.europesays.com\/es\/wp-json\/wp\/v2\/media?parent=119346"}],"wp:term":[{"taxonomy":"category","embeddable":true,"href":"https:\/\/www.europesays.com\/es\/wp-json\/wp\/v2\/categories?post=119346"},{"taxonomy":"post_tag","embeddable":true,"href":"https:\/\/www.europesays.com\/es\/wp-json\/wp\/v2\/tags?post=119346"}],"curies":[{"name":"wp","href":"https:\/\/api.w.org\/{rel}","templated":true}]}}