{"id":119350,"date":"2025-09-16T19:12:11","date_gmt":"2025-09-16T19:12:11","guid":{"rendered":"https:\/\/www.europesays.com\/es\/119350\/"},"modified":"2025-09-16T19:12:11","modified_gmt":"2025-09-16T19:12:11","slug":"la-itf-manda-a-espana-al-decimo-puesto-del-ranking-y-alcaraz-y-sinner-podrian-topar-en-cuartos","status":"publish","type":"post","link":"https:\/\/www.europesays.com\/es\/119350\/","title":{"rendered":"La ITF manda a Espa\u00f1a al d\u00e9cimo puesto del ranking y Alcaraz y Sinner podr\u00edan topar en cuartos"},"content":{"rendered":"<p data-mrf-recirculation=\"Links P\u00e1rrafos\" class=\"ue-c-article__paragraph paragraph\"><strong>La Federaci\u00f3n Internacional de Tenis ha esperado a este martes para actualizar el ranking de la Copa Davis<\/strong>. La sorpresa ha llegado cuando Espa\u00f1a, una de las ocho clasificadas para la Final a 8 de Bolonia (18 al 23 de noviembre), <strong>se ha visto relegada al d\u00e9cimo puesto, bajando tres posiciones a pesar de haber igualado el resultado de 2024<\/strong>. Australia (2), Pa\u00edses Bajos (4) y Estados Unidos (5) se mantienen por delante de la selecci\u00f3n nacional y <strong>formaciones como Francia, Argentina y la Rep\u00fablica Checa la han pasado por el simple hecho de haber logrado el billete para las finales<\/strong>.\u00a0<\/p>\n<p data-mrf-recirculation=\"Links P\u00e1rrafos\" class=\"ue-c-article__paragraph paragraph\">Las consecuencias de esta clasificaci\u00f3n es que el equipo de David Ferrer <strong>no estar\u00e1 finalmente entre los cuatro cabezas de serie en el bombo<\/strong> del sorteo que se realizar\u00e1 este mi\u00e9rcoles en la Piazza Maggiore de Bolonia, que releva a M\u00e1laga como sede.\u00a0<\/p>\n<p data-mrf-recirculation=\"Links P\u00e1rrafos\" class=\"ue-c-article__paragraph paragraph\"><strong>Italia, Alemania, Francia y Argentina o Rep\u00fablica Checa partir\u00e1n como favoritos y Espa\u00f1a podr\u00eda jugar ya los cuartos con el equipo anfitri\u00f3n<\/strong> y campe\u00f3n de la Ensaladera las dos \u00faltimas ediciones.\u00a0<br \/>\u200b<\/p>\n<p>Cruces m\u00e1s complicados<\/p>\n<p data-mrf-recirculation=\"Links P\u00e1rrafos\" class=\"ue-c-article__paragraph paragraph\">De esta forma <strong>podr\u00eda haber un cruce entre Carlos Alcaraz y Jannik Sinner ya en los cuartos<\/strong>. Los dos mejores tenistas del planeta jugar\u00e1n la semana antes las ATP Finals de Tur\u00edn (9 al 16 de noviembre).\u00a0<\/p>\n<p data-mrf-recirculation=\"Links P\u00e1rrafos\" class=\"ue-c-article__paragraph paragraph\">Los otros posibles rivales de la &#8216;Armada&#8217; en el estreno son Francia, Alemania, Argentina o Chequia. Cabe recordar que el toledano Feliciano L\u00f3pez repite como director de la fase final de la m\u00e1xima competici\u00f3n por pa\u00edses.\u00a0<\/p>\n","protected":false},"excerpt":{"rendered":"La Federaci\u00f3n Internacional de Tenis ha esperado a este martes para actualizar el ranking de la Copa Davis.&hellip;\n","protected":false},"author":2,"featured_media":119351,"comment_status":"","ping_status":"","sticky":false,"template":"","format":"standard","meta":{"footnotes":""},"categories":[274],"tags":[168,25,24,23,167,327,326],"class_list":{"0":"post-119350","1":"post","2":"type-post","3":"status-publish","4":"format-standard","5":"has-post-thumbnail","7":"category-tenis","8":"tag-deportes","9":"tag-es","10":"tag-espana","11":"tag-spain","12":"tag-sports","13":"tag-tenis","14":"tag-tennis"},"share_on_mastodon":{"url":"","error":""},"_links":{"self":[{"href":"https:\/\/www.europesays.com\/es\/wp-json\/wp\/v2\/posts\/119350","targetHints":{"allow":["GET"]}}],"collection":[{"href":"https:\/\/www.europesays.com\/es\/wp-json\/wp\/v2\/posts"}],"about":[{"href":"https:\/\/www.europesays.com\/es\/wp-json\/wp\/v2\/types\/post"}],"author":[{"embeddable":true,"href":"https:\/\/www.europesays.com\/es\/wp-json\/wp\/v2\/users\/2"}],"replies":[{"embeddable":true,"href":"https:\/\/www.europesays.com\/es\/wp-json\/wp\/v2\/comments?post=119350"}],"version-history":[{"count":0,"href":"https:\/\/www.europesays.com\/es\/wp-json\/wp\/v2\/posts\/119350\/revisions"}],"wp:featuredmedia":[{"embeddable":true,"href":"https:\/\/www.europesays.com\/es\/wp-json\/wp\/v2\/media\/119351"}],"wp:attachment":[{"href":"https:\/\/www.europesays.com\/es\/wp-json\/wp\/v2\/media?parent=119350"}],"wp:term":[{"taxonomy":"category","embeddable":true,"href":"https:\/\/www.europesays.com\/es\/wp-json\/wp\/v2\/categories?post=119350"},{"taxonomy":"post_tag","embeddable":true,"href":"https:\/\/www.europesays.com\/es\/wp-json\/wp\/v2\/tags?post=119350"}],"curies":[{"name":"wp","href":"https:\/\/api.w.org\/{rel}","templated":true}]}}