{"id":119373,"date":"2025-09-16T19:24:18","date_gmt":"2025-09-16T19:24:18","guid":{"rendered":"https:\/\/www.europesays.com\/es\/119373\/"},"modified":"2025-09-16T19:24:18","modified_gmt":"2025-09-16T19:24:18","slug":"neurociencias-de-la-umh-de-elche-descubre-que-los-ritmos-cerebrales-desvelan-como-seleccionamos-rutas-para-procesar-informacion","status":"publish","type":"post","link":"https:\/\/www.europesays.com\/es\/119373\/","title":{"rendered":"Neurociencias de la UMH de Elche descubre que los ritmos cerebrales desvelan c\u00f3mo seleccionamos rutas para procesar informaci\u00f3n"},"content":{"rendered":"<p class=\"ft-text ft-helper-closenews\"><strong>El cerebro no siempre recurre a las mismas v\u00edas de comunicaci\u00f3n cuando recuerda algo conocido<\/strong> o se enfrenta a una situaci\u00f3n nueva. Un estudio internacional, coliderado por investigadores del Instituto de Neurociencias \u2014centro mixto de la <a class=\"ft-link ft-link--decoration\" href=\"https:\/\/www.informacion.es\/tags\/universidad-miguel-hernandez-de-elche\/\" rel=\"nofollow noopener\" target=\"_blank\">Universidad Miguel Hern\u00e1ndez de Elche<\/a> (UMH) y el Consejo Superior de Investigaciones Cient\u00edficas (CSIC)\u2014 revela que el sistema nervioso <strong>modula sus circuitos inhibitorios<\/strong> para elegir las rutas que emplea en el <a class=\"ft-link ft-link--decoration\" href=\"https:\/\/www.informacion.es\/elche\/2024\/09\/09\/estudio-neurociencias-ciencia-arquitectura-cerebro-107930050.html\" rel=\"nofollow noopener\" target=\"_blank\">procesamiento de la informaci\u00f3n<\/a>. Los resultados acaban de publicarse en la revista PLoS Computational Biology.<\/p>\n<p>Dos circuitos inhibitorios clave<\/p>\n<p class=\"ft-text\">La investigaci\u00f3n demuestra que <strong>la flexibilidad cerebral depende del equilibrio entre dos mecanismos inhibitorios<\/strong>, que regulan la interacci\u00f3n entre ritmos lentos (theta) y r\u00e1pidos (gamma). Gracias a este proceso, el cerebro selecciona distintas fuentes de informaci\u00f3n, bien de los <strong>est\u00edmulos externos<\/strong>, bien de la experiencia almacenada en la memoria.<\/p>\n<p class=\"ft-text\">El trabajo ha sido dirigido por <a class=\"ft-link ft-link--decoration\" href=\"https:\/\/www.informacion.es\/elche\/2024\/11\/19\/lopez-bendito-canals-completan-direccion-111831596.html\" rel=\"nofollow noopener\" target=\"_blank\">Santiago Canals<\/a>, del campus de Sant Joan d&#8217;Alacant de la UMH, y <strong>Claudio Mirasso<\/strong>, del Instituto de F\u00edsica Interdisciplinar y Sistemas Complejos (IFISC), centro mixto del CSIC y la Universitat de les Illes Balears.<\/p>\n<p><img decoding=\"async\" src=\"https:\/\/www.europesays.com\/es\/wp-content\/uploads\/2025\/09\/187c0791-f45a-4181-9d5f-e89e5c059ddc_alta-libre-aspect-ratio_default_0.jpg\" width=\"1200\" height=\"1200\" alt=\"Infograf\u00eda sobre el estudio de los ritmos cerebrales del Instituto de Neurociencias y la UMH de Elche\" class=\"ft-helper-img-rd\" loading=\"lazy\" hasdataaida=\"true\"\/><\/p>\n<p class=\"ft-helper-fontColor-quaternary ft-helper-fontSize-body-S ft-helper-spacer-t-xxs\">Infograf\u00eda sobre el estudio de los ritmos cerebrales del Instituto de Neurociencias y la UMH de Elche  \/ INFORMACI\u00d3N<\/p>\n<p class=\"ft-text\">Para llegar a estas conclusiones, los expertos combinaron modelos computacionales con registros experimentales en el hipocampo, regi\u00f3n esencial para la memoria y la navegaci\u00f3n. En entornos familiares, las neuronas favorecen un modo de comunicaci\u00f3n directo que transmite informaci\u00f3n desde la corteza entorrinal hacia el hipocampo, priorizando la reactivaci\u00f3n de recuerdos ya consolidados. En cambio, ante la novedad, el cerebro activa otro modo que <strong>integra recuerdos y est\u00edmulos recientes<\/strong>, dando prioridad a la actualizaci\u00f3n de la memoria.<\/p>\n<p>Comunicaci\u00f3n flexible y bidireccional<\/p>\n<p class=\"ft-text\">Hasta ahora se pensaba que la fase de los ritmos lentos organizaba la actividad r\u00e1pida. <strong>El nuevo estudio demuestra que la relaci\u00f3n es bidireccional<\/strong>: \u201cEste trabajo proporciona una explicaci\u00f3n mecanicista de c\u00f3mo el cerebro cambia de manera flexible los canales de comunicaci\u00f3n en funci\u00f3n del contexto\u201d, indica el investigador del IFISC Dimitrios Chalkiadakis, primer autor del art\u00edculo.<\/p>\n<p class=\"ft-text\"><strong>\u201cAjustando el equilibrio entre distintos tipos de inhibici\u00f3n, los circuitos pueden decidir qu\u00e9 entradas priorizar<\/strong>, ya vengan de v\u00edas relacionadas con la memoria o de nueva informaci\u00f3n sensorial\u201d, a\u00f1ade.<\/p>\n<p class=\"ft-text\">Mediante un marco te\u00f3rico que integra datos electrofisiol\u00f3gicos de ratas en entornos nuevos y conocidos, se identificaron dos modos de funcionamiento: la inhibici\u00f3n feedforward, que genera interacciones gamma-a-theta, y la inhibici\u00f3n feedback, que provoca interacciones theta-a-gamma. <strong>El estudio confirma que los circuitos neuronales implementan ambos modos de forma natural y que la transici\u00f3n entre ellos es continua<\/strong>, dependiendo \u00fanicamente de la fuerza de las conexiones sin\u00e1pticas.<\/p>\n<p><img decoding=\"async\" src=\"https:\/\/www.europesays.com\/es\/wp-content\/uploads\/2025\/09\/9eab653a-2ef1-4bc2-972b-0a0810e297ce_alta-libre-aspect-ratio_default_0.jpg\" width=\"1200\" height=\"801\" alt=\"Gr\u00e1fico del estudio realizado por profesores de la UMH de Elche y el Instituto de Neurociencias\" class=\"ft-helper-img-rd\" loading=\"lazy\" hasdataaida=\"true\"\/><\/p>\n<p class=\"ft-helper-fontColor-quaternary ft-helper-fontSize-body-S ft-helper-spacer-t-xxs\">Gr\u00e1fico del estudio realizado por profesores de la UMH de Elche y el Instituto de Neurociencias  \/ INFORMACI\u00d3N<\/p>\n<p>Aplicaciones a otras funciones cognitivas<\/p>\n<p class=\"ft-text\">El trabajo sugiere que esta coordinaci\u00f3n flexible tambi\u00e9n podr\u00eda aplicarse a otras funciones como la atenci\u00f3n. Investigaciones recientes en humanos muestran patrones compatibles con este modelo. <strong>\u201cNuestros resultados ayudan a unificar visiones contrapuestas sobre c\u00f3mo interaccionan los ritmos cerebrales de distinta frecuencia\u201d, explica Mirasso.<\/strong><\/p>\n<p class=\"ft-text\">\u201cEn lugar de ser puramente local o heredado de regiones anteriores, estos ritmos emergen de la interacci\u00f3n entre entradas externas y din\u00e1micas inhibitorias locales. <strong>Este doble mecanismo permite al cerebro optimizar el procesamiento de la informaci\u00f3n bajo diferentes condiciones\u201d, a\u00f1ade Canals.<\/strong><\/p>\n<p class=\"ft-text\">M\u00e1s all\u00e1 de la memoria y la navegaci\u00f3n, los hallazgos podr\u00edan extenderse a patolog\u00edas. El objetivo de los pr\u00f3ximos trabajos es ampliar el modelo para incluir mayor diversidad de tipos neuronales y arquitecturas espec\u00edficas de cada regi\u00f3n cerebral. <strong>Esto permitir\u00eda entender mejor c\u00f3mo se altera el equilibrio en enfermedades como epilepsia, <\/strong><a class=\"ft-link ft-link--decoration\" href=\"https:\/\/www.informacion.es\/elche\/2023\/12\/12\/instituto-neurociencias-demuestra-frenar-deterioro-95744749.html\" rel=\"nofollow noopener\" target=\"_blank\"><strong>adicciones <\/strong><\/a><strong>o Alzheimer.<\/strong> \u201cEstudiar estas din\u00e1micas a nivel mecanicista podr\u00eda, en \u00faltima instancia, inspirar nuevas estrategias de intervenci\u00f3n terap\u00e9utica\u201d, concluyen ambos autores.<\/p>\n<p class=\"ft-text\">El estudio ha sido <strong>financiado <\/strong>por el Ministerio de Ciencia, Innovaci\u00f3n y Universidades, a trav\u00e9s del programa de Proyectos de I+D+I (Generaci\u00f3n de Conocimiento y Retos de Investigaci\u00f3n), y por la Agencia Estatal de Investigaci\u00f3n mediante los programas de Centros de Excelencia Severo Ochoa y Unidades de Excelencia Mar\u00eda de Maeztu.<\/p>\n<p class=\"ft-text\">El art\u00edculo completo puede consultarse en: <a href=\"https:\/\/doi.org\/10.1371\/journal.pcbi.1013363\" class=\"ft-link ft-link--decoration\" rel=\"nofollow noopener\" target=\"_blank\">DOI: 10.1371\/journal.pcbi.1013363<\/a><\/p>\n<p data-close=\"closedContent\" class=\"subscribeHideForDisplay\">Suscr\u00edbete para seguir leyendo<\/p>\n","protected":false},"excerpt":{"rendered":"El cerebro no siempre recurre a las mismas v\u00edas de comunicaci\u00f3n cuando recuerda algo conocido o se enfrenta&hellip;\n","protected":false},"author":2,"featured_media":119374,"comment_status":"","ping_status":"","sticky":false,"template":"","format":"standard","meta":{"footnotes":""},"categories":[92],"tags":[39577,10885,2670,2006,25,24,165,39578,911,39576,6192,28233,8341,166,23,2752,35475,39579],"class_list":{"0":"post-119373","1":"post","2":"type-post","3":"status-publish","4":"format-standard","5":"has-post-thumbnail","7":"category-salud","8":"tag-canals","9":"tag-cerebrales","10":"tag-cerebro","11":"tag-elche","12":"tag-es","13":"tag-espana","14":"tag-health","15":"tag-instituto-de-neurociencias","16":"tag-memoria","17":"tag-neurociencias","18":"tag-region","19":"tag-ritmos","20":"tag-rutas","21":"tag-salud","22":"tag-spain","23":"tag-trabajo","24":"tag-umh","25":"tag-universidad-miguel-hernandez"},"share_on_mastodon":{"url":"","error":""},"_links":{"self":[{"href":"https:\/\/www.europesays.com\/es\/wp-json\/wp\/v2\/posts\/119373","targetHints":{"allow":["GET"]}}],"collection":[{"href":"https:\/\/www.europesays.com\/es\/wp-json\/wp\/v2\/posts"}],"about":[{"href":"https:\/\/www.europesays.com\/es\/wp-json\/wp\/v2\/types\/post"}],"author":[{"embeddable":true,"href":"https:\/\/www.europesays.com\/es\/wp-json\/wp\/v2\/users\/2"}],"replies":[{"embeddable":true,"href":"https:\/\/www.europesays.com\/es\/wp-json\/wp\/v2\/comments?post=119373"}],"version-history":[{"count":0,"href":"https:\/\/www.europesays.com\/es\/wp-json\/wp\/v2\/posts\/119373\/revisions"}],"wp:featuredmedia":[{"embeddable":true,"href":"https:\/\/www.europesays.com\/es\/wp-json\/wp\/v2\/media\/119374"}],"wp:attachment":[{"href":"https:\/\/www.europesays.com\/es\/wp-json\/wp\/v2\/media?parent=119373"}],"wp:term":[{"taxonomy":"category","embeddable":true,"href":"https:\/\/www.europesays.com\/es\/wp-json\/wp\/v2\/categories?post=119373"},{"taxonomy":"post_tag","embeddable":true,"href":"https:\/\/www.europesays.com\/es\/wp-json\/wp\/v2\/tags?post=119373"}],"curies":[{"name":"wp","href":"https:\/\/api.w.org\/{rel}","templated":true}]}}