{"id":119379,"date":"2025-09-16T19:27:08","date_gmt":"2025-09-16T19:27:08","guid":{"rendered":"https:\/\/www.europesays.com\/es\/119379\/"},"modified":"2025-09-16T19:27:08","modified_gmt":"2025-09-16T19:27:08","slug":"el-nuevo-presidente-de-nestle-apuesta-por-el-crecimiento-organico-de-las-ventas","status":"publish","type":"post","link":"https:\/\/www.europesays.com\/es\/119379\/","title":{"rendered":"El nuevo presidente de Nestl\u00e9 apuesta por el crecimiento org\u00e1nico de las ventas"},"content":{"rendered":"\n<p class=\"yf-1090901\">Z\u00daRICH, 16 sep (Reuters) &#8211; El nuevo presidente de Nestl\u00e9, Pablo Isla, y el CEO, Philipp Navratil, se comprometieron a impulsar el crecimiento org\u00e1nico del gigante suiza de la alimentaci\u00f3n, adem\u00e1s de generar eficiencias e invertir en sus marcas, declar\u00f3 un portavoz.<\/p>\n<p class=\"yf-1090901\">\u00abEl nuevo equipo se ha comprometido a acelerar nuestros resultados\u00bb, declar\u00f3 el portavoz tras anunciarse el martes la salida por sorpresa del presidente Paul Bulcke.<\/p>\n<p class=\"yf-1090901\">(Reportaje de John Revill; Editado en espa\u00f1ol por Natalia Ramos)<\/p>\n","protected":false},"excerpt":{"rendered":"Z\u00daRICH, 16 sep (Reuters) &#8211; El nuevo presidente de Nestl\u00e9, Pablo Isla, y el CEO, Philipp Navratil, se&hellip;\n","protected":false},"author":2,"featured_media":119380,"comment_status":"","ping_status":"","sticky":false,"template":"","format":"standard","meta":{"footnotes":""},"categories":[80],"tags":[82,8112,95,94,25,24,39582,27477,32140,39581,39580,23,28604],"class_list":{"0":"post-119379","1":"post","2":"type-post","3":"status-publish","4":"format-standard","5":"has-post-thumbnail","7":"category-economia","8":"tag-business","9":"tag-crecimiento","10":"tag-economia","11":"tag-economy","12":"tag-es","13":"tag-espana","14":"tag-natalia-ramos","15":"tag-nestle","16":"tag-pablo-isla","17":"tag-paul-bulcke","18":"tag-philipp-navratil","19":"tag-spain","20":"tag-zurich"},"share_on_mastodon":{"url":"","error":""},"_links":{"self":[{"href":"https:\/\/www.europesays.com\/es\/wp-json\/wp\/v2\/posts\/119379","targetHints":{"allow":["GET"]}}],"collection":[{"href":"https:\/\/www.europesays.com\/es\/wp-json\/wp\/v2\/posts"}],"about":[{"href":"https:\/\/www.europesays.com\/es\/wp-json\/wp\/v2\/types\/post"}],"author":[{"embeddable":true,"href":"https:\/\/www.europesays.com\/es\/wp-json\/wp\/v2\/users\/2"}],"replies":[{"embeddable":true,"href":"https:\/\/www.europesays.com\/es\/wp-json\/wp\/v2\/comments?post=119379"}],"version-history":[{"count":0,"href":"https:\/\/www.europesays.com\/es\/wp-json\/wp\/v2\/posts\/119379\/revisions"}],"wp:featuredmedia":[{"embeddable":true,"href":"https:\/\/www.europesays.com\/es\/wp-json\/wp\/v2\/media\/119380"}],"wp:attachment":[{"href":"https:\/\/www.europesays.com\/es\/wp-json\/wp\/v2\/media?parent=119379"}],"wp:term":[{"taxonomy":"category","embeddable":true,"href":"https:\/\/www.europesays.com\/es\/wp-json\/wp\/v2\/categories?post=119379"},{"taxonomy":"post_tag","embeddable":true,"href":"https:\/\/www.europesays.com\/es\/wp-json\/wp\/v2\/tags?post=119379"}],"curies":[{"name":"wp","href":"https:\/\/api.w.org\/{rel}","templated":true}]}}