{"id":119391,"date":"2025-09-16T19:41:08","date_gmt":"2025-09-16T19:41:08","guid":{"rendered":"https:\/\/www.europesays.com\/es\/119391\/"},"modified":"2025-09-16T19:41:08","modified_gmt":"2025-09-16T19:41:08","slug":"sylvan-adams-la-persona-que-mueve-los-hilos-e-impulsa-con-sus-millones-el-equipo-ciclista-israel-premier-tech","status":"publish","type":"post","link":"https:\/\/www.europesays.com\/es\/119391\/","title":{"rendered":"Sylvan Adams, la persona que mueve los hilos e impulsa con sus millones el equipo ciclista Israel-Premier Tech"},"content":{"rendered":"<p data-gtm-element-container=\"modulo-texto-link\" class=\"paragraph\">Sin lugar a dudas, el gran protagonista de esta edici\u00f3n ya concluida ha sido el equipo <strong>Israel Premier Tech<\/strong>. Su presencia en la ronda espa\u00f1ola ha levantado ampollas y ha sido en la mayor de las medidas el causante de todas las protestas propalestina que se produjeron. Esta escuadra disput\u00f3 la prueba al ser uno de los dos mejores<strong> UCI ProTeams<\/strong> en el ranking UCI de 2024, lo que le otorgaba pleno derecho para disputar la carrera, cape\u00f3 como pudo el temporal vivido a su alrededor y acab\u00f3 subiendo a lo m\u00e1s alto del podio gracias al estadounidense<strong> Matthew Riccitello<\/strong> al ser el mejor joven de la carrera, adem\u00e1s de ganar 52.000 euros en premios al cierre de la prueba.<\/p>\n<p>                <img loading=\"lazy\" decoding=\"async\" data-full-src=\"https:\/\/www.mundodeportivo.com\/uploads\/2022\/12\/06\/638f68145f70d.jpeg\" alt=\"Sylvan Adams, el segundo por la derecha de la foto, en el Tour\" width=\"449\" height=\"291\" src=\"https:\/\/www.europesays.com\/es\/wp-content\/uploads\/2025\/09\/638f68145f70d.r_d.442-311.jpeg\" class=\"lazy\"\/><\/p>\n<p class=\"caption-title \">Sylvan Adams, el segundo por la derecha de la foto, en una edici\u00f3n del Tour<\/p>\n<p>                    FACEBOOK<\/p>\n<p data-gtm-element-container=\"modulo-texto-link\" class=\"paragraph\">Pese a todo la pol\u00e9mica generada, la presencia del equipo en<strong> La Vuelta <\/strong>no era nueva. En el 2020 fue el \u00fanico equipo debutante en la carrera, despu\u00e9s de que ocuparan la plaza de <strong>Katusha <\/strong>en la m\u00e1xima categor\u00eda del ciclismo y heredaran de los suizos parte de su estructura y sus corredores, y su debut se sald\u00f3 de forma muy positiva, con un nombre propio a la cabeza, el de<strong> Dan Martin<\/strong>. El irland\u00e9s logr\u00f3 un triunfo de etapa en una llegada en alto in\u00e9dita: La <strong>Laguna Negra &#8211; Vinuesa<\/strong>, y se qued\u00f3 a las puertas del podio en la general. En 2022, la empresa canadiense <strong>Premier Tech <\/strong>pas\u00f3 de copatrocinar el equipo Astan\u00e1 a hacerlo con los israel\u00edes, pero ese mismo a\u00f1o se constat\u00f3 su descenso de categor\u00eda, un paso atr\u00e1s que no gust\u00f3 nada a<strong> Sylvan Adams<\/strong>, el millonario israel\u00ed-canadiense de 66 a\u00f1os que decidi\u00f3 regresar a sus or\u00edgenes y aprovechar el altavoz y la magia del ciclismo.<\/p>\n<blockquote>\n<p>        Hijo del magnate inmobiliario Marcel Adams \u2013superviviente del Holocausto nazi\u2013, Sylvan naci\u00f3 y creci\u00f3 en Canad\u00e1. Durante 30 a\u00f1os fue presidente y CEO de Iberville Developments, una de las mayores compa\u00f1\u00edas inmobiliarias canadienses<\/p>\n<\/blockquote>\n<p data-gtm-element-container=\"modulo-texto-link\" class=\"paragraph\">Hasta el 2014 pocas personas hab\u00edan o\u00eddo hablar de <strong>Sylvan Adams<\/strong>. Hijo del magnate inmobiliario <strong>Marcel Adams <\/strong>\u2013superviviente del Holocausto nazi\u2013, Sylvan naci\u00f3 y creci\u00f3 en Canad\u00e1. Durante 30 a\u00f1os fue presidente y<strong> CEO de Iberville Developments<\/strong>, una de las mayores compa\u00f1\u00edas inmobiliarias canadienses, y en el 2015 decidi\u00f3 establecerse en Israel junto a su mujer, sintiendo que con el dinero que hab\u00eda ganado ten\u00eda que hacer algo productivo por el pa\u00eds que tanto amaba. \u201cVine a Israel para dedicar el pr\u00f3ximo cap\u00edtulo de mi vida a promover este maravilloso pa\u00eds. Quiero mostrar el verdadero Israel\u201d, dijo entonces.<\/p>\n<p>El origen de todo<\/p>\n<p data-gtm-element-container=\"modulo-texto-link\" class=\"paragraph\">En la primavera de 2014, dos ciclistas se encontraron en la<strong> cumbre de Nes-Harim<\/strong>, una de las ascensiones m\u00e1s populares cerca de Jerusal\u00e9n. Uno de ellos era el<strong> empresario israel\u00ed Ron Baron <\/strong>y otro el ciclista <strong>Ran Magaliot<\/strong>, quien hab\u00eda finalizado su carrera sin poder convertirse en el primer corredor israel\u00ed en disputar un Tour de Francia. Hablaron largo y tenido y seis meses despu\u00e9s nac\u00eda el <strong>Israel Cycling Academy,<\/strong> el primer equipo profesional de ciclismo en Israel, con la idea de ayudar a los j\u00f3venes ciclistas con talento. Y poco despu\u00e9s se uni\u00f3<strong> Sylvan Adams<\/strong> como copropietario. El equipo adquiri\u00f3 la categor\u00eda Continental Pro y ya tuvo una mayor visibilidad, aunque el espaldarazo definitivo iba a venir en 2018, cuando una gran vuelta ciclista, el Giro de Italia, iba a empezar a rodar por primera vez fuera de Europa, en una operaci\u00f3n que cost\u00f3 m\u00e1s de diez millones de euros. Lo hizo con tres etapas y gracias a Adams. Un mill\u00f3n de israel\u00edes salieron a la calle para disfrutar de la Corsa Rosa y a principios de 2019 el equipo ya ten\u00eda 30 ciclistas de 18 pa\u00edses y hab\u00eda logrado 29 victorias, encontrando en el fichaje de <strong>Chris Froome<\/strong>, una estrella del pelot\u00f3n, el mejor reclamo.<\/p>\n<blockquote>\n<p>        Financi\u00f3 con un mill\u00f3n de d\u00f3lares la actuaci\u00f3n de Madonna en la gala final de Eurovisi\u00f3n en Tel Aviv<\/p>\n<\/blockquote>\n<p data-gtm-element-container=\"modulo-texto-link\" class=\"paragraph\">Desde su llegada a Israel, Adams se autodenomin\u00f3 \u2018embajador autoproclamado en misi\u00f3n especial para Israel\u2019. \u201cEn este puesto, su misi\u00f3n filantr\u00f3pica es promover su pa\u00eds adoptivo, tanto en el extranjero como dentro del pa\u00eds, de formas creativas e innovadoras, acorde con la energ\u00eda y el esp\u00edritu de Israel, la Naci\u00f3n de las Startups. Varios de sus proyectos est\u00e1n relacionados con actividades deportivas, ya que cree que dicha participaci\u00f3n puede tender puentes y forjar nuevas amistades\u201d, dice en la web del equipo.<\/p>\n<p>M\u00e1s all\u00e1 del ciclismo<\/p>\n<p data-gtm-element-container=\"modulo-texto-link\" class=\"paragraph\">Necesitar\u00edamos buen a parte del espacio que ocupa MD en el iberespacio para enumerar todas las iniciativas que ha liderado <strong>Sylvan Adams<\/strong>, quien tambi\u00e9n tiene su vertiente deportiva.  Se inici\u00f3 en el ciclismo a los 41 a\u00f1os como corredor de categor\u00eda m\u00e1ster en Canad\u00e1, donde vivi\u00f3 hasta emigrar a Israel a finales de 2015, con seis t\u00edtulos conseguidos. Adem\u00e1s, logr\u00f3 cuatro oros panamericanos, cuatro medallas de oro en las \u2018Maccabiah\u2019 (Juegos Ol\u00edmpicos jud\u00edos) y dos t\u00edtulos mundiales.<\/p>\n<p>        Lee tambi\u00e9n<\/p>\n<p>    Celes Piedrabuena<\/p>\n<p>             <img loading=\"lazy\" decoding=\"async\" data-full-src=\"https:\/\/www.mundodeportivo.com\/uploads\/2025\/09\/04\/68b9c4aee8a29.jpeg\" alt=\"Horizontal\" width=\"334\" height=\"164\" src=\"https:\/\/www.europesays.com\/es\/wp-content\/uploads\/2025\/09\/1758051666_853_68b9c4aee8a29.jpeg\" class=\"lazy\"\/><\/p>\n<p>        Lee tambi\u00e9n<\/p>\n<p>    Celes Piedrabuena<\/p>\n<p>             <img loading=\"lazy\" decoding=\"async\" data-full-src=\"https:\/\/www.mundodeportivo.com\/uploads\/2025\/09\/15\/68c840d6941ec.jpeg\" alt=\"Una imagen de la etapa de ayer\" width=\"334\" height=\"164\" src=\"https:\/\/www.europesays.com\/es\/wp-content\/uploads\/2025\/09\/68c840d6941ec.r_d.2420-1613.jpeg\" class=\"lazy\"\/><\/p>\n<p data-gtm-element-container=\"modulo-texto-link\" class=\"paragraph\">Se rasc\u00f3 el bolsillo, por no decir los dos, para que <strong>Argentina y Uruguay<\/strong> jugaran un amistoso en Israel, financi\u00f3 con un mill\u00f3n de d\u00f3lares la actuaci\u00f3n de Madonna en la gala final de Eurovisi\u00f3n en Tel Aviv, construy\u00f3 el primer vel\u00f3dromo de Oriente Pr\u00f3ximo, cre\u00f3 un canal de carriles bici en Tel Aviv con la idea de convertirla en la Amsterdam de Oriente Medio y ayud\u00f3 a levantar un Hospital Infantil en Holon una sala de emergencias en el hospital principal de Tel Aviv, entre otras acciones.<\/p>\n<p>Salto de calidad en el 2026<\/p>\n<p data-gtm-element-container=\"modulo-texto-link\" class=\"paragraph\">A partir del 1 de enero de 2026 seguro que la sonrisa vuelve a su rostro con una mayor fuerza, ya que el equipo deber\u00eda volver a la m\u00e1xima divisi\u00f3n ciclista internacional, lo que elevar\u00eda su status y se rumorea que la palabra Israel desaparecer\u00eda de su maillot, lo que sin duda contribuir\u00eda a rebajar la tensi\u00f3n existente.<\/p>\n<p>        Lee tambi\u00e9n<\/p>\n<p>    EFE<\/p>\n<p>             <img loading=\"lazy\" decoding=\"async\" data-full-src=\"https:\/\/www.mundodeportivo.com\/uploads\/2024\/04\/28\/662ded85896d0.jpeg\" alt=\"Jos\u00e9 Manuel Rodr\u00edguez Uribes, presidente del CSD\" width=\"334\" height=\"164\" src=\"https:\/\/www.europesays.com\/es\/wp-content\/uploads\/2025\/09\/662ded85896d0.r_d.1874-1049.jpeg\" class=\"lazy\"\/><\/p>\n<p>        Lee tambi\u00e9n<\/p>\n<p>    Celes Piedrabuena<\/p>\n<p>             <img loading=\"lazy\" decoding=\"async\" data-full-src=\"https:\/\/www.mundodeportivo.com\/uploads\/2025\/09\/15\/68c815b116510.jpeg\" alt=\"Los elegidos para el Mundial\" width=\"334\" height=\"164\" src=\"https:\/\/www.europesays.com\/es\/wp-content\/uploads\/2025\/09\/68c815b116510.r_d.454-443.jpeg\" class=\"lazy\"\/><\/p>\n<p data-gtm-element-container=\"modulo-texto-link\" class=\"paragraph\">En la actualidad, el equipo lo forman un total de 32 ciclistas, de los que s\u00f3lo tres son israel\u00edes: <strong>Itamar Einhorn<\/strong> (27 a\u00f1os), que acaba contrato este a\u00f1o con el equipo; <strong>Oded Kogut<\/strong> (24 a\u00f1os), con cuatro victorias y al que tambi\u00e9n le vence el contrato el 31 de diciembre; y <strong>Nadav Raisberg <\/strong>(24 a\u00f1os), sin estrenar y con cero triunfos. En lo que se lleva disputado de temporada, el <strong>Israel-Premier Tech<\/strong> ha logrado un total de 20 victorias: tres de ellas en Espa\u00f1a, dos en <strong>O Gran Cami\u00f1o<\/strong> y una en la<strong> Volta Ciclista a Catalunya<\/strong>; las \u00faltimas cuatro gracias a <strong>Corbin Strong y<\/strong> dos de ellas del m\u00e1ximo nivel, la de la Volta y la del<strong> Crit\u00e9rium del Dauphin\u00e9<\/strong><\/p>\n","protected":false},"excerpt":{"rendered":"Sin lugar a dudas, el gran protagonista de esta edici\u00f3n ya concluida ha sido el equipo Israel Premier&hellip;\n","protected":false},"author":2,"featured_media":119392,"comment_status":"","ping_status":"","sticky":false,"template":"","format":"standard","meta":{"footnotes":""},"categories":[273],"tags":[313,312,168,25,24,23,167],"class_list":{"0":"post-119391","1":"post","2":"type-post","3":"status-publish","4":"format-standard","5":"has-post-thumbnail","7":"category-ciclismo","8":"tag-ciclismo","9":"tag-cycling","10":"tag-deportes","11":"tag-es","12":"tag-espana","13":"tag-spain","14":"tag-sports"},"share_on_mastodon":{"url":"","error":""},"_links":{"self":[{"href":"https:\/\/www.europesays.com\/es\/wp-json\/wp\/v2\/posts\/119391","targetHints":{"allow":["GET"]}}],"collection":[{"href":"https:\/\/www.europesays.com\/es\/wp-json\/wp\/v2\/posts"}],"about":[{"href":"https:\/\/www.europesays.com\/es\/wp-json\/wp\/v2\/types\/post"}],"author":[{"embeddable":true,"href":"https:\/\/www.europesays.com\/es\/wp-json\/wp\/v2\/users\/2"}],"replies":[{"embeddable":true,"href":"https:\/\/www.europesays.com\/es\/wp-json\/wp\/v2\/comments?post=119391"}],"version-history":[{"count":0,"href":"https:\/\/www.europesays.com\/es\/wp-json\/wp\/v2\/posts\/119391\/revisions"}],"wp:featuredmedia":[{"embeddable":true,"href":"https:\/\/www.europesays.com\/es\/wp-json\/wp\/v2\/media\/119392"}],"wp:attachment":[{"href":"https:\/\/www.europesays.com\/es\/wp-json\/wp\/v2\/media?parent=119391"}],"wp:term":[{"taxonomy":"category","embeddable":true,"href":"https:\/\/www.europesays.com\/es\/wp-json\/wp\/v2\/categories?post=119391"},{"taxonomy":"post_tag","embeddable":true,"href":"https:\/\/www.europesays.com\/es\/wp-json\/wp\/v2\/tags?post=119391"}],"curies":[{"name":"wp","href":"https:\/\/api.w.org\/{rel}","templated":true}]}}