{"id":119395,"date":"2025-09-16T19:43:10","date_gmt":"2025-09-16T19:43:10","guid":{"rendered":"https:\/\/www.europesays.com\/es\/119395\/"},"modified":"2025-09-16T19:43:10","modified_gmt":"2025-09-16T19:43:10","slug":"henri-drell-completa-la-plantilla-del-joventut","status":"publish","type":"post","link":"https:\/\/www.europesays.com\/es\/119395\/","title":{"rendered":"Henri Drell completa la plantilla del Joventut"},"content":{"rendered":"<p class=\"ft-text\"><a class=\"ft-link ft-link--decoration\" href=\"https:\/\/www.sport.es\/es\/noticias\/baloncesto\/primera-exhibicion-ricky-rubio-regreso-121510280\" rel=\"nofollow noopener\" target=\"_blank\"><strong>El Joventut Badalona<\/strong><\/a> anunci\u00f3 que cierra su plantilla para la temporada 2025-26 con el fichaje del alero estonio <strong>Henri Drell,<\/strong> que ha firmado un contrato por dos meses, con opci\u00f3n de renovar hasta final de temporada.<\/p>\n<p class=\"ft-text\">Drell (2,06 metros y 25 a\u00f1os) se incorporar\u00e1 de manera inmediata a los entrenamientos bajo las \u00f3rdenes del t\u00e9cnico del equipo verdinegro, <strong>Dani Miret.<\/strong><\/p>\n<p class=\"ft-text\">El alero b\u00e1ltico llega a Badalona despu\u00e9s de un intento frustrado la temporada pasada de ficharle por parte del club catal\u00e1n, ya que en su momento gan\u00f3 la pugna <strong>La Laguna Tenerife.<\/strong><\/p>\n<p class=\"ft-text\">En el club tinerfe\u00f1o, Drell acab\u00f3 la temporada con unos promedios de <strong>3,6 puntos y 1,3 rebotes.<\/strong> Pese a su poco protagonismo con <strong>Txus Vidorreta,<\/strong> s\u00ed que lo tiene en su selecci\u00f3n nacional, donde ha sido pieza clave en el \u00faltimo Eurobasket, con 8,8 puntos y 2,8 rebotes por choque.<\/p>\n","protected":false},"excerpt":{"rendered":"El Joventut Badalona anunci\u00f3 que cierra su plantilla para la temporada 2025-26 con el fichaje del alero estonio&hellip;\n","protected":false},"author":2,"featured_media":119396,"comment_status":"","ping_status":"","sticky":false,"template":"","format":"standard","meta":{"footnotes":""},"categories":[269],"tags":[15725,299,298,168,39586,25,24,557,2360,4079,23,167],"class_list":{"0":"post-119395","1":"post","2":"type-post","3":"status-publish","4":"format-standard","5":"has-post-thumbnail","7":"category-baloncesto","8":"tag-badalona","9":"tag-baloncesto","10":"tag-basketball","11":"tag-deportes","12":"tag-drell","13":"tag-es","14":"tag-espana","15":"tag-fichaje","16":"tag-henri","17":"tag-joventut","18":"tag-spain","19":"tag-sports"},"share_on_mastodon":{"url":"","error":""},"_links":{"self":[{"href":"https:\/\/www.europesays.com\/es\/wp-json\/wp\/v2\/posts\/119395","targetHints":{"allow":["GET"]}}],"collection":[{"href":"https:\/\/www.europesays.com\/es\/wp-json\/wp\/v2\/posts"}],"about":[{"href":"https:\/\/www.europesays.com\/es\/wp-json\/wp\/v2\/types\/post"}],"author":[{"embeddable":true,"href":"https:\/\/www.europesays.com\/es\/wp-json\/wp\/v2\/users\/2"}],"replies":[{"embeddable":true,"href":"https:\/\/www.europesays.com\/es\/wp-json\/wp\/v2\/comments?post=119395"}],"version-history":[{"count":0,"href":"https:\/\/www.europesays.com\/es\/wp-json\/wp\/v2\/posts\/119395\/revisions"}],"wp:featuredmedia":[{"embeddable":true,"href":"https:\/\/www.europesays.com\/es\/wp-json\/wp\/v2\/media\/119396"}],"wp:attachment":[{"href":"https:\/\/www.europesays.com\/es\/wp-json\/wp\/v2\/media?parent=119395"}],"wp:term":[{"taxonomy":"category","embeddable":true,"href":"https:\/\/www.europesays.com\/es\/wp-json\/wp\/v2\/categories?post=119395"},{"taxonomy":"post_tag","embeddable":true,"href":"https:\/\/www.europesays.com\/es\/wp-json\/wp\/v2\/tags?post=119395"}],"curies":[{"name":"wp","href":"https:\/\/api.w.org\/{rel}","templated":true}]}}